{"id":8102,"date":"2017-09-15T06:00:59","date_gmt":"2017-09-15T04:00:59","guid":{"rendered":"http:\/\/www.webnauta.it\/wordpress\/?p=8102"},"modified":"2018-12-28T19:39:12","modified_gmt":"2018-12-28T18:39:12","slug":"radionauta-prima-di-webnauta","status":"publish","type":"post","link":"https:\/\/www.webnauta.it\/wordpress\/radionauta-prima-di-webnauta\/","title":{"rendered":"[Radionauta] prima di webnauta"},"content":{"rendered":"<p>Ma da dove esce il nome webnauta? In questi due anni me l&#8217;hanno chiesto in molti. Nel senso letterale, \u00e8 un astronauta della grande rete ma, nonostante non ci sia un&#8217;associazione immediata con la scrittura, non ho avuto il coraggio di lasciarlo andare. In fondo, il <span style=\"color: #ff0000;\"><strong>webnauta sono io<\/strong><\/span>, non c&#8217;\u00e8 definizione che mi calzi meglio di questa.<br \/>\nQuando registrai questo dominio, il web non era certo cos\u00ec florido come lo conoscete ora. Eravamo in pochissimi, qualcuno per hobby, qualcuno per studio, a solcare su questo mare, le imbarcazioni erano modestissime e ancora poche le isole dove poter attraccare. Ma volevo che fosse il mio lavoro e come tale mi serviva un biglietto da visita, bello e funzionale, questa era l&#8217;idea. Occorreva un nome semplice da ricordare (i migliori, dicevano, sono i domini con soli 3 caratteri, le strutture di quei tempi non consentivano nemmeno la variet\u00e0 di oggi), associabile all&#8217;esploratore di nuove frontiere tecnologiche. Sebbene ci fosse infinita scelta, quel nome non era facile da trovare.<br \/>\nAvevo poi da poco chiuso nel cassetto, con dispiacere, un altro progetto e volevo conservarne lo slancio.<\/p>\n<p>Quello stesso cassetto l&#8217;ho riaperto pochi mesi fa, quando il mio amico Giancarlo <a href=\"https:\/\/www.youtube.com\/user\/GiankySalinas\" target=\"_blank\" rel=\"noopener\"><strong>Gianky Salinas<\/strong><\/a>\u00a0mi chiede se pu\u00f2 citarmi in una sua intervista per il blog <a href=\"https:\/\/decadancebook.wordpress.com\/2017\/05\/12\/la-passione-per-radio-deejay-fatta-persona-giankysalinas\/\" target=\"_blank\" rel=\"noopener\"><strong>Decadance<\/strong><\/a>\u00a0. E l\u00ec \u00e8 scattata la molla che tiene chiusi i ricordi, ed \u00e8 stato un attimo accendere il computer e recuperare dai vecchissimi backup tutti i file di quel progetto.<br \/>\nPerch\u00e9 io, all&#8217;epoca, volevo fare la deejay&#8230; e <span style=\"color: #ff0000;\"><strong>[Radionauta]<\/strong><\/span> era una parte di me!<\/p>\n<p>&nbsp;<\/p>\n<p><!--more--><\/p>\n<p>&nbsp;<\/p>\n<h2><span style=\"color: #ff0000;\">Cresciuta a mouse, cioccolata e DeeJay!<\/span><\/h2>\n<p>Quelli di Radio DeeJay li ho sentiti per la prima volta nel 1992: mio padre mi regal\u00f2 un nuovissimo stereo Sony, casse rigorosamente in legno, e finalmente riuscivo a prendere anch&#8217;io la frequenza 89.30 quasi senza disturbi (c&#8217;erano giorni con il divieto di salire le scale, senn\u00f2 non sento niente, grazie!)<br \/>\nLa mia era la stagione del <strong><span style=\"color: #ff0000;\">DeeJay Time<\/span><\/strong> con Albertino, Fargetta, Molella e Prezioso, quella musica unz-unz che serviva a non spaccare i libri dopo i compiti e le interrogazioni della mattina, quel sano relax musicale dopo pranzo, prima di scendere nuovamente a patti con lo studio.<br \/>\nAll&#8217;universit\u00e0 sono cambiati i ritmi e dato che frequentavo al pomeriggio, mi sono ritrovata ad ascoltare di mattina lo zio Linus e il suo <strong><span style=\"color: #ff0000;\">DeeJay Chiama Italia<\/span><\/strong>. Io crescevo e pure l&#8217;unz-unz iniziava a starmi stretto. Uno dei miei appuntamenti preferiti in quel nuovo orario? Il gioved\u00ec mattina c&#8217;era <strong><span style=\"color: #ff0000;\">La mezz&#8217;ora Daria<\/span><\/strong> con Daria Bignardi, che presentava le nuove uscite librarie della settimana. E&#8217; difficile infatti che in una radio commerciale si parli di libri, in pochi lo fanno.<br \/>\nNon c&#8217;era la rete, non c&#8217;era lo streaming, non c&#8217;era YouTube, non c&#8217;era nemmeno il sito. Niente repliche, niente trascrizione del parlato.<br \/>\nO l&#8217;ascoltavi, o l&#8217;ascoltavi.<br \/>\nQuesta era la radio, prima del web.<\/p>\n<figure id=\"attachment_8100\" aria-describedby=\"caption-attachment-8100\" style=\"width: 361px\" class=\"wp-caption aligncenter\"><a href=\"http:\/\/www.webnauta.it\/wordpress\/wp-content\/uploads\/2017\/09\/DeeJay_makes-difference_spot.jpg\"><img loading=\"lazy\" decoding=\"async\" class=\"wp-image-8100\" src=\"http:\/\/www.webnauta.it\/wordpress\/wp-content\/uploads\/2017\/09\/DeeJay_makes-difference_spot.jpg\" alt=\"\" width=\"361\" height=\"485\" srcset=\"https:\/\/www.webnauta.it\/wordpress\/wp-content\/uploads\/2017\/09\/DeeJay_makes-difference_spot.jpg 1526w, https:\/\/www.webnauta.it\/wordpress\/wp-content\/uploads\/2017\/09\/DeeJay_makes-difference_spot-224x300.jpg 224w, https:\/\/www.webnauta.it\/wordpress\/wp-content\/uploads\/2017\/09\/DeeJay_makes-difference_spot-768x1031.jpg 768w, https:\/\/www.webnauta.it\/wordpress\/wp-content\/uploads\/2017\/09\/DeeJay_makes-difference_spot-763x1024.jpg 763w, https:\/\/www.webnauta.it\/wordpress\/wp-content\/uploads\/2017\/09\/DeeJay_makes-difference_spot-600x805.jpg 600w, https:\/\/www.webnauta.it\/wordpress\/wp-content\/uploads\/2017\/09\/DeeJay_makes-difference_spot-134x180.jpg 134w\" sizes=\"auto, (max-width: 361px) 100vw, 361px\" \/><\/a><figcaption id=\"caption-attachment-8100\" class=\"wp-caption-text\"><em>Questo \u00e8 un vecchio spot, che ho riciclato&#8230;<\/em><\/figcaption><\/figure>\n<p>&nbsp;<\/p>\n<p>C&#8217;erano le compilation, i diari scolastici, cappellini e magliette in regalo al Premio Fedelt\u00e0, gli adesivi che si riuscivano a racimolare dai banconi dei negozi di dischi (c&#8217;erano ancora i dischi in vinile, le musicassette, il walkman!), i free pass delle discoteche collezionati come le figurine dei calciatori. Ma un anno, era il 1995, usc\u00ec in allegato a La Repubblica <span style=\"color: #ff0000;\"><strong>[Radionauta1]<\/strong><\/span>, il primissimo cd-rom multimediale, il primo gioco interattivo con tutti gli speaker della radio nel ruolo di attori in un fantascientifico universo, su tre pianeti musicali diversi.<br \/>\nIn offerta, come usava allora, 30 giorni di accesso gratis ad internet, le primissime connessioni. La radio sbarcava in rete e in video (in televisione c&#8217;erano gi\u00e0 stati con DeeJay Television, ma io me l&#8217;ero perso, negli anni &#8217;80 guardavo ancora i cartoni di Bim Bum Bam!)<br \/>\nMa possibile che non ci fosse ancora un fans club a cui iscriversi?!<\/p>\n<p><a href=\"http:\/\/www.webnauta.it\/wordpress\/wp-content\/uploads\/2017\/09\/Radionauta_cd_cover.jpg\"><img loading=\"lazy\" decoding=\"async\" class=\" wp-image-8101 aligncenter\" src=\"http:\/\/www.webnauta.it\/wordpress\/wp-content\/uploads\/2017\/09\/Radionauta_cd_cover.jpg\" alt=\"\" width=\"318\" height=\"320\" srcset=\"https:\/\/www.webnauta.it\/wordpress\/wp-content\/uploads\/2017\/09\/Radionauta_cd_cover.jpg 538w, https:\/\/www.webnauta.it\/wordpress\/wp-content\/uploads\/2017\/09\/Radionauta_cd_cover-150x150.jpg 150w, https:\/\/www.webnauta.it\/wordpress\/wp-content\/uploads\/2017\/09\/Radionauta_cd_cover-179x180.jpg 179w\" sizes=\"auto, (max-width: 318px) 100vw, 318px\" \/><\/a><\/p>\n<p>&nbsp;<\/p>\n<h2><span style=\"color: #ff0000;\">[Radionauta] la fanzine<\/span><\/h2>\n<p>[Radionauta] nacque perch\u00e9 non riuscivo a trovare un collegamento con gli altri fans. Di quei tempi risale anche la mia iscrizione a Michaelmania, primo official fans club italiano dedicato a Michael Jackson, organizzato con tessere d&#8217;appartenenza, un mercatino di scambio, raduni ed eventi nazionali, soprattutto un magazine trimestrale stampato addirittura in tipografia, la <em>fanzine<\/em> (contrazione di <em>fan<\/em> e <em>magazine<\/em>).<br \/>\nNon trovavo per\u00f2 qualcosa di simile per Radio DeeJay. Feci intanto conoscenza di Alessia da Palermo, che aveva cercato di mettere in piedi lo stesso tipo di organizzazione, a cui mancava l&#8217;elemento informatico, oramai necessario per realizzare una rivista pi\u00f9 grafica e innovativa, che n\u00e9 la stampa a quattro colonne stile quotidiano con poche immagini.<br \/>\nCon fatica per le comunicazioni tra di noi, provammo a realizzare qualcosa insieme. Nacque cos\u00ec [Radionauta].<\/p>\n<p>Il primo numero della fanzine era di Dicembre 1997. Gi\u00e0, <strong><span style=\"color: #ff0000;\">sono passati ben vent&#8217;anni&#8230;<\/span><\/strong><br \/>\n.<br \/>\n.<br \/>\n.<br \/>\nScusate, sono scivolata dalla sedia. Adesso mi riprendo. \ud83d\ude41<\/p>\n<p>Mettemmo insieme ben 20 pagine complete, con tanto di fotografie, sebbene venisse stampato, anzi fotocopiato, in bianco e nero e poi rilegato con nastro adesivo giallo o rosso (i colori del logo di DeeJay in quegli anni). Avevamo qualche collaboratore, volontari che ci inviavano foto dalle discoteche o dagli eventi della radio e scrivevano l&#8217;articolo per noi, ma erano ancora pochi per riuscire a tenere in piedi il tutto. Avevamo, e lo dico con orgoglio, le tessere stampate su carta kodak lucida (che poi &#8211; e qui svelo un segreto &#8211; si trattava di scarti di produzione in bianco delle normali stampe di un amico fotografo, un mio riciclo creativo!)<\/p>\n<p>Per festeggiare questo ventennale e ringraziare tutti quelli che dopo tanto tempo ancora si ricordano di me, giusto un paio, ho rimesso insieme tutti i pezzi di quel primo numero.<br \/>\nCon fatica, ho rintracciato file dal backup, software con cui erano stati prodotti, immagini e font, e sulla nuova macchina sono riuscita a generare<strong><span style=\"color: #ff0000;\"> [Radionauta] in formato pdf<\/span> <\/strong>(il computer che avevo all&#8217;epoca, credo un Intel 486, si era rifiutato dopo una notte di elaborazione!). Non ho potuto correggere i refusi e per alcuni font non esistono nemmeno le vocali accentate (che correggevamo a mano nelle fotocopie).<br \/>\nPotete scaricarlo gratuitamente da qui (clicca sull&#8217;immagine per scaricare):<\/p>\n<p>&nbsp;<\/p>\n<p><a href=\"http:\/\/www.webnauta.it\/wordpress\/wp-content\/uploads\/2017\/09\/RADIONAUTA1_Numero_1_Dicembre_1997.pdf\" target=\"_blank\" rel=\"noopener\"><img loading=\"lazy\" decoding=\"async\" class=\"aligncenter wp-image-8098\" src=\"http:\/\/www.webnauta.it\/wordpress\/wp-content\/uploads\/2017\/09\/Radionauta1_anteprima.jpg\" alt=\"[RADIONAUTA1] Numero 1 Dicembre 1997\" width=\"418\" height=\"589\" srcset=\"https:\/\/www.webnauta.it\/wordpress\/wp-content\/uploads\/2017\/09\/Radionauta1_anteprima.jpg 461w, https:\/\/www.webnauta.it\/wordpress\/wp-content\/uploads\/2017\/09\/Radionauta1_anteprima-213x300.jpg 213w, https:\/\/www.webnauta.it\/wordpress\/wp-content\/uploads\/2017\/09\/Radionauta1_anteprima-128x180.jpg 128w\" sizes=\"auto, (max-width: 418px) 100vw, 418px\" \/><\/a><\/p>\n<p>&nbsp;<\/p>\n<h2><span style=\"color: #ff0000;\">E poi arriv\u00f2 webnauta<\/span><\/h2>\n<p>[Radionauta] si ferm\u00f2 al primo numero, il secondo rimase a met\u00e0 lavorazione.<br \/>\nNon prese il volo perch\u00e9 mancavano collaboratori che potessero aiutarci nella gestione e per smaltire velocemente tutta la posta, tutte le stampe e gli invii postali, le partecipazioni agli eventi, che dovevano essere inseriti nel magazine. Io e Alessia ci trovammo sole, nonostante avessimo diviso l&#8217;organizzazione in due sedi, nord e sud, per poterci gi\u00e0 noi due suddividere i compiti.<br \/>\nRipensandoci ora per\u00f2, [Radionauta] non poteva funzionare per altri due motivi: non era il momento giusto e una radio non ha bisogno di una fanzine.<br \/>\nNon era il momento giusto perch\u00e9 il web stava soppiantando tutte le pubblicazioni cartacee e <strong><span style=\"color: #ff0000;\">le fanzine si stavano gi\u00e0 trasformando in <em>e-zine<\/em><\/span><\/strong>, riviste in formato pdf inviate tramite indirizzo email, pi\u00f9 veloce e pi\u00f9 economico, zero costi di stampa e distribuzione. Gli stessi fans club nel giro di qualche anno si sono spostati in internet, all&#8217;interno dei forum dove la partecipazione \u00e8 gratuita e la comunicazione \u00e8 istantanea.<br \/>\nE poi una radio non ha bisogno di una fanzine, e nemmeno di un fans club esterno. Un cantante si, perch\u00e9 tra un disco e l&#8217;altro magari alcune news non vengono passate dagli altri media tradizionali e, prima dell&#8217;avvento dei social che hanno nuovamente rivoluzionato il settore, non c&#8217;era una comunicazione diretta con i fans (cosa a cui sopperiva il fans club, soprattutto per un cantante o gruppo straniero).<br \/>\nMa una radio \u00e8 in onda tutti i giorni, 24 ore su 24 o quasi. E la comunicazione \u00e8 gi\u00e0 veicolata dalla radio stessa, istantanea.<br \/>\nQuindi per [Radionauta] come fanzine era un po&#8217; tardi, certo avrebbe potuto continuare come fans club, con un bel sito online.<\/p>\n<p>Alla fine, per il mio sito <strong><span style=\"color: #ff0000;\">fu spontanea la scelta di webnauta<\/span> <\/strong>(ed ero in competizione solo con un&#8217;agenzia di pubblicit\u00e0 spagnola che aveva registrato il dominio .com)<br \/>\nSu questo dominio per\u00f2 ci rimase a lungo solo una pagina di &#8220;under construction&#8221;, perch\u00e9 non mi decidevo che destinazione dargli. Avevo gi\u00e0 trovato lavoro e il biglietto da visita non serviva nemmeno pi\u00f9.<br \/>\nIn questa avventura mi ha accompagnato il fedele Nostromo Oculus, che per anni continu\u00f2 a dire: E se ci mettessi delle pagine per&#8230;? Potresti creare un sito di&#8230;? Che ne pensi invece di un forum su&#8230;? Ma dovrai farci qualcosa!<br \/>\nNon ho visto la sua faccia quando gli ho detto: <strong><span style=\"color: #ff0000;\">Sar\u00e0 un blog di scrittura, la mia scrittura.<\/span><\/strong><\/p>\n<p>&nbsp;<\/p>\n<h2><span style=\"color: #ff0000;\">Le cose belle<\/span><\/h2>\n<p>Radio DeeJay continuo ad ascoltarla, con tempi e modi sempre diversi. Ci sono stati anni in cui la mia radiosveglia era <strong><span style=\"color: #ff0000;\">Platinette<\/span> <\/strong>e, se ero ancora in viaggio, <strong><span style=\"color: #ff0000;\">Il Volo del mattino<\/span><\/strong> con Fabio e Spank. Altre volte mi sono beccata quei pazzi del <strong><span style=\"color: #ff0000;\">Trio Medusa<\/span><\/strong> o nel viaggio di ritorno<strong><span style=\"color: #ff0000;\"> la Pina, Diego e la Vale<\/span><\/strong> (\u00e8 stato da loro che ho ascoltato una delle prime interviste in Italia di Sophie Kinsella per il suo I love shopping, che non avevo ancora letto).<br \/>\nNon ho potuto andare alla festa dei 30 anni al forum di Assago (e pensare che il mio ufficio madre \u00e8 l\u00ec davanti!! mi sto ancora mangiando le mani&#8230;), ma c&#8217;\u00e8 un passaggio molto bello che ancora oggi mi colpisce:<\/p>\n<blockquote><p>Le cose belle sono quelle che nascono per caso.<br \/>\nVoi potete passare la vita a inseguire un sogno e a non realizzarlo.<br \/>\nMa quando una cosa la buttate l\u00ec, cos\u00ec, con il piacere di farla, quella roba diventer\u00e0 la vostra vita. Linus<\/p><\/blockquote>\n<p><iframe loading=\"lazy\" title=\"Party Like a Deejay\/ GRANDE DA 30 ANNI IN 3 MINUTI - La festa di Radio Deejay\" width=\"500\" height=\"281\" src=\"https:\/\/www.youtube.com\/embed\/ZLokAOw1kA0?feature=oembed\" frameborder=\"0\" allow=\"accelerometer; autoplay; clipboard-write; encrypted-media; gyroscope; picture-in-picture; web-share\" referrerpolicy=\"strict-origin-when-cross-origin\" allowfullscreen><\/iframe><\/p>\n<p>&nbsp;<\/p>\n<p>E tu, caro lettore, cosa volevi fare da piccolo?\u00a0<span style=\"font-size: 1rem;\">Io, volevo fare la deejay! \ud83d\ude09<\/span><\/p>\n<p><iframe loading=\"lazy\" title=\"Spot 30 anni Radio Deejay\" width=\"500\" height=\"281\" src=\"https:\/\/www.youtube.com\/embed\/p5ME57AkpS8?feature=oembed\" frameborder=\"0\" allow=\"accelerometer; autoplay; clipboard-write; encrypted-media; gyroscope; picture-in-picture; web-share\" referrerpolicy=\"strict-origin-when-cross-origin\" allowfullscreen><\/iframe><\/p>\n<p>&nbsp;<\/p>\n","protected":false},"excerpt":{"rendered":"<p>Ma da dove esce il nome webnauta? In questi due anni me l&#8217;hanno chiesto in molti. Nel senso letterale, \u00e8 un astronauta della grande rete ma, nonostante non ci sia un&#8217;associazione immediata con la scrittura, non ho avuto il coraggio di lasciarlo andare. In fondo, il webnauta sono io, non c&#8217;\u00e8 definizione che mi calzi [&hellip;]<\/p>\n","protected":false},"author":1,"featured_media":8097,"comment_status":"open","ping_status":"open","sticky":false,"template":"","format":"standard","meta":{"_monsterinsights_skip_tracking":false,"_monsterinsights_sitenote_active":false,"_monsterinsights_sitenote_note":"","_monsterinsights_sitenote_category":0,"footnotes":""},"categories":[1],"tags":[15],"class_list":["post-8102","post","type-post","status-publish","format-standard","has-post-thumbnail","hentry","category-solo-un-istante","tag-diario"],"yoast_head":"<!-- This site is optimized with the Yoast SEO Premium plugin v26.8 (Yoast SEO v26.8) - https:\/\/yoast.com\/product\/yoast-seo-premium-wordpress\/ -->\n<title>[Radionauta] prima di webnauta - webnauta<\/title>\n<meta name=\"description\" content=\"Da dove arriva webnauta? Da [Radionauta], perch\u00e9 volevo fare la deejay ma avevo gi\u00e0 cominciato a scrivere...webnauta - navigatore in un oceano di parole\" \/>\n<meta name=\"robots\" content=\"index, follow, max-snippet:-1, max-image-preview:large, max-video-preview:-1\" \/>\n<link rel=\"canonical\" href=\"https:\/\/www.webnauta.it\/wordpress\/radionauta-prima-di-webnauta\/\" \/>\n<meta property=\"og:locale\" content=\"it_IT\" \/>\n<meta property=\"og:type\" content=\"article\" \/>\n<meta property=\"og:title\" content=\"[Radionauta] prima di webnauta\" \/>\n<meta property=\"og:description\" content=\"Da dove arriva webnauta? Da [Radionauta], perch\u00e9 volevo fare la deejay ma avevo gi\u00e0 cominciato a scrivere...webnauta - navigatore in un oceano di parole\" \/>\n<meta property=\"og:url\" content=\"https:\/\/www.webnauta.it\/wordpress\/radionauta-prima-di-webnauta\/\" \/>\n<meta property=\"og:site_name\" content=\"webnauta\" \/>\n<meta property=\"article:publisher\" content=\"http:\/\/www.facebook.com\/barbara.businaro.9\" \/>\n<meta property=\"article:author\" content=\"http:\/\/www.facebook.com\/barbara.businaro.9\" \/>\n<meta property=\"article:published_time\" content=\"2017-09-15T04:00:59+00:00\" \/>\n<meta property=\"article:modified_time\" content=\"2018-12-28T18:39:12+00:00\" \/>\n<meta property=\"og:image\" content=\"https:\/\/www.webnauta.it\/wordpress\/wp-content\/uploads\/2017\/09\/Radionauta_2017.png\" \/>\n\t<meta property=\"og:image:width\" content=\"640\" \/>\n\t<meta property=\"og:image:height\" content=\"450\" \/>\n\t<meta property=\"og:image:type\" content=\"image\/png\" \/>\n<meta name=\"author\" content=\"Barbara Businaro\" \/>\n<meta name=\"twitter:card\" content=\"summary_large_image\" \/>\n<meta name=\"twitter:creator\" content=\"@barbarawebnauta\" \/>\n<meta name=\"twitter:site\" content=\"@barbarawebnauta\" \/>\n<meta name=\"twitter:label1\" content=\"Scritto da\" \/>\n\t<meta name=\"twitter:data1\" content=\"Barbara Businaro\" \/>\n\t<meta name=\"twitter:label2\" content=\"Tempo di lettura stimato\" \/>\n\t<meta name=\"twitter:data2\" content=\"8 minuti\" \/>\n<script type=\"application\/ld+json\" class=\"yoast-schema-graph\">{\"@context\":\"https:\/\/schema.org\",\"@graph\":[{\"@type\":\"Article\",\"@id\":\"https:\/\/www.webnauta.it\/wordpress\/radionauta-prima-di-webnauta\/#article\",\"isPartOf\":{\"@id\":\"https:\/\/www.webnauta.it\/wordpress\/radionauta-prima-di-webnauta\/\"},\"author\":{\"name\":\"Barbara Businaro\",\"@id\":\"https:\/\/www.webnauta.it\/wordpress\/#\/schema\/person\/9a1f7a6e3b52bbe5b9d265d2d671d1a1\"},\"headline\":\"[Radionauta] prima di webnauta\",\"datePublished\":\"2017-09-15T04:00:59+00:00\",\"dateModified\":\"2018-12-28T18:39:12+00:00\",\"mainEntityOfPage\":{\"@id\":\"https:\/\/www.webnauta.it\/wordpress\/radionauta-prima-di-webnauta\/\"},\"wordCount\":1636,\"commentCount\":35,\"publisher\":{\"@id\":\"https:\/\/www.webnauta.it\/wordpress\/#\/schema\/person\/9a1f7a6e3b52bbe5b9d265d2d671d1a1\"},\"image\":{\"@id\":\"https:\/\/www.webnauta.it\/wordpress\/radionauta-prima-di-webnauta\/#primaryimage\"},\"thumbnailUrl\":\"https:\/\/www.webnauta.it\/wordpress\/wp-content\/uploads\/2017\/09\/Radionauta_2017.png\",\"keywords\":[\"diario di viaggio\"],\"articleSection\":[\"Solo un istante\"],\"inLanguage\":\"it-IT\",\"potentialAction\":[{\"@type\":\"CommentAction\",\"name\":\"Comment\",\"target\":[\"https:\/\/www.webnauta.it\/wordpress\/radionauta-prima-di-webnauta\/#respond\"]}]},{\"@type\":\"WebPage\",\"@id\":\"https:\/\/www.webnauta.it\/wordpress\/radionauta-prima-di-webnauta\/\",\"url\":\"https:\/\/www.webnauta.it\/wordpress\/radionauta-prima-di-webnauta\/\",\"name\":\"[Radionauta] prima di webnauta - webnauta\",\"isPartOf\":{\"@id\":\"https:\/\/www.webnauta.it\/wordpress\/#website\"},\"primaryImageOfPage\":{\"@id\":\"https:\/\/www.webnauta.it\/wordpress\/radionauta-prima-di-webnauta\/#primaryimage\"},\"image\":{\"@id\":\"https:\/\/www.webnauta.it\/wordpress\/radionauta-prima-di-webnauta\/#primaryimage\"},\"thumbnailUrl\":\"https:\/\/www.webnauta.it\/wordpress\/wp-content\/uploads\/2017\/09\/Radionauta_2017.png\",\"datePublished\":\"2017-09-15T04:00:59+00:00\",\"dateModified\":\"2018-12-28T18:39:12+00:00\",\"description\":\"Da dove arriva webnauta? Da [Radionauta], perch\u00e9 volevo fare la deejay ma avevo gi\u00e0 cominciato a scrivere...webnauta - navigatore in un oceano di parole\",\"breadcrumb\":{\"@id\":\"https:\/\/www.webnauta.it\/wordpress\/radionauta-prima-di-webnauta\/#breadcrumb\"},\"inLanguage\":\"it-IT\",\"potentialAction\":[{\"@type\":\"ReadAction\",\"target\":[\"https:\/\/www.webnauta.it\/wordpress\/radionauta-prima-di-webnauta\/\"]}]},{\"@type\":\"ImageObject\",\"inLanguage\":\"it-IT\",\"@id\":\"https:\/\/www.webnauta.it\/wordpress\/radionauta-prima-di-webnauta\/#primaryimage\",\"url\":\"https:\/\/www.webnauta.it\/wordpress\/wp-content\/uploads\/2017\/09\/Radionauta_2017.png\",\"contentUrl\":\"https:\/\/www.webnauta.it\/wordpress\/wp-content\/uploads\/2017\/09\/Radionauta_2017.png\",\"width\":640,\"height\":450,\"caption\":\"Radionauta - Radio DeeJay Fans Club\"},{\"@type\":\"BreadcrumbList\",\"@id\":\"https:\/\/www.webnauta.it\/wordpress\/radionauta-prima-di-webnauta\/#breadcrumb\",\"itemListElement\":[{\"@type\":\"ListItem\",\"position\":1,\"name\":\"Home\",\"item\":\"https:\/\/www.webnauta.it\/wordpress\/\"},{\"@type\":\"ListItem\",\"position\":2,\"name\":\"[Radionauta] prima di webnauta\"}]},{\"@type\":\"WebSite\",\"@id\":\"https:\/\/www.webnauta.it\/wordpress\/#website\",\"url\":\"https:\/\/www.webnauta.it\/wordpress\/\",\"name\":\"webnauta\",\"description\":\"navigatore in un oceano di parole\",\"publisher\":{\"@id\":\"https:\/\/www.webnauta.it\/wordpress\/#\/schema\/person\/9a1f7a6e3b52bbe5b9d265d2d671d1a1\"},\"potentialAction\":[{\"@type\":\"SearchAction\",\"target\":{\"@type\":\"EntryPoint\",\"urlTemplate\":\"https:\/\/www.webnauta.it\/wordpress\/?s={search_term_string}\"},\"query-input\":{\"@type\":\"PropertyValueSpecification\",\"valueRequired\":true,\"valueName\":\"search_term_string\"}}],\"inLanguage\":\"it-IT\"},{\"@type\":[\"Person\",\"Organization\"],\"@id\":\"https:\/\/www.webnauta.it\/wordpress\/#\/schema\/person\/9a1f7a6e3b52bbe5b9d265d2d671d1a1\",\"name\":\"Barbara Businaro\",\"image\":{\"@type\":\"ImageObject\",\"inLanguage\":\"it-IT\",\"@id\":\"https:\/\/www.webnauta.it\/wordpress\/#\/schema\/person\/image\/\",\"url\":\"https:\/\/www.webnauta.it\/wordpress\/wp-content\/uploads\/2020\/02\/BarbaraBusinaro2020_rounded.png\",\"contentUrl\":\"https:\/\/www.webnauta.it\/wordpress\/wp-content\/uploads\/2020\/02\/BarbaraBusinaro2020_rounded.png\",\"width\":500,\"height\":512,\"caption\":\"Barbara Businaro\"},\"logo\":{\"@id\":\"https:\/\/www.webnauta.it\/wordpress\/#\/schema\/person\/image\/\"},\"description\":\"webnauta.it \u2022 Blog personale di Barbara Businaro \u2022 Scrivo, tra una tempesta e l''altra. Chiunque pu\u00f2 tenere il timone quando il mare \u00e8 calmo.\",\"sameAs\":[\"http:\/\/www.webnauta.it\",\"http:\/\/www.facebook.com\/barbara.businaro.9\",\"https:\/\/www.instagram.com\/barbarawebnauta\/\",\"https:\/\/x.com\/barbarawebnauta\"],\"url\":\"https:\/\/www.webnauta.it\/wordpress\/author\/maxadmin\/\"}]}<\/script>\n<!-- \/ Yoast SEO Premium plugin. -->","yoast_head_json":{"title":"[Radionauta] prima di webnauta - webnauta","description":"Da dove arriva webnauta? Da [Radionauta], perch\u00e9 volevo fare la deejay ma avevo gi\u00e0 cominciato a scrivere...webnauta - navigatore in un oceano di parole","robots":{"index":"index","follow":"follow","max-snippet":"max-snippet:-1","max-image-preview":"max-image-preview:large","max-video-preview":"max-video-preview:-1"},"canonical":"https:\/\/www.webnauta.it\/wordpress\/radionauta-prima-di-webnauta\/","og_locale":"it_IT","og_type":"article","og_title":"[Radionauta] prima di webnauta","og_description":"Da dove arriva webnauta? Da [Radionauta], perch\u00e9 volevo fare la deejay ma avevo gi\u00e0 cominciato a scrivere...webnauta - navigatore in un oceano di parole","og_url":"https:\/\/www.webnauta.it\/wordpress\/radionauta-prima-di-webnauta\/","og_site_name":"webnauta","article_publisher":"http:\/\/www.facebook.com\/barbara.businaro.9","article_author":"http:\/\/www.facebook.com\/barbara.businaro.9","article_published_time":"2017-09-15T04:00:59+00:00","article_modified_time":"2018-12-28T18:39:12+00:00","og_image":[{"width":640,"height":450,"url":"https:\/\/www.webnauta.it\/wordpress\/wp-content\/uploads\/2017\/09\/Radionauta_2017.png","type":"image\/png"}],"author":"Barbara Businaro","twitter_card":"summary_large_image","twitter_creator":"@barbarawebnauta","twitter_site":"@barbarawebnauta","twitter_misc":{"Scritto da":"Barbara Businaro","Tempo di lettura stimato":"8 minuti"},"schema":{"@context":"https:\/\/schema.org","@graph":[{"@type":"Article","@id":"https:\/\/www.webnauta.it\/wordpress\/radionauta-prima-di-webnauta\/#article","isPartOf":{"@id":"https:\/\/www.webnauta.it\/wordpress\/radionauta-prima-di-webnauta\/"},"author":{"name":"Barbara Businaro","@id":"https:\/\/www.webnauta.it\/wordpress\/#\/schema\/person\/9a1f7a6e3b52bbe5b9d265d2d671d1a1"},"headline":"[Radionauta] prima di webnauta","datePublished":"2017-09-15T04:00:59+00:00","dateModified":"2018-12-28T18:39:12+00:00","mainEntityOfPage":{"@id":"https:\/\/www.webnauta.it\/wordpress\/radionauta-prima-di-webnauta\/"},"wordCount":1636,"commentCount":35,"publisher":{"@id":"https:\/\/www.webnauta.it\/wordpress\/#\/schema\/person\/9a1f7a6e3b52bbe5b9d265d2d671d1a1"},"image":{"@id":"https:\/\/www.webnauta.it\/wordpress\/radionauta-prima-di-webnauta\/#primaryimage"},"thumbnailUrl":"https:\/\/www.webnauta.it\/wordpress\/wp-content\/uploads\/2017\/09\/Radionauta_2017.png","keywords":["diario di viaggio"],"articleSection":["Solo un istante"],"inLanguage":"it-IT","potentialAction":[{"@type":"CommentAction","name":"Comment","target":["https:\/\/www.webnauta.it\/wordpress\/radionauta-prima-di-webnauta\/#respond"]}]},{"@type":"WebPage","@id":"https:\/\/www.webnauta.it\/wordpress\/radionauta-prima-di-webnauta\/","url":"https:\/\/www.webnauta.it\/wordpress\/radionauta-prima-di-webnauta\/","name":"[Radionauta] prima di webnauta - webnauta","isPartOf":{"@id":"https:\/\/www.webnauta.it\/wordpress\/#website"},"primaryImageOfPage":{"@id":"https:\/\/www.webnauta.it\/wordpress\/radionauta-prima-di-webnauta\/#primaryimage"},"image":{"@id":"https:\/\/www.webnauta.it\/wordpress\/radionauta-prima-di-webnauta\/#primaryimage"},"thumbnailUrl":"https:\/\/www.webnauta.it\/wordpress\/wp-content\/uploads\/2017\/09\/Radionauta_2017.png","datePublished":"2017-09-15T04:00:59+00:00","dateModified":"2018-12-28T18:39:12+00:00","description":"Da dove arriva webnauta? Da [Radionauta], perch\u00e9 volevo fare la deejay ma avevo gi\u00e0 cominciato a scrivere...webnauta - navigatore in un oceano di parole","breadcrumb":{"@id":"https:\/\/www.webnauta.it\/wordpress\/radionauta-prima-di-webnauta\/#breadcrumb"},"inLanguage":"it-IT","potentialAction":[{"@type":"ReadAction","target":["https:\/\/www.webnauta.it\/wordpress\/radionauta-prima-di-webnauta\/"]}]},{"@type":"ImageObject","inLanguage":"it-IT","@id":"https:\/\/www.webnauta.it\/wordpress\/radionauta-prima-di-webnauta\/#primaryimage","url":"https:\/\/www.webnauta.it\/wordpress\/wp-content\/uploads\/2017\/09\/Radionauta_2017.png","contentUrl":"https:\/\/www.webnauta.it\/wordpress\/wp-content\/uploads\/2017\/09\/Radionauta_2017.png","width":640,"height":450,"caption":"Radionauta - Radio DeeJay Fans Club"},{"@type":"BreadcrumbList","@id":"https:\/\/www.webnauta.it\/wordpress\/radionauta-prima-di-webnauta\/#breadcrumb","itemListElement":[{"@type":"ListItem","position":1,"name":"Home","item":"https:\/\/www.webnauta.it\/wordpress\/"},{"@type":"ListItem","position":2,"name":"[Radionauta] prima di webnauta"}]},{"@type":"WebSite","@id":"https:\/\/www.webnauta.it\/wordpress\/#website","url":"https:\/\/www.webnauta.it\/wordpress\/","name":"webnauta","description":"navigatore in un oceano di parole","publisher":{"@id":"https:\/\/www.webnauta.it\/wordpress\/#\/schema\/person\/9a1f7a6e3b52bbe5b9d265d2d671d1a1"},"potentialAction":[{"@type":"SearchAction","target":{"@type":"EntryPoint","urlTemplate":"https:\/\/www.webnauta.it\/wordpress\/?s={search_term_string}"},"query-input":{"@type":"PropertyValueSpecification","valueRequired":true,"valueName":"search_term_string"}}],"inLanguage":"it-IT"},{"@type":["Person","Organization"],"@id":"https:\/\/www.webnauta.it\/wordpress\/#\/schema\/person\/9a1f7a6e3b52bbe5b9d265d2d671d1a1","name":"Barbara Businaro","image":{"@type":"ImageObject","inLanguage":"it-IT","@id":"https:\/\/www.webnauta.it\/wordpress\/#\/schema\/person\/image\/","url":"https:\/\/www.webnauta.it\/wordpress\/wp-content\/uploads\/2020\/02\/BarbaraBusinaro2020_rounded.png","contentUrl":"https:\/\/www.webnauta.it\/wordpress\/wp-content\/uploads\/2020\/02\/BarbaraBusinaro2020_rounded.png","width":500,"height":512,"caption":"Barbara Businaro"},"logo":{"@id":"https:\/\/www.webnauta.it\/wordpress\/#\/schema\/person\/image\/"},"description":"webnauta.it \u2022 Blog personale di Barbara Businaro \u2022 Scrivo, tra una tempesta e l''altra. Chiunque pu\u00f2 tenere il timone quando il mare \u00e8 calmo.","sameAs":["http:\/\/www.webnauta.it","http:\/\/www.facebook.com\/barbara.businaro.9","https:\/\/www.instagram.com\/barbarawebnauta\/","https:\/\/x.com\/barbarawebnauta"],"url":"https:\/\/www.webnauta.it\/wordpress\/author\/maxadmin\/"}]}},"_links":{"self":[{"href":"https:\/\/www.webnauta.it\/wordpress\/wp-json\/wp\/v2\/posts\/8102","targetHints":{"allow":["GET"]}}],"collection":[{"href":"https:\/\/www.webnauta.it\/wordpress\/wp-json\/wp\/v2\/posts"}],"about":[{"href":"https:\/\/www.webnauta.it\/wordpress\/wp-json\/wp\/v2\/types\/post"}],"author":[{"embeddable":true,"href":"https:\/\/www.webnauta.it\/wordpress\/wp-json\/wp\/v2\/users\/1"}],"replies":[{"embeddable":true,"href":"https:\/\/www.webnauta.it\/wordpress\/wp-json\/wp\/v2\/comments?post=8102"}],"version-history":[{"count":5,"href":"https:\/\/www.webnauta.it\/wordpress\/wp-json\/wp\/v2\/posts\/8102\/revisions"}],"predecessor-version":[{"id":15190,"href":"https:\/\/www.webnauta.it\/wordpress\/wp-json\/wp\/v2\/posts\/8102\/revisions\/15190"}],"wp:featuredmedia":[{"embeddable":true,"href":"https:\/\/www.webnauta.it\/wordpress\/wp-json\/wp\/v2\/media\/8097"}],"wp:attachment":[{"href":"https:\/\/www.webnauta.it\/wordpress\/wp-json\/wp\/v2\/media?parent=8102"}],"wp:term":[{"taxonomy":"category","embeddable":true,"href":"https:\/\/www.webnauta.it\/wordpress\/wp-json\/wp\/v2\/categories?post=8102"},{"taxonomy":"post_tag","embeddable":true,"href":"https:\/\/www.webnauta.it\/wordpress\/wp-json\/wp\/v2\/tags?post=8102"}],"curies":[{"name":"wp","href":"https:\/\/api.w.org\/{rel}","templated":true}]}}