{"id":5612,"date":"2017-02-13T06:00:27","date_gmt":"2017-02-13T05:00:27","guid":{"rendered":"http:\/\/www.webnauta.it\/wordpress\/?p=5612"},"modified":"2018-12-28T23:38:08","modified_gmt":"2018-12-28T22:38:08","slug":"miei-primi-pensieri","status":"publish","type":"post","link":"https:\/\/www.webnauta.it\/wordpress\/miei-primi-pensieri\/","title":{"rendered":"I miei primi pensieri"},"content":{"rendered":"<p>L&#8217;immagine, che \u00e8 un mio disegno, rappresenta appieno il mio processo creativo, i miei pensieri ingarbugliati tutto il sacrosanto giorno.<br \/>\nQuesto post partecipa infatti all&#8217;iniziativa <a href=\"http:\/\/appuntiamargine.blogspot.it\/2017\/01\/i-miei-primi-pensieri-invito-ai-blogger.html\" target=\"_blank\" rel=\"noopener\"><strong>#imieiprimipensieri<\/strong><\/a>\u00a0lanciata da <span style=\"color: #000080;\"><strong>Chiara Solerio<\/strong><\/span> dal suo blog <span style=\"color: #000080;\"><strong>Appunti a Margine<\/strong>.<\/span> Di cosa si tratta?<\/p>\n<p>Lasciare libero sfogo alla creativit\u00e0, quella pura, libera da aspettative, ansie da prestazione, giudizi auto-limitanti. <span style=\"color: #000080;\"><strong>Scrivere i primi pensieri senza filtri e lasciarli andare<\/strong><\/span>, senza temere l&#8217;opinione del pubblico. Scrivere senza uno scopo e senza un tema predefinito. Semplicemente scrivere quel che ci passa per il cervello, tale e quale.<br \/>\nQueste le indicazioni per partecipare al gioco:<\/p>\n<ol>\n<li>Fissate un limite minimo di tempo o di parole e indicatele all&#8217;inizio del post.<\/li>\n<li>Evitate di rileggere e cancellare, sia durante sia dopo la stesura.<\/li>\n<li>Rinunciate a giudicarvi.<\/li>\n<li>Pubblicate il post sul blog, e osservate ci\u00f2 che accade.<\/li>\n<\/ol>\n<p>Detto fatto. Questi erano i miei primi pensieri quel giorno che Chiara pubblic\u00f2 il suo post.<\/p>\n<p><!--more--><\/p>\n<p>&nbsp;<\/p>\n<h2>#imieiprimipensieri<\/h2>\n<p><em>Limite di tempo: pausa caff\u00e8<\/em><\/p>\n<p>Niente, questa cosa mi ronza in testa. Questa cosa qui che ho letto nell&#8217;intervista di S. (un attore che seguo, ma farei prima a dire che sono una stalker&#8230;beh ma non mi sono ancora presentata sotto casa&#8230;si ma poco ci manca perch\u00e9 probabilmente triangolando saprei dove cercarlo al 90% di probabilit\u00e0 di successo, santo Street View e Social tutti united). Insomma: dice, e crediamoci, che quando aveva tipo 17 anni ha ricevuto dei sonori due di picche da qualche ragazza, perch\u00e9 era un po&#8217; pi\u00f9 in carne di adesso. E lo capisco, ah, se lo capisco. Sai com&#8217;\u00e8 la fase adolescenziale e quel gran casino fetido dello sviluppo con gli ormoni che se ne vanno a zonzo tutto il sacrosanto giorno e mai al posto giusto. Vaben. Ora, ha tutta la mia stima perch\u00e9 direi che ne \u00e8 uscito fuori alla grande, tanto pi\u00f9 con un -e mi manca la parola, come cavolo si dice, ah ecco si- complesso del genere si \u00e8 iscritto a scuola di recitazione e adesso gira in qua e in l\u00e0 per mezzo mondo, definito uno degli uomini pi\u00f9 sexy. Ma non \u00e8 questo il punto. Te immaginati quelle povere deficienti che gli hanno dato il due di picche all&#8217;epoca. Se non si sono suicidate ancora (che siano online le statistiche dei suicidi di quella zona nella fascia femminile 35-36 anni?), cosa mai potrebbero pensare a ritrovarselo davanti? Tipo al supermercato? Si, che ci va al supermercato, ci sono le foto su Twitter di un&#8217;altra stalker che l&#8217;ha visto con una busta della spesa e un pacco da 12 uova (proteine per i bicipiti, mi spiegasse anche come fa col colesterolo, magari&#8230;un pallet di Barry Sears ogni due giorni?) Beh, in effetti, mumble mumble, ho qui un racconto da scrivere per San Valentino. E siccome non voglio scrivere la solita palla smielosa di lui, lei e palloncini a cuoricino e sbaciuk vari, dai, un racconto di San Valentino per single. Della serie: mannate a fanculo tutti e pensate alla persona pi\u00f9 importante al mondo, voi stessi. Credete alla zia, poi tutto viene da s\u00e9&#8230;Ma non fate quello che faccio io che sono un pessimo esempio, beh ma loro non lo sanno. Mejo cos\u00ec. Dicevo, la tizia al supermercato che incontra dopo&#8230;10 anni? si, dai&#8230;il compagno di classe alle superiori che aveva trattato di merda. Non lo riconosce, tipo perch\u00e9 adesso fa il modello, il super-modello. Immagina la mascella scomposta di lei quando lui gli dice &#8220;Non ti ricordi di me?&#8221; E magari lei nel frattempo \u00e8 single, tipo lasciata a piedi nel bel mezzo di, uhm, non so. E come finisce? A sbaciuk come al solito? Ciao Speranza, sei di nuovo qui? La Speranza \u00e8 l&#8217;ultima a morire vero, perch\u00e9 mi stai sempre tra i piedi quando scrivo e non ti palesi mai quando servi, ah?! E ma lui potrebbe anche essere arrabbiato eh, potrebbe voler restituire il favore, per dire. La gente cattiva esiste, ne vuoi le prove? Ho un paio di mail&#8230;pure fresche di oggi. Insomma, mi ci salta fuori il solito volo pindarico, che se non c&#8217;\u00e8 S. c&#8217;\u00e8 qualcuno che gli somiglia. Mi toccher\u00e0 pagargli i diritti un giorno? Certo, a cena&#8230;<del>in natura.<\/del> Via, esci da questo corpo, spiritello cattivo. Pausa finita, idee appuntate.<\/p>\n<p>&nbsp;<\/p>\n<h2>#imieisecondipensieri (su carta)<\/h2>\n<p><a href=\"http:\/\/www.webnauta.it\/wordpress\/wp-content\/uploads\/2017\/02\/secondi_pensieri.jpg\"><img loading=\"lazy\" decoding=\"async\" class=\"size-full wp-image-5613 aligncenter\" src=\"http:\/\/www.webnauta.it\/wordpress\/wp-content\/uploads\/2017\/02\/secondi_pensieri.jpg\" alt=\"I miei secondi pensieri su carta\" width=\"480\" height=\"640\" srcset=\"https:\/\/www.webnauta.it\/wordpress\/wp-content\/uploads\/2017\/02\/secondi_pensieri.jpg 480w, https:\/\/www.webnauta.it\/wordpress\/wp-content\/uploads\/2017\/02\/secondi_pensieri-225x300.jpg 225w, https:\/\/www.webnauta.it\/wordpress\/wp-content\/uploads\/2017\/02\/secondi_pensieri-135x180.jpg 135w\" sizes=\"auto, (max-width: 480px) 100vw, 480px\" \/><\/a><\/p>\n<p>&nbsp;<\/p>\n<h2>E il racconto?<\/h2>\n<p>San Valentino \u00e8 domani. Vi tocca aspettare \ud83d\ude09<\/p>\n","protected":false},"excerpt":{"rendered":"<p>L&#8217;immagine, che \u00e8 un mio disegno, rappresenta appieno il mio processo creativo, i miei pensieri ingarbugliati tutto il sacrosanto giorno. Questo post partecipa infatti all&#8217;iniziativa #imieiprimipensieri\u00a0lanciata da Chiara Solerio dal suo blog Appunti a Margine. Di cosa si tratta? Lasciare libero sfogo alla creativit\u00e0, quella pura, libera da aspettative, ansie da prestazione, giudizi auto-limitanti. Scrivere [&hellip;]<\/p>\n","protected":false},"author":1,"featured_media":5611,"comment_status":"open","ping_status":"open","sticky":false,"template":"","format":"standard","meta":{"_monsterinsights_skip_tracking":false,"_monsterinsights_sitenote_active":false,"_monsterinsights_sitenote_note":"","_monsterinsights_sitenote_category":0,"footnotes":""},"categories":[1],"tags":[15,18],"class_list":["post-5612","post","type-post","status-publish","format-standard","has-post-thumbnail","hentry","category-solo-un-istante","tag-diario","tag-meme"],"yoast_head":"<!-- This site is optimized with the Yoast SEO Premium plugin v26.8 (Yoast SEO v26.8) - https:\/\/yoast.com\/product\/yoast-seo-premium-wordpress\/ -->\n<title>I miei primi pensieri - webnauta<\/title>\n<meta name=\"description\" content=\"#imieiprimipensieri ovvero scrivere i primi pensieri senza filtri e senza temere l&#039;opinione del pubblico...webnauta - navigatore in un oceano di parole\" \/>\n<meta name=\"robots\" content=\"index, follow, max-snippet:-1, max-image-preview:large, max-video-preview:-1\" \/>\n<link rel=\"canonical\" href=\"https:\/\/www.webnauta.it\/wordpress\/miei-primi-pensieri\/\" \/>\n<meta property=\"og:locale\" content=\"it_IT\" \/>\n<meta property=\"og:type\" content=\"article\" \/>\n<meta property=\"og:title\" content=\"I miei primi pensieri\" \/>\n<meta property=\"og:description\" content=\"#imieiprimipensieri ovvero scrivere i primi pensieri senza filtri e senza temere l&#039;opinione del pubblico...webnauta - navigatore in un oceano di parole\" \/>\n<meta property=\"og:url\" content=\"https:\/\/www.webnauta.it\/wordpress\/miei-primi-pensieri\/\" \/>\n<meta property=\"og:site_name\" content=\"webnauta\" \/>\n<meta property=\"article:publisher\" content=\"http:\/\/www.facebook.com\/barbara.businaro.9\" \/>\n<meta property=\"article:author\" content=\"http:\/\/www.facebook.com\/barbara.businaro.9\" \/>\n<meta property=\"article:published_time\" content=\"2017-02-13T05:00:27+00:00\" \/>\n<meta property=\"article:modified_time\" content=\"2018-12-28T22:38:08+00:00\" \/>\n<meta property=\"og:image\" content=\"https:\/\/www.webnauta.it\/wordpress\/wp-content\/uploads\/2017\/02\/pensieri_ingarbugliati.png\" \/>\n\t<meta property=\"og:image:width\" content=\"640\" \/>\n\t<meta property=\"og:image:height\" content=\"456\" \/>\n\t<meta property=\"og:image:type\" content=\"image\/png\" \/>\n<meta name=\"author\" content=\"Barbara Businaro\" \/>\n<meta name=\"twitter:card\" content=\"summary_large_image\" \/>\n<meta name=\"twitter:creator\" content=\"@barbarawebnauta\" \/>\n<meta name=\"twitter:site\" content=\"@barbarawebnauta\" \/>\n<meta name=\"twitter:label1\" content=\"Scritto da\" \/>\n\t<meta name=\"twitter:data1\" content=\"Barbara Businaro\" \/>\n\t<meta name=\"twitter:label2\" content=\"Tempo di lettura stimato\" \/>\n\t<meta name=\"twitter:data2\" content=\"4 minuti\" \/>\n<script type=\"application\/ld+json\" class=\"yoast-schema-graph\">{\"@context\":\"https:\/\/schema.org\",\"@graph\":[{\"@type\":\"Article\",\"@id\":\"https:\/\/www.webnauta.it\/wordpress\/miei-primi-pensieri\/#article\",\"isPartOf\":{\"@id\":\"https:\/\/www.webnauta.it\/wordpress\/miei-primi-pensieri\/\"},\"author\":{\"name\":\"Barbara Businaro\",\"@id\":\"https:\/\/www.webnauta.it\/wordpress\/#\/schema\/person\/9a1f7a6e3b52bbe5b9d265d2d671d1a1\"},\"headline\":\"I miei primi pensieri\",\"datePublished\":\"2017-02-13T05:00:27+00:00\",\"dateModified\":\"2018-12-28T22:38:08+00:00\",\"mainEntityOfPage\":{\"@id\":\"https:\/\/www.webnauta.it\/wordpress\/miei-primi-pensieri\/\"},\"wordCount\":726,\"commentCount\":16,\"publisher\":{\"@id\":\"https:\/\/www.webnauta.it\/wordpress\/#\/schema\/person\/9a1f7a6e3b52bbe5b9d265d2d671d1a1\"},\"image\":{\"@id\":\"https:\/\/www.webnauta.it\/wordpress\/miei-primi-pensieri\/#primaryimage\"},\"thumbnailUrl\":\"https:\/\/www.webnauta.it\/wordpress\/wp-content\/uploads\/2017\/02\/pensieri_ingarbugliati.png\",\"keywords\":[\"diario di viaggio\",\"meme\"],\"articleSection\":[\"Solo un istante\"],\"inLanguage\":\"it-IT\",\"potentialAction\":[{\"@type\":\"CommentAction\",\"name\":\"Comment\",\"target\":[\"https:\/\/www.webnauta.it\/wordpress\/miei-primi-pensieri\/#respond\"]}]},{\"@type\":\"WebPage\",\"@id\":\"https:\/\/www.webnauta.it\/wordpress\/miei-primi-pensieri\/\",\"url\":\"https:\/\/www.webnauta.it\/wordpress\/miei-primi-pensieri\/\",\"name\":\"I miei primi pensieri - webnauta\",\"isPartOf\":{\"@id\":\"https:\/\/www.webnauta.it\/wordpress\/#website\"},\"primaryImageOfPage\":{\"@id\":\"https:\/\/www.webnauta.it\/wordpress\/miei-primi-pensieri\/#primaryimage\"},\"image\":{\"@id\":\"https:\/\/www.webnauta.it\/wordpress\/miei-primi-pensieri\/#primaryimage\"},\"thumbnailUrl\":\"https:\/\/www.webnauta.it\/wordpress\/wp-content\/uploads\/2017\/02\/pensieri_ingarbugliati.png\",\"datePublished\":\"2017-02-13T05:00:27+00:00\",\"dateModified\":\"2018-12-28T22:38:08+00:00\",\"description\":\"#imieiprimipensieri ovvero scrivere i primi pensieri senza filtri e senza temere l'opinione del pubblico...webnauta - navigatore in un oceano di parole\",\"breadcrumb\":{\"@id\":\"https:\/\/www.webnauta.it\/wordpress\/miei-primi-pensieri\/#breadcrumb\"},\"inLanguage\":\"it-IT\",\"potentialAction\":[{\"@type\":\"ReadAction\",\"target\":[\"https:\/\/www.webnauta.it\/wordpress\/miei-primi-pensieri\/\"]}]},{\"@type\":\"ImageObject\",\"inLanguage\":\"it-IT\",\"@id\":\"https:\/\/www.webnauta.it\/wordpress\/miei-primi-pensieri\/#primaryimage\",\"url\":\"https:\/\/www.webnauta.it\/wordpress\/wp-content\/uploads\/2017\/02\/pensieri_ingarbugliati.png\",\"contentUrl\":\"https:\/\/www.webnauta.it\/wordpress\/wp-content\/uploads\/2017\/02\/pensieri_ingarbugliati.png\",\"width\":640,\"height\":456,\"caption\":\"I miei primi pensieri ingarbugliati\"},{\"@type\":\"BreadcrumbList\",\"@id\":\"https:\/\/www.webnauta.it\/wordpress\/miei-primi-pensieri\/#breadcrumb\",\"itemListElement\":[{\"@type\":\"ListItem\",\"position\":1,\"name\":\"Home\",\"item\":\"https:\/\/www.webnauta.it\/wordpress\/\"},{\"@type\":\"ListItem\",\"position\":2,\"name\":\"I miei primi pensieri\"}]},{\"@type\":\"WebSite\",\"@id\":\"https:\/\/www.webnauta.it\/wordpress\/#website\",\"url\":\"https:\/\/www.webnauta.it\/wordpress\/\",\"name\":\"webnauta\",\"description\":\"navigatore in un oceano di parole\",\"publisher\":{\"@id\":\"https:\/\/www.webnauta.it\/wordpress\/#\/schema\/person\/9a1f7a6e3b52bbe5b9d265d2d671d1a1\"},\"potentialAction\":[{\"@type\":\"SearchAction\",\"target\":{\"@type\":\"EntryPoint\",\"urlTemplate\":\"https:\/\/www.webnauta.it\/wordpress\/?s={search_term_string}\"},\"query-input\":{\"@type\":\"PropertyValueSpecification\",\"valueRequired\":true,\"valueName\":\"search_term_string\"}}],\"inLanguage\":\"it-IT\"},{\"@type\":[\"Person\",\"Organization\"],\"@id\":\"https:\/\/www.webnauta.it\/wordpress\/#\/schema\/person\/9a1f7a6e3b52bbe5b9d265d2d671d1a1\",\"name\":\"Barbara Businaro\",\"image\":{\"@type\":\"ImageObject\",\"inLanguage\":\"it-IT\",\"@id\":\"https:\/\/www.webnauta.it\/wordpress\/#\/schema\/person\/image\/\",\"url\":\"https:\/\/www.webnauta.it\/wordpress\/wp-content\/uploads\/2020\/02\/BarbaraBusinaro2020_rounded.png\",\"contentUrl\":\"https:\/\/www.webnauta.it\/wordpress\/wp-content\/uploads\/2020\/02\/BarbaraBusinaro2020_rounded.png\",\"width\":500,\"height\":512,\"caption\":\"Barbara Businaro\"},\"logo\":{\"@id\":\"https:\/\/www.webnauta.it\/wordpress\/#\/schema\/person\/image\/\"},\"description\":\"webnauta.it \u2022 Blog personale di Barbara Businaro \u2022 Scrivo, tra una tempesta e l''altra. Chiunque pu\u00f2 tenere il timone quando il mare \u00e8 calmo.\",\"sameAs\":[\"http:\/\/www.webnauta.it\",\"http:\/\/www.facebook.com\/barbara.businaro.9\",\"https:\/\/www.instagram.com\/barbarawebnauta\/\",\"https:\/\/x.com\/barbarawebnauta\"],\"url\":\"https:\/\/www.webnauta.it\/wordpress\/author\/maxadmin\/\"}]}<\/script>\n<!-- \/ Yoast SEO Premium plugin. -->","yoast_head_json":{"title":"I miei primi pensieri - webnauta","description":"#imieiprimipensieri ovvero scrivere i primi pensieri senza filtri e senza temere l'opinione del pubblico...webnauta - navigatore in un oceano di parole","robots":{"index":"index","follow":"follow","max-snippet":"max-snippet:-1","max-image-preview":"max-image-preview:large","max-video-preview":"max-video-preview:-1"},"canonical":"https:\/\/www.webnauta.it\/wordpress\/miei-primi-pensieri\/","og_locale":"it_IT","og_type":"article","og_title":"I miei primi pensieri","og_description":"#imieiprimipensieri ovvero scrivere i primi pensieri senza filtri e senza temere l'opinione del pubblico...webnauta - navigatore in un oceano di parole","og_url":"https:\/\/www.webnauta.it\/wordpress\/miei-primi-pensieri\/","og_site_name":"webnauta","article_publisher":"http:\/\/www.facebook.com\/barbara.businaro.9","article_author":"http:\/\/www.facebook.com\/barbara.businaro.9","article_published_time":"2017-02-13T05:00:27+00:00","article_modified_time":"2018-12-28T22:38:08+00:00","og_image":[{"width":640,"height":456,"url":"https:\/\/www.webnauta.it\/wordpress\/wp-content\/uploads\/2017\/02\/pensieri_ingarbugliati.png","type":"image\/png"}],"author":"Barbara Businaro","twitter_card":"summary_large_image","twitter_creator":"@barbarawebnauta","twitter_site":"@barbarawebnauta","twitter_misc":{"Scritto da":"Barbara Businaro","Tempo di lettura stimato":"4 minuti"},"schema":{"@context":"https:\/\/schema.org","@graph":[{"@type":"Article","@id":"https:\/\/www.webnauta.it\/wordpress\/miei-primi-pensieri\/#article","isPartOf":{"@id":"https:\/\/www.webnauta.it\/wordpress\/miei-primi-pensieri\/"},"author":{"name":"Barbara Businaro","@id":"https:\/\/www.webnauta.it\/wordpress\/#\/schema\/person\/9a1f7a6e3b52bbe5b9d265d2d671d1a1"},"headline":"I miei primi pensieri","datePublished":"2017-02-13T05:00:27+00:00","dateModified":"2018-12-28T22:38:08+00:00","mainEntityOfPage":{"@id":"https:\/\/www.webnauta.it\/wordpress\/miei-primi-pensieri\/"},"wordCount":726,"commentCount":16,"publisher":{"@id":"https:\/\/www.webnauta.it\/wordpress\/#\/schema\/person\/9a1f7a6e3b52bbe5b9d265d2d671d1a1"},"image":{"@id":"https:\/\/www.webnauta.it\/wordpress\/miei-primi-pensieri\/#primaryimage"},"thumbnailUrl":"https:\/\/www.webnauta.it\/wordpress\/wp-content\/uploads\/2017\/02\/pensieri_ingarbugliati.png","keywords":["diario di viaggio","meme"],"articleSection":["Solo un istante"],"inLanguage":"it-IT","potentialAction":[{"@type":"CommentAction","name":"Comment","target":["https:\/\/www.webnauta.it\/wordpress\/miei-primi-pensieri\/#respond"]}]},{"@type":"WebPage","@id":"https:\/\/www.webnauta.it\/wordpress\/miei-primi-pensieri\/","url":"https:\/\/www.webnauta.it\/wordpress\/miei-primi-pensieri\/","name":"I miei primi pensieri - webnauta","isPartOf":{"@id":"https:\/\/www.webnauta.it\/wordpress\/#website"},"primaryImageOfPage":{"@id":"https:\/\/www.webnauta.it\/wordpress\/miei-primi-pensieri\/#primaryimage"},"image":{"@id":"https:\/\/www.webnauta.it\/wordpress\/miei-primi-pensieri\/#primaryimage"},"thumbnailUrl":"https:\/\/www.webnauta.it\/wordpress\/wp-content\/uploads\/2017\/02\/pensieri_ingarbugliati.png","datePublished":"2017-02-13T05:00:27+00:00","dateModified":"2018-12-28T22:38:08+00:00","description":"#imieiprimipensieri ovvero scrivere i primi pensieri senza filtri e senza temere l'opinione del pubblico...webnauta - navigatore in un oceano di parole","breadcrumb":{"@id":"https:\/\/www.webnauta.it\/wordpress\/miei-primi-pensieri\/#breadcrumb"},"inLanguage":"it-IT","potentialAction":[{"@type":"ReadAction","target":["https:\/\/www.webnauta.it\/wordpress\/miei-primi-pensieri\/"]}]},{"@type":"ImageObject","inLanguage":"it-IT","@id":"https:\/\/www.webnauta.it\/wordpress\/miei-primi-pensieri\/#primaryimage","url":"https:\/\/www.webnauta.it\/wordpress\/wp-content\/uploads\/2017\/02\/pensieri_ingarbugliati.png","contentUrl":"https:\/\/www.webnauta.it\/wordpress\/wp-content\/uploads\/2017\/02\/pensieri_ingarbugliati.png","width":640,"height":456,"caption":"I miei primi pensieri ingarbugliati"},{"@type":"BreadcrumbList","@id":"https:\/\/www.webnauta.it\/wordpress\/miei-primi-pensieri\/#breadcrumb","itemListElement":[{"@type":"ListItem","position":1,"name":"Home","item":"https:\/\/www.webnauta.it\/wordpress\/"},{"@type":"ListItem","position":2,"name":"I miei primi pensieri"}]},{"@type":"WebSite","@id":"https:\/\/www.webnauta.it\/wordpress\/#website","url":"https:\/\/www.webnauta.it\/wordpress\/","name":"webnauta","description":"navigatore in un oceano di parole","publisher":{"@id":"https:\/\/www.webnauta.it\/wordpress\/#\/schema\/person\/9a1f7a6e3b52bbe5b9d265d2d671d1a1"},"potentialAction":[{"@type":"SearchAction","target":{"@type":"EntryPoint","urlTemplate":"https:\/\/www.webnauta.it\/wordpress\/?s={search_term_string}"},"query-input":{"@type":"PropertyValueSpecification","valueRequired":true,"valueName":"search_term_string"}}],"inLanguage":"it-IT"},{"@type":["Person","Organization"],"@id":"https:\/\/www.webnauta.it\/wordpress\/#\/schema\/person\/9a1f7a6e3b52bbe5b9d265d2d671d1a1","name":"Barbara Businaro","image":{"@type":"ImageObject","inLanguage":"it-IT","@id":"https:\/\/www.webnauta.it\/wordpress\/#\/schema\/person\/image\/","url":"https:\/\/www.webnauta.it\/wordpress\/wp-content\/uploads\/2020\/02\/BarbaraBusinaro2020_rounded.png","contentUrl":"https:\/\/www.webnauta.it\/wordpress\/wp-content\/uploads\/2020\/02\/BarbaraBusinaro2020_rounded.png","width":500,"height":512,"caption":"Barbara Businaro"},"logo":{"@id":"https:\/\/www.webnauta.it\/wordpress\/#\/schema\/person\/image\/"},"description":"webnauta.it \u2022 Blog personale di Barbara Businaro \u2022 Scrivo, tra una tempesta e l''altra. Chiunque pu\u00f2 tenere il timone quando il mare \u00e8 calmo.","sameAs":["http:\/\/www.webnauta.it","http:\/\/www.facebook.com\/barbara.businaro.9","https:\/\/www.instagram.com\/barbarawebnauta\/","https:\/\/x.com\/barbarawebnauta"],"url":"https:\/\/www.webnauta.it\/wordpress\/author\/maxadmin\/"}]}},"_links":{"self":[{"href":"https:\/\/www.webnauta.it\/wordpress\/wp-json\/wp\/v2\/posts\/5612","targetHints":{"allow":["GET"]}}],"collection":[{"href":"https:\/\/www.webnauta.it\/wordpress\/wp-json\/wp\/v2\/posts"}],"about":[{"href":"https:\/\/www.webnauta.it\/wordpress\/wp-json\/wp\/v2\/types\/post"}],"author":[{"embeddable":true,"href":"https:\/\/www.webnauta.it\/wordpress\/wp-json\/wp\/v2\/users\/1"}],"replies":[{"embeddable":true,"href":"https:\/\/www.webnauta.it\/wordpress\/wp-json\/wp\/v2\/comments?post=5612"}],"version-history":[{"count":2,"href":"https:\/\/www.webnauta.it\/wordpress\/wp-json\/wp\/v2\/posts\/5612\/revisions"}],"predecessor-version":[{"id":15220,"href":"https:\/\/www.webnauta.it\/wordpress\/wp-json\/wp\/v2\/posts\/5612\/revisions\/15220"}],"wp:featuredmedia":[{"embeddable":true,"href":"https:\/\/www.webnauta.it\/wordpress\/wp-json\/wp\/v2\/media\/5611"}],"wp:attachment":[{"href":"https:\/\/www.webnauta.it\/wordpress\/wp-json\/wp\/v2\/media?parent=5612"}],"wp:term":[{"taxonomy":"category","embeddable":true,"href":"https:\/\/www.webnauta.it\/wordpress\/wp-json\/wp\/v2\/categories?post=5612"},{"taxonomy":"post_tag","embeddable":true,"href":"https:\/\/www.webnauta.it\/wordpress\/wp-json\/wp\/v2\/tags?post=5612"}],"curies":[{"name":"wp","href":"https:\/\/api.w.org\/{rel}","templated":true}]}}