{"id":30104,"date":"2026-04-03T06:00:51","date_gmt":"2026-04-03T04:00:51","guid":{"rendered":"https:\/\/www.webnauta.it\/wordpress\/?p=30104"},"modified":"2026-04-02T20:10:18","modified_gmt":"2026-04-02T18:10:18","slug":"book-pride-milano-2026","status":"publish","type":"post","link":"https:\/\/www.webnauta.it\/wordpress\/book-pride-milano-2026\/","title":{"rendered":"La speranza \u00e8 la cosa con le piume. Book Pride Milano 2026"},"content":{"rendered":"<p>Dopo l&#8217;avventura assolutamente positiva dello scorso anno, che ho raccontato in questo post <a href=\"https:\/\/www.webnauta.it\/wordpress\/book-pride-milano-2025\/\" target=\"_blank\" rel=\"noopener\"><em>Danzare sull\u2019orlo del mondo. Book Pride Milano 2025<\/em><\/a>, io e l&#8217;amica Sandra Fa\u00e9 del blog <a href=\"https:\/\/ilibridisandra.wordpress.com\/\" target=\"_blank\" rel=\"noopener\"><em>I libri di Sandra<\/em><\/a>, scrittrice milanese con la quale condivido pure la data di compleanno, abbiamo deciso di ripetere l&#8217;esperienza, stesso giorno (il venerd\u00ec di prima apertura) e medesimi orari. Formula che funziona non si cambia!<br \/>\nEravamo cos\u00ec convinte di tornare al <strong><span style=\"color: #ff00ff;\">Book Pride, la Fiera Nazionale dell&#8217;Editoria Indipendente,<\/span><\/strong> che ne avevamo parlato ancora prima di Natale e abbiamo chiesto l&#8217;accredito come &#8220;Stampa &#8211; Digital Creator&#8221;, accessibile grazie ai contenuti dei nostri blog dedicati alla lettura e alla scrittura, appena hanno attivato l&#8217;apposita sezione sul loro sito. Avevamo solo qualche dubbio per il trasporto, temendo uno sciopero dei treni proclamato all&#8217;ultimo momento che mi bloccasse il viaggio verso Milano, mentre il meteo prevedeva una bella giornata di sole. Sono stata talmente bene lo scorso anno l\u00ec in mezzo ai libri che, nonostante un periodaccio per la mia salute, compresa una brutta caduta proprio due settimane prima della fiera, con la spalla destra compromessa, mi sono imbottita di Brufen e sono salita sul treno carica di entusiasmo. Tanto le borse dei libri possono usare la spalla sinistra, ne abbiamo due per qualcosa, no?! \ud83d\ude00<\/p>\n<p>Questa mia seconda venuta al Book Pride mi ha confermato che <strong><span style=\"color: #ff00ff;\">questa manifestazione \u00e8 decisamente pi\u00f9 alla mia misura.<\/span><\/strong> Quando pensiamo alla fiera del libro per eccellenza, infatti, ci rivolgiamo al Salone del Libro di Torino. Ci sono stata una sola volta nel 2018, ed \u00e8 stato traumatico a dir poco: troppo caos, troppa gente, pochi servizi sia igienici che di ristoro, troppo spettacolo e pochi libri al centro, proprio loro che dovrebbero essere i protagonisti assoluti. Di quel viaggio, ho scritto le mie riflessioni in questo vecchio post: <a href=\"https:\/\/www.webnauta.it\/wordpress\/salone-libro-torino-2018\/\" target=\"_blank\" rel=\"noopener\"><em>Salone del Libro di Torino Tante domande, poche risposte<\/em><\/a> Al Book Pride invece riesco a vedere tutti gli stand con tranquillit\u00e0, posso scattare fotografie senza disturbare nessuno (per memorizzare velocemente quello che non posso comprare subito, visto che sono in treno, e acquister\u00f2 dopo nelle librerie della mia zona), riesco a parlare senza fretta con chi sta dietro la rassegna di libri, ascoltando trame, storie e progetti dietro a titoli e copertine, posso scambiare opinioni con altri lettori rilassati, che non vogliono saltarti sopra la testa per il firmacopie di chiss\u00e0 chi quale personaggio famoso. <strong><span style=\"color: #ff00ff;\">Nel cuore del Book Pride ci sono proprio i libri e le relazioni umane<\/span><\/strong>, come hanno ribadito anche gli stessi operatori ai quali ho espresso questa mia preferenza.<\/p>\n<p>Sono partita da Padova con uno zainetto comodo, con solo il necessario all&#8217;interno per lasciare maggior spazio agli acquisti, una borsa pieghevole in bustina, impermeabile e richiudibile con zip, ma soprattutto la carta di credito di servizio limitata a 100 euro, perch\u00e9 in questo 2026 sto portando avanti un obiettivo importante: dimezzare le pile di libri accumulate sul tavolino del salotto, le letture sospese da tempo e quei libri ancora non letti che occupano spazio nella libreria di casa. Occorre smaltire il vecchio per fare posto al nuovo.<br \/>\n&#8220;Tranne i libri che comprer\u00f2 al Book Pride a marzo e, se capita, a qualche presentazione locale con gli autori.&#8221; Questa \u00e8 l&#8217;unica esclusione che mi sono concessa. Devo dire che il progetto sta funzionando bene, perch\u00e9 da gennaio ho letto 10 romanzi, riscoprendo anche generi letterari e autori dimenticati, e di questi ne ho regalati o donati al bookcrossing ben 3. Ho abbassato le pile e si intravvede qualche spazietto tra gli scaffali. Non ho invece portato con me una lista di titoli, non perch\u00e9 non avessi idee in proposito, ma perch\u00e9 in queste occasioni voglio lasciarmi guidare dal destino. <strong><span style=\"color: #ff00ff;\">Sono convinta che siano sempre i libri a sceglierci, e non viceversa.<\/span><\/strong><\/p>\n<p>Questa \u00e8 la cronaca passo passo della nostra passeggiata tra gli stand e di cosa abbiamo trovato di interessante o curioso da segnalarvi, tutto accompagnato dai link per approfondire o acquistare anche da casa.<br \/>\nEccoci dunque per la foto di rito all&#8217;ingresso davanti all&#8217;enorme poster della fiera. Perch\u00e9 poi, gi\u00e0 lo sappiamo, all&#8217;uscita saremo troppo cariche di borse piene di libri per riuscire a metterci in posa. \ud83d\ude1b<\/p>\n<p><img loading=\"lazy\" decoding=\"async\" class=\"aligncenter wp-image-30094\" src=\"https:\/\/www.webnauta.it\/wordpress\/wp-content\/uploads\/2026\/04\/ingresso_BookPride_2026.png\" alt=\"Book Pride 2026. Businaro e Fa\u00e9 all'ingresso\" width=\"650\" height=\"488\" srcset=\"https:\/\/www.webnauta.it\/wordpress\/wp-content\/uploads\/2026\/04\/ingresso_BookPride_2026.png 1000w, https:\/\/www.webnauta.it\/wordpress\/wp-content\/uploads\/2026\/04\/ingresso_BookPride_2026-300x225.png 300w, https:\/\/www.webnauta.it\/wordpress\/wp-content\/uploads\/2026\/04\/ingresso_BookPride_2026-768x576.png 768w\" sizes=\"auto, (max-width: 650px) 100vw, 650px\" \/><\/p>\n<h2><!--more--><span style=\"color: #ff00ff;\">Book Pride<\/span><br \/>\n<span style=\"color: #ff00ff;\">Fiera Nazionale dell\u2019editoria indipendente<\/span><\/h2>\n<p>Per non perderci assolutamente nulla della fiera, iniziamo il nostro percorso subito alla destra dell&#8217;ingresso e camminiamo ordinatamente fino al termine della fila, poi giriamo sulla successiva, fino in fondo di nuovo. Vero che non ci fermiamo in ogni stand &#8211; ogni lettore ha i suoi gusti e anche noi abbiamo i nostri &#8211; ma lasciamo che sia anche il destino a guidarci, dando un&#8217;occhiata alle proposte sui banchetti e fermandoci volentieri a chiacchierare di libri o ascoltare chi ci presenta le sue pubblicazioni.<\/p>\n<p>Allo stand di <a href=\"https:\/\/abocaedizioni.it\/\" target=\"_blank\" rel=\"noopener\"><em>Aboca Edizioni<\/em><\/a>, la casa editrice associata all&#8217;azienda toscana di prodotti naturali per la salute (alzi la mano chi di voi prende il Bianacid gusto menta per il reflusso&#8230; eccomi!) mi colpiscono due copertine in particolare: <a href=\"https:\/\/abocaedizioni.it\/libri\/piante-killer-molly-williams\/\" target=\"_blank\" rel=\"noopener\"><em>Piante Killer<\/em><\/a> di Molly Williams (non potrebbe essere utile per qualcuno che scrive gialli?!) e quel gatto cos\u00ec fashion con gli occhiali rosa del libro <a href=\"https:\/\/abocaedizioni.it\/libri\/tutti-i-segreti-del-gatto-sarah-brown\/\" target=\"_blank\" rel=\"noopener\"><em>Tutti i segreti del gatto<\/em><\/a> di Sarah Brown. Ma scorrendo gli altri titoli, scopro anche un dinosauro sul surf di <a href=\"https:\/\/abocaedizioni.it\/libri\/ha-sempre-fatto-caldo\/\" target=\"_blank\" rel=\"noopener\"><em>Ha sempre fatto caldo!<\/em><\/a> di Giulio Betti e un tour botanico tra i classici di Jane Austen con il saggio <a href=\"https:\/\/abocaedizioni.it\/libri\/nel-giardino-di-jane-austen\/\" target=\"_blank\" rel=\"noopener\"><em>Nel giardino di Jane Austen<\/em><\/a> di Molly Williams e Jessica Roux.<\/p>\n<p><img loading=\"lazy\" decoding=\"async\" class=\"aligncenter wp-image-30084\" src=\"https:\/\/www.webnauta.it\/wordpress\/wp-content\/uploads\/2026\/04\/Aboca_stand_bookpride26.png\" alt=\"Aboca Edizioni al Book Pride 2026\" width=\"650\" height=\"488\" srcset=\"https:\/\/www.webnauta.it\/wordpress\/wp-content\/uploads\/2026\/04\/Aboca_stand_bookpride26.png 1000w, https:\/\/www.webnauta.it\/wordpress\/wp-content\/uploads\/2026\/04\/Aboca_stand_bookpride26-300x225.png 300w, https:\/\/www.webnauta.it\/wordpress\/wp-content\/uploads\/2026\/04\/Aboca_stand_bookpride26-768x576.png 768w\" sizes=\"auto, (max-width: 650px) 100vw, 650px\" \/><\/p>\n<p>Sgargiante davanti a noi, allo stand di <a href=\"https:\/\/lavieri.it\/collana\/stampe\/\" target=\"_blank\" rel=\"noopener\"><em>Lavieri Edizioni<\/em>\u00a0<\/a>abbiamo ritrovato le bellissime stampe di <a href=\"https:\/\/lavieri.it\/libri\/cose-da-robot\/\" target=\"_blank\" rel=\"noopener\"><em>Cose da robot<\/em><\/a>\u00a0di Matt Dixon, ma scoperto anche le ragazze malinconiche di <a href=\"https:\/\/lavieri.it\/autori\/moon\/\" target=\"_blank\" rel=\"noopener\"><em>Moon<\/em><\/a>\u00a0e i gatti sorpresi di <a href=\"https:\/\/lavieri.it\/autori\/natalia-shaloshvili\/\" target=\"_blank\" rel=\"noopener\"><em>Natalia Shaloshvili<\/em><\/a>\u00a0Qui per\u00f2 ci sono anche libri illustrati per bambini e, perch\u00e9 no, per adulti. Una copertina mi colpisce perch\u00e9 mi ricorda le case che ho visto in Islanda lo scorso settembre: <a href=\"https:\/\/lavieri.it\/libri\/le-parole-della-neve\/\" target=\"_blank\" rel=\"noopener\"><em>Le parole della neve<\/em><\/a> di Valentina Maselli e Chiara Nasi.<\/p>\n<p><img loading=\"lazy\" decoding=\"async\" class=\"aligncenter wp-image-30096\" src=\"https:\/\/www.webnauta.it\/wordpress\/wp-content\/uploads\/2026\/04\/Lavieri_stand_bookpride26.png\" alt=\"Lavieri Edizioni al Book Pride 2026\" width=\"650\" height=\"488\" srcset=\"https:\/\/www.webnauta.it\/wordpress\/wp-content\/uploads\/2026\/04\/Lavieri_stand_bookpride26.png 1000w, https:\/\/www.webnauta.it\/wordpress\/wp-content\/uploads\/2026\/04\/Lavieri_stand_bookpride26-300x225.png 300w, https:\/\/www.webnauta.it\/wordpress\/wp-content\/uploads\/2026\/04\/Lavieri_stand_bookpride26-768x576.png 768w\" sizes=\"auto, (max-width: 650px) 100vw, 650px\" \/><\/p>\n<p>Allo stand di <a href=\"https:\/\/www.tunue.com\/\" target=\"_blank\" rel=\"noopener\"><em>Tunu\u00e9<\/em><\/a>\u00a0mi diverto a guardare i libri per i ragazzi: una bellissima serie colorata per <a href=\"https:\/\/www.tunue.com\/emma-e-unicorno\/\" target=\"_blank\" rel=\"noopener\"><em>Emma e l&#8217;Unicorno<\/em><\/a> di Dana Simpson, due fumetti dedicati ai fantasmi, <a href=\"https:\/\/www.tunue.com\/product\/il-libro-dei-fantasmi\/\" target=\"_blank\" rel=\"noopener\"><em>Il libro dei fantasmi<\/em><\/a> di Remy Lai e <a href=\"https:\/\/www.tunue.com\/product\/ciao-mamma-vado-dai-fantasmi\/\" target=\"_blank\" rel=\"noopener\"><em>Ciao mamma, vado dai fantasmi<\/em><\/a> di Luca Raffaelli, Lucia Nanni e Piero Bulzoni. Se andate sul sito dell&#8217;editore, per ogni libro potete scorrere un&#8217;anteprima delle prime pagine.<\/p>\n<p><img loading=\"lazy\" decoding=\"async\" class=\"aligncenter wp-image-30101\" src=\"https:\/\/www.webnauta.it\/wordpress\/wp-content\/uploads\/2026\/04\/Tunue_stand_bookpride26.png\" alt=\"Tunu\u00e9 al Book Pride 2026\" width=\"650\" height=\"488\" srcset=\"https:\/\/www.webnauta.it\/wordpress\/wp-content\/uploads\/2026\/04\/Tunue_stand_bookpride26.png 1000w, https:\/\/www.webnauta.it\/wordpress\/wp-content\/uploads\/2026\/04\/Tunue_stand_bookpride26-300x225.png 300w, https:\/\/www.webnauta.it\/wordpress\/wp-content\/uploads\/2026\/04\/Tunue_stand_bookpride26-768x576.png 768w\" sizes=\"auto, (max-width: 650px) 100vw, 650px\" \/><\/p>\n<p>Ci sono alcuni espositori che non conosciamo, ma rivolgo sempre un&#8217;occhiata ai titoli per capire se ci potrebbe essere qualcosa di interessante, non solo per me, ma anche qualche amica che \u00e8 sempre alla ricerca di nuove letture. Cos\u00ec poco avanti scorgo questa <a href=\"https:\/\/www.enciclopediadelledonne.it\/edd.nsf\/libri\/mappa-femminile-della-citt%C3%A0-di-milano\" target=\"_blank\" rel=\"noopener\"><em>Mappa femminile della citt\u00e0 di Milano. Itinerari nel centro storico<\/em><\/a>\u00a0di Lorenza Minoli, con la collaborazione di Linda Bertella. Una signora gentile coglie la mia curiosit\u00e0 e mi spiega cos\u00ec di questa associazione, <a href=\"https:\/\/www.enciclopediadelledonne.it\/\" target=\"_blank\" rel=\"noopener\"><em>l&#8217;Enciclopedia delle donne<\/em><\/a>, che dal 2010 pubblica biografie e ricerche per incoraggiare e diffondere la conoscenza dei personaggi femminili che hanno contribuito alla Storia. Perch\u00e9 ci hanno sempre raccontato che dietro a un grande uomo c&#8217;\u00e8 una grande donna, ma spesso questa era solo una scusa. La Mappa femminile della citt\u00e0 di Milano si propone quindi, attraverso una serie di itinerari guidati, di \u201cdare evidenza e significativit\u00e0 urbane alla storia delle donne\u201d che qui hanno vissuto. Non c&#8217;\u00e8 un&#8217;anteprima online, ma ho scorso le pagine l\u00ec in fiera e l&#8217;ho trovata particolare. Spero che in futuro l&#8217;idea venga allargata anche ad altre citt\u00e0, magari proprio la mia Padova e partendo da Elena Lucrezia Cornaro Piscopia, la prima donna laureata al mondo.<\/p>\n<p><img loading=\"lazy\" decoding=\"async\" class=\"aligncenter wp-image-30092\" src=\"https:\/\/www.webnauta.it\/wordpress\/wp-content\/uploads\/2026\/04\/enciclopedia_donne_bookpride26.png\" alt=\"Enciclopedia delle donne al Book Pride 2026\" width=\"650\" height=\"488\" srcset=\"https:\/\/www.webnauta.it\/wordpress\/wp-content\/uploads\/2026\/04\/enciclopedia_donne_bookpride26.png 1000w, https:\/\/www.webnauta.it\/wordpress\/wp-content\/uploads\/2026\/04\/enciclopedia_donne_bookpride26-300x225.png 300w, https:\/\/www.webnauta.it\/wordpress\/wp-content\/uploads\/2026\/04\/enciclopedia_donne_bookpride26-768x576.png 768w\" sizes=\"auto, (max-width: 650px) 100vw, 650px\" \/><\/p>\n<p>Poco pi\u00f9 avanti mi colpisce una frase di Flannery O&#8217;Connor scritta in bianco su una lavagnetta scura: &#8220;Io scrivo perch\u00e9 non so cosa penso finch\u00e9 non leggo quello che dico.&#8221; Mi fermo a osservare meglio questo stand del <a href=\"https:\/\/centroformazionesupereroi.org\/\" target=\"_blank\" rel=\"noopener\"><em>Centro Formazione Supereroi<\/em><\/a>\u00a0(gi\u00e0 il nome \u00e8 pazzesco!) e sopra il banchetto trovo la Saponetta della leggerezza perduta, la Polvere della pazienza infinita e la Crema 100% risata. Ci sono diversi quaderni colorati, con le copertine arancione e verde fluo, ma soprattutto un taccuino in acquamarina con questo titolo: &#8220;Un anno di storie. Le tue.&#8221; Uhm, aspetta un po&#8217;.<\/p>\n<p>Ci spiegano che <strong><span style=\"color: #ff00ff;\">il Centro Formazione Supereroi \u00e8 un\u2019associazione di professionisti della parola scritta<\/span><\/strong> \u2013 autori, editor, giornalisti, operatori culturali \u2013 nata nel 2016 con l&#8217;obiettivo di diffondere la scrittura come superpotere per affrontare il mondo. Nella loro sede di Milano, organizzano laboratori di scrittura, eventi e attivit\u00e0 creative, completamente gratuiti per gli studenti tra i 10 e i 18 anni. Si cerca cos\u00ec di aiutare i ragazzi a sviluppare la loro capacit\u00e0 di espressione e offrire loro la possibilit\u00e0 di raccontarsi con la propria voce.<br \/>\nL&#8217;associazione si mantiene con le donazioni libere, con il 5&#215;1000 sulla dichiarazione dei redditi e con la vendita di libri e taccuini prodotti sia dai ragazzi dei laboratori che dai professionisti dell&#8217;associazione. Uno di questi \u00e8 proprio il Taccuino di CFS <em>&#8220;<a href=\"https:\/\/centroformazionesupereroi.org\/home\/a-natale-accendi-limmaginazione\/\" target=\"_blank\" rel=\"noopener\">Un anno di storie. Le tue.&#8221;<\/a><\/em>\u00a0(potete richiederlo via mail se non siete di Milano).<\/p>\n<p>Ma non \u00e8 finita qui! Soprattutto per gli scrittori e aspiranti tali, segnalo questo progetto: <a href=\"https:\/\/centroformazionesupereroi.org\/the-editors-are-in\/\" target=\"_blank\" rel=\"noopener\"><em>THE EDITORS ARE IN<\/em><\/a>\u00a0, <strong><span style=\"color: #ff00ff;\">un incontro privato di 30 minuti con un professionista dell\u2019editoria, scelto tra gli editor di grandi case editrici italiane<\/span><\/strong>, dal vivo a Milano, nella sede dell&#8217;associazione, oppure in videochiamata. Voi inviate un capitolo del manoscritto e la sinossi del romanzo (massimo 15.000 battute), questo verr\u00e0 letto dall&#8217;editor che vi verr\u00e0 assegnato e potrete poi parlarne con lui durante l&#8217;incontro. Il costo di questo servizio \u00e8 un&#8217;offerta libera a partire da 100 \u20ac per sostenere poi i laboratori e gli eventi gratuiti dell&#8217;associazione. Gli editor disponibili sono: Giordano Aterini (editor Mondadori e docente per la Scuola Mohole), Edoardo Brugnatelli (storico editor Mondadori e direttore editoriale di Anobii), Giulia Ichino (responsabile editoriale Bompiani), Stefano Izzo (editor Salani Editore), Chiara Scaglioni (direttore editoriale HarperCollins Italia) e Giuseppe Strazzeri (direttore editoriale per Longanesi). Direi che \u00e8 il caso di farci un pensierino. \ud83d\ude09<\/p>\n<p><img loading=\"lazy\" decoding=\"async\" class=\"aligncenter wp-image-30088\" src=\"https:\/\/www.webnauta.it\/wordpress\/wp-content\/uploads\/2026\/04\/centro_formazione_supereroi_bookpride26.png\" alt=\"Centro Formazione Supereroi al Book Pride 2026\" width=\"650\" height=\"488\" srcset=\"https:\/\/www.webnauta.it\/wordpress\/wp-content\/uploads\/2026\/04\/centro_formazione_supereroi_bookpride26.png 1000w, https:\/\/www.webnauta.it\/wordpress\/wp-content\/uploads\/2026\/04\/centro_formazione_supereroi_bookpride26-300x225.png 300w, https:\/\/www.webnauta.it\/wordpress\/wp-content\/uploads\/2026\/04\/centro_formazione_supereroi_bookpride26-768x576.png 768w\" sizes=\"auto, (max-width: 650px) 100vw, 650px\" \/><\/p>\n<p>Eccoci a una delle mie nuove isole felici: la distesa dei libri <a href=\"https:\/\/iperborea.com\/\" target=\"_blank\" rel=\"noopener\"><em>Iperborea<\/em><\/a> che, a dispetto del loro strano formato stretto e lungo, sono alquanto comodi da leggere con una sola mano. Ma soprattutto mi hanno preparato al mio <a href=\"https:\/\/www.webnauta.it\/wordpress\/viaggio-islanda\/\" target=\"_blank\" rel=\"noopener\"><em>viaggio in Islanda del sud<\/em><\/a> dello scorso settembre, cos\u00ec mi fermo proprio a contare quali altri titoli mi mancano di quella regione.<br \/>\n&#8220;Le piace l&#8217;Islanda?&#8221; mi chiede la ragazza dietro al banchetto.<br \/>\n&#8220;S\u00ec, e ci sono stata per colpa dei vostri libri!&#8221; le ho risposto ridendo. &#8220;Da quando siamo tornati, mio marito guarda le previsioni del tempo e la situazione delle strade in Islanda, invece di quelle qua in Italia&#8230;&#8221;<br \/>\nSpostandomi sulla sinistra, mi colpiscono sul momento un paio di titoli e copertine, che fotografo per i futuri acquisti: <a href=\"https:\/\/iperborea.com\/titolo\/75\/la-vera-storia-del-pirata-long-john-silver\/\" target=\"_blank\" rel=\"noopener\"><em>La vera storia del pirata Long John Silver<\/em><\/a> di Bj\u00f6rn Larsson con quel bellissimo veliero in contrasto con la Luna, e <a href=\"https:\/\/iperborea.com\/titolo\/724\/cacciatori-di-tenebre\/\" target=\"_blank\" rel=\"noopener\"><em>Cacciatori di tenebre<\/em><\/a> di Ben Machell, che recita cos\u00ec nella quarta di copertina: &#8220;In queste pagine ci sono solo storie vere: di poltergeist, infestazioni, possessioni, sedute spiritiche. E delle indagini di un uomo che ha passato la vita a cercare di spiegarle. Spesso ci \u00e8 riuscito. Ma non sempre.&#8221; Ecco, segna altri due titoli in lista&#8230; Magari dopo torniamo indietro a prenderli.<\/p>\n<p><img loading=\"lazy\" decoding=\"async\" class=\"aligncenter wp-image-30095\" src=\"https:\/\/www.webnauta.it\/wordpress\/wp-content\/uploads\/2026\/04\/iperborea_stand_bookpride26.png\" alt=\"Iperborea al Book Pride 2026\" width=\"650\" height=\"488\" srcset=\"https:\/\/www.webnauta.it\/wordpress\/wp-content\/uploads\/2026\/04\/iperborea_stand_bookpride26.png 1000w, https:\/\/www.webnauta.it\/wordpress\/wp-content\/uploads\/2026\/04\/iperborea_stand_bookpride26-300x225.png 300w, https:\/\/www.webnauta.it\/wordpress\/wp-content\/uploads\/2026\/04\/iperborea_stand_bookpride26-768x576.png 768w\" sizes=\"auto, (max-width: 650px) 100vw, 650px\" \/><\/p>\n<p>Allo stand di <a href=\"https:\/\/www.elliotedizioni.com\/\" target=\"_blank\" rel=\"noopener\"><em>Elliot<\/em><\/a>, il nome di Elizabeth Gaskell colpisce Sandra per le copertine con una simmetria floreale, una linea riconoscibile in mezzo a tutto il resto. Abbiamo googlato in velocit\u00e0 per scoprire che <strong><span style=\"color: #ff00ff;\">Elizabeth Gaskell \u00e8 considerata tra le maggiori scrittrici vittoriane<\/span><\/strong>, nota sia per i suoi romanzi, alcuni pubblicati a puntate sulla rivista Household Words di Charles Dickens, che per la prima biografia dell&#8217;amica Charlotte Bront\u00eb, The Life of Charlotte Bront\u00eb del 1857. Per le copertine di questa nuova collana <a href=\"https:\/\/www.elliotedizioni.com\/autori\/elizabeth-gaskell\/\" target=\"_blank\" rel=\"noopener\"><em>&#8220;Gaskell Collection&#8221;<\/em><\/a>\u00a0sono state scelte le illustrazioni di William Morris. Ci proponiamo di approfondire questa scrittrice nel prossimo futuro.<\/p>\n<p><img loading=\"lazy\" decoding=\"async\" class=\"aligncenter wp-image-30091\" src=\"https:\/\/www.webnauta.it\/wordpress\/wp-content\/uploads\/2026\/04\/elliot_gaskell_bookpride26.png\" alt=\"Gaskell Collection di Elliot al Book Pride 2026\" width=\"650\" height=\"488\" srcset=\"https:\/\/www.webnauta.it\/wordpress\/wp-content\/uploads\/2026\/04\/elliot_gaskell_bookpride26.png 1000w, https:\/\/www.webnauta.it\/wordpress\/wp-content\/uploads\/2026\/04\/elliot_gaskell_bookpride26-300x225.png 300w, https:\/\/www.webnauta.it\/wordpress\/wp-content\/uploads\/2026\/04\/elliot_gaskell_bookpride26-768x576.png 768w\" sizes=\"auto, (max-width: 650px) 100vw, 650px\" \/><\/p>\n<p>Girando l&#8217;angolo tra due corsie adiacenti, mi trovo davanti un bellissimo poster di un acquerello con la Tour Eiffel, che recita &#8220;La grande letteratura francese che lascia il segno&#8221;. Scopro cos\u00ec <a href=\"https:\/\/www.prehistoricaeditore.it\/\" target=\"_blank\" rel=\"noopener\"><em>Prehistorica Editore<\/em><\/a>, una casa editrice dedicata solo alla Letteratura francese. Una copertina e un titolo attraggono la mia curiosit\u00e0: <a href=\"https:\/\/www.prehistoricaeditore.it\/libro\/9788831234153\" target=\"_blank\" rel=\"noopener\"><em>Il viaggio del divano letto<\/em><\/a> di Pierre Jourde con il disegno di un classico camper Volkswagen Westfalia che rimanda subito al fascino dell&#8217;avventura improvvisata. Si sa poi che un viaggio fisico accompagna sempre anche un&#8217;esplorazione di s\u00e9, aggiungiamoci la difficolt\u00e0 di trasportare un divano letto per mezza Francia, dal centro di Parigi fino alla regione dell&#8217;Alvernia. Segniamo anche questo!<\/p>\n<p><img loading=\"lazy\" decoding=\"async\" class=\"aligncenter wp-image-30098\" src=\"https:\/\/www.webnauta.it\/wordpress\/wp-content\/uploads\/2026\/04\/prehistorica_editore.png\" alt=\"Prehistorica Editore La grande letteratura francese che lascia il segno\" width=\"650\" height=\"488\" srcset=\"https:\/\/www.webnauta.it\/wordpress\/wp-content\/uploads\/2026\/04\/prehistorica_editore.png 1000w, https:\/\/www.webnauta.it\/wordpress\/wp-content\/uploads\/2026\/04\/prehistorica_editore-300x225.png 300w, https:\/\/www.webnauta.it\/wordpress\/wp-content\/uploads\/2026\/04\/prehistorica_editore-768x576.png 768w\" sizes=\"auto, (max-width: 650px) 100vw, 650px\" \/><\/p>\n<p><img loading=\"lazy\" decoding=\"async\" class=\"aligncenter wp-image-30097\" src=\"https:\/\/www.webnauta.it\/wordpress\/wp-content\/uploads\/2026\/04\/prehistorica_bookpride26.png\" alt=\"Prehistorica Editore al Book Pride 2026\" width=\"650\" height=\"488\" srcset=\"https:\/\/www.webnauta.it\/wordpress\/wp-content\/uploads\/2026\/04\/prehistorica_bookpride26.png 1000w, https:\/\/www.webnauta.it\/wordpress\/wp-content\/uploads\/2026\/04\/prehistorica_bookpride26-300x225.png 300w, https:\/\/www.webnauta.it\/wordpress\/wp-content\/uploads\/2026\/04\/prehistorica_bookpride26-768x576.png 768w\" sizes=\"auto, (max-width: 650px) 100vw, 650px\" \/><\/p>\n<p>Una delle sorprese di questo Book Pride \u00e8 stato lo stand di <a href=\"https:\/\/www.voland.it\" target=\"_blank\" rel=\"noopener\"><em>Voland<\/em><\/a>, non perch\u00e9 non conoscessimo la casa editrice, ma perch\u00e9 vi abbiamo trovato un entusiasta dei libri, che sprizzando energia e gioia ci ha raccontato diversi aneddoti, pezzi di trame, consigli per letture e pure dissertazioni sulle diverse citt\u00e0 d&#8217;Italia. <strong><span style=\"color: #ff00ff;\">Marco Paoletti di Voland ha colto il nostro sguardo incuriosito mentre scorrevamo i titoli esposti<\/span><\/strong> e non ha pi\u00f9 smesso di intrattenerci. Giuro che potevamo tranquillamente prenderci una seggiola e passare l\u00ec davanti il pomeriggio. Stavamo osservando i romanzi di <a href=\"https:\/\/www.voland.it\/catalogo\/autore\/3\/amelie-nothomb\" target=\"_blank\" rel=\"noopener\"><em>Am\u00e8lie Nothomb<\/em><\/a>, cos\u00ec ci ha spiegato che dal 1997 l&#8217;autrice \u00e8 fedelissima a questa casa editrice, che l\u2019ha lanciata per prima in Italia e che tutt&#8217;oggi consente alla Voland di mantenere un bilancio bello attivo e pubblicare anche gli altri libri. Ci ha confessato come sia eclettica come persona, senza un cellulare, senza una mail, quando parte da Parigi per raggiungere l&#8217;Italia per le presentazioni non sanno mai se arriva davvero, finch\u00e9 non la trovano all&#8217;aeroporto di arrivo. Di come sia affezionata al nostro paese e di come, nonostante un assegno con una cifra astronomica, si sia rifiutata di cambiare editore. Ha ringraziato per l&#8217;offerta, un grande onore, ma i soldi non sono poi cos\u00ec importanti, lei \u00e8 gi\u00e0 ricca. Chapeau!<br \/>\nCi ha ricordato che al cinema \u00e8 uscito <a href=\"https:\/\/www.youtube.com\/watch?v=H-fUKgptcPM\" target=\"_blank\" rel=\"noopener\"><em>La piccola Am\u00e9lie<\/em><\/a>\u00a0tratto dal suo romanzo <a href=\"https:\/\/www.voland.it\/libro\/9788862430166\" target=\"_blank\" rel=\"noopener\"><em>Metafisica dei tubi<\/em><\/a>, ma c&#8217;\u00e8 anche il film <a href=\"https:\/\/www.youtube.com\/watch?v=hTbUoUwDxGA\" target=\"_blank\" rel=\"noopener\"><em>Il fascino indiscreto dell&#8217;amore<\/em><\/a>\u00a0(adesso disponibile su <a href=\"https:\/\/www.primevideo.com\/detail\/Il-fascino-indiscreto-dellamore\/0SGKXV3FL182AVKPYYK7E90RMW\" target=\"_blank\" rel=\"noopener\"><em>Amazon Prime Video<\/em><\/a>) tratto invece dal libro <a href=\"https:\/\/www.voland.it\/libro\/9788888700984\" target=\"_blank\" rel=\"noopener\"><em>N\u00e9 di Eva n\u00e9 di Adamo<\/em><\/a>.<br \/>\nParlando della casa editrice, ci ha spiegato che il nome Voland deriva dal romanzo <a href=\"https:\/\/it.wikipedia.org\/wiki\/Il_maestro_e_Margherita\" target=\"_blank\" rel=\"noopener\"><em>Il maestro e Margherita<\/em><\/a>\u00a0di Michail Bulgakov, quel misterioso personaggio, esperto di magia nera, che alla fine rappresenta lo stesso Satana, spirito sovvertitore pi\u00f9 di tutti gli altri. E che il font dei loro libri \u00e8 unico, si chiama proprio Voland (con un trattino orizzontale sulla V), disegnato appositamente da Luciano Perondi. Sandra gli ha poi chiesto &#8220;Ma dove trovate questi autori da pubblicare? Come li scegliete?&#8221; La risposta non \u00e8 poi cos\u00ec ovvia: <strong><span style=\"color: #ff00ff;\">&#8220;Sono i nostri traduttori i veri scout.<\/span><\/strong> Leggono i romanzi originali in lingua e ce li propongono per acquistare i diritti per la traduzione in italiano. Abbiamo una squadra formidabile di traduttori!&#8221;<br \/>\nTra le altre cose, ci ha consigliato di leggere <a href=\"https:\/\/www.voland.it\/libro\/9788862434737\" target=\"_blank\" rel=\"noopener\"><em>Le 12 sedie<\/em><\/a> di Il\u2019ja Il\u2019f e Evgenij Petrov: una vecchia aristocratica ha nascosto i suoi preziosi gioielli in una delle dodici sedie del salotto, non si sa quale, ma nel frattempo le sedie sono state vendute e sparpagliate per tutta la Russia, cos\u00ec il genere e il prete cominciano la ricerca. Ho preferito acquistare la mia prima lettura per la Nothomb, ma queste 12 sedie continuano a ronzarmi in testa&#8230;<\/p>\n<p>Allo stand di Voland siamo passate nuovamente prima di uscire, avendo lasciato uno spazietto nelle borse per un ultimo acquisto. Si erano radunati un po&#8217; di lettori e cos\u00ec ci siamo ritrovati a parlare delle nostre citt\u00e0 preferite, italiane e non. Tutto \u00e8 nato dalle guide turistiche &#8220;ribelli&#8221; della <a href=\"https:\/\/www.voland.it\/catalogo\/collana\/2\" target=\"_blank\" rel=\"noopener\"><em>collana Finestre<\/em><\/a>, che comprende Roma, Venezia, Firenze, New York, Mosca, Berlino, Barcellona e Parigi. &#8220;Ma Milano non c&#8217;\u00e8?&#8221; chiede Sandra. &#8220;Ma a Milano, per un turista che viene per la prima volta in Italia, cosa c&#8217;\u00e8 poi da vedere?!&#8221; risponde Marco Paoletti. Seguono diverse rimostranze, anche piuttosto divertenti, e poi si finisce a parlare di viaggi all&#8217;estero. Io dico solo due parole: Scozia, Edimburgo. Toh. \ud83d\ude42<\/p>\n<p><img loading=\"lazy\" decoding=\"async\" class=\"aligncenter wp-image-30103\" src=\"https:\/\/www.webnauta.it\/wordpress\/wp-content\/uploads\/2026\/04\/voland_stand_bookpride26.png\" alt=\"Voland al Book Pride 2026\" width=\"650\" height=\"488\" srcset=\"https:\/\/www.webnauta.it\/wordpress\/wp-content\/uploads\/2026\/04\/voland_stand_bookpride26.png 1000w, https:\/\/www.webnauta.it\/wordpress\/wp-content\/uploads\/2026\/04\/voland_stand_bookpride26-300x225.png 300w, https:\/\/www.webnauta.it\/wordpress\/wp-content\/uploads\/2026\/04\/voland_stand_bookpride26-768x576.png 768w\" sizes=\"auto, (max-width: 650px) 100vw, 650px\" \/><\/p>\n<p>Passando da una fila all&#8217;altra, vengo subito attirata da una copertina Pink Barbie dedicata proprio a&#8230; Barbie! \ud83d\ude00<br \/>\nLo stand \u00e8 quello di <a href=\"https:\/\/www.24orecultura.com\/libri\/\" target=\"_blank\" rel=\"noopener\"><em>24 ORE Cultura<\/em><\/a>, editore di libri illustrati e cataloghi d\u2019arte del gruppo Il Sole 24 Ore. Quello con la copertina fucsia \u00e8 un librone enorme, <a href=\"https:\/\/www.24orecultura.com\/libri\/catalogo\/barbie\/\" target=\"_blank\" rel=\"noopener\"><em>Barbie. The Icon Celebration<\/em><\/a>\u00a0di Massimiliano Capella, con le foto dei giocattoli originali, in ordine cronologico, che hanno segnato la storia di diverse generazioni. Vicino c&#8217;\u00e8 anche il corrispettivo maschile, <a href=\"https:\/\/www.24orecultura.com\/libri\/catalogo\/i-am-ken-storia-e-stile\/\" target=\"_blank\" rel=\"noopener\"><em>I AM KEN. Storia e stile<\/em><\/a>\u00a0sempre di Massimiliano Capella, per\u00f2 non ce l&#8217;ho avuto Ken, mi spiace. Un po&#8217; nascosto invece un altro volumetto interessante per la bambina di allora, <a href=\"https:\/\/www.24orecultura.com\/libri\/catalogo\/barbie-fashion-icon\/\" target=\"_blank\" rel=\"noopener\"><em>Barbie Fashion Icon. Paperscape activity book<\/em><\/a>\u00a0con illustrazioni di Alessandra Scandella. Questo \u00e8 un libro-gioco: ogni pagina ha un profilo staccabile colorato, resta la sagoma della Barbie, e in fondo ci sono invece delle Barbie di carta staccabili, per giocare con la fantasia. Qui ritrovo anche la Barbie Giorno e Sera del 1985, quella che desideravo tanto, con la gonna trasformabile in un vestito da sera, ma niente, il mio Babbo Natale era sordo e rincoglionito&#8230;<\/p>\n<p><img loading=\"lazy\" decoding=\"async\" class=\"aligncenter wp-image-30083\" src=\"https:\/\/www.webnauta.it\/wordpress\/wp-content\/uploads\/2026\/04\/24orecultura_bookpride26.png\" alt=\"24 ORE Cultura al Book Pride 2026 con Barbie\" width=\"650\" height=\"488\" srcset=\"https:\/\/www.webnauta.it\/wordpress\/wp-content\/uploads\/2026\/04\/24orecultura_bookpride26.png 1000w, https:\/\/www.webnauta.it\/wordpress\/wp-content\/uploads\/2026\/04\/24orecultura_bookpride26-300x225.png 300w, https:\/\/www.webnauta.it\/wordpress\/wp-content\/uploads\/2026\/04\/24orecultura_bookpride26-768x576.png 768w\" sizes=\"auto, (max-width: 650px) 100vw, 650px\" \/><\/p>\n<p><img loading=\"lazy\" decoding=\"async\" class=\"aligncenter wp-image-30085\" src=\"https:\/\/www.webnauta.it\/wordpress\/wp-content\/uploads\/2026\/04\/Barbie_bookpride26.png\" alt=\"Barbie Fashion Icon di 24 ORE Cultura al Book Pride 2026 con Barbie\" width=\"650\" height=\"488\" srcset=\"https:\/\/www.webnauta.it\/wordpress\/wp-content\/uploads\/2026\/04\/Barbie_bookpride26.png 1000w, https:\/\/www.webnauta.it\/wordpress\/wp-content\/uploads\/2026\/04\/Barbie_bookpride26-300x225.png 300w, https:\/\/www.webnauta.it\/wordpress\/wp-content\/uploads\/2026\/04\/Barbie_bookpride26-768x576.png 768w\" sizes=\"auto, (max-width: 650px) 100vw, 650px\" \/><\/p>\n<p>Arriviamo alla seconda sorpresa di questo Book Pride, che a raccontarla \u00e8 tutta da ridere. Stiamo camminando nel corridoio e Sandra al mio fianco mi dice <strong><span style=\"color: #ff00ff;\">&#8220;Ah, questo \u00e8 un editore di Padova&#8230;&#8221;<\/span><\/strong> Io mi blocco, osservo meglio, leggo i poster appesi sul bordo del banchetto, poi i cartelloni appesi dietro sulla parete dello stand, ma l&#8217;indirizzo non c&#8217;\u00e8. &#8220;Di Padova? Ma non c&#8217;\u00e8 scritto&#8230;sei sicura?&#8221; Lei insiste convinta &#8220;S\u00ec, s\u00ec, \u00e8 di Padova, l&#8217;ho visto su Instagram e poi li ho conosciuti al Salone&#8230; scommettiamo?!&#8221; Allora mi avvicino e chiedo alla ragazza dello stand &#8220;Scusa, ma siete di Padova?&#8221; Lei sorridendo divertita, riconoscendo probabilmente la mia cadenza, replica &#8220;Eccerto che siamo di Padova, non si sente l&#8217;accento?&#8221; Al che io ribatto con un &#8220;Anca mi son de Padova, ostrega!&#8221; \ud83d\ude00 Incuriosita ulteriormente, domando ancora &#8220;Ma dove esattamente, di Padova?&#8221; pensando mi indichi un quartiere specifico. &#8220;Siamo di Cadoneghe.&#8221;<br \/>\nQui non riesco a trattenermi e scoppio a ridere. Dovete sapere che Cadoneghe a casa mia non \u00e8 considerato proprio un bel posto, sia per questioni di lavoro che ahim\u00e8 per quel brutto fattaccio dell&#8217;estate 2023, di quelle <a href=\"https:\/\/www.ilgazzettino.it\/nordest\/padova\/multe_autovelox_quante_sono_pagate-7654921.html\" target=\"_blank\" rel=\"noopener\"><em>60.000 multe in un mese<\/em><\/a>\u00a0per un autovelox furbetto, multe che il Sindaco aveva promesso di restituire, ma io sono ancora qua che aspetto&#8230; Spiego tutto questo alla ragazza, la quale giustamente mi fa notare che adesso cambier\u00f2 prospettiva su quel territorio. Ha ragione: una casa editrice proprio di Padova al Book Pride, che orgoglio!<\/p>\n<p>Loro sono <a href=\"https:\/\/detomieditore.it\/\" target=\"_blank\" rel=\"noopener\"><em>De Tomi Editore<\/em><\/a>, sono &#8220;nati&#8221; nel 2023 per inseguire un sogno (potete leggere la loro storia qui: <a href=\"https:\/\/detomieditore.it\/pages\/chi-siamo\" target=\"_blank\" rel=\"noopener\"><em>Siediti, devo raccontarti una storia<\/em><\/a>) e si presentano con quattro collane: <em>Rivelazioni<\/em>, opere che esplorano la bellezza e la complessit\u00e0 della vita, senza un genere letterario predefinito; <em>Enigmi<\/em> che raccoglie la suspense e il mistero di gialli, noir e thriller; <em>Universi<\/em> che esplora la fantascienza e il fantasy, tra mondi straordinari e carichi di magia; <em>Incubi<\/em>, dove si nascondono le ombre pi\u00f9 cupe e il puro horror. Vogliamo parlare delle copertine illustrate con la tecnica, immensamente poetica, dell&#8217;acquerello? Anche le immagini del loro sito usano la stessa fluidit\u00e0 del colore e quelle trasparenze accennate cos\u00ec magiche.<br \/>\n<strong><span style=\"color: #ff00ff;\">Inoltre, per ogni libro venduto, De Tomi Editore pianter\u00e0 un albero,<\/span> <\/strong>perch\u00e9 un&#8217;editoria pi\u00f9 sostenibile \u00e8 possibile. Sul sito dell&#8217;organizzazione internazionale Tree-Nation potete verificare questa bellissima iniziativa: <a href=\"https:\/\/tree-nation.com\/it\/profilo\/impatto\/de-tomi-editore\" target=\"_blank\" rel=\"noopener\"><em>La foresta di De Tomi Editore<\/em><\/a><br \/>\nSul loro sito, ricco di spunti interessanti, ne trovo due particolarmente importanti: una riflessione sul costo dei libri e la loro scelta di mantenere il prezzo di copertina tra i 12\u20ac e i 16\u20ac, <a href=\"https:\/\/detomieditore.it\/blogs\/notizie\/editoriale-lannosa-questione-dei-libri-costosi\" target=\"_blank\" rel=\"noopener\"><em>Editoriale: l&#8217;annosa questione dei &#8220;libri costosi&#8221;<\/em><\/a>; un&#8217;area che raccoglie una serie di profili professionali, testati da De Tomi, per l&#8217;editing, la correzione bozze, le illustrazioni, la traduzione, a disposizione per gli autori self-publishing, <a href=\"https:\/\/detomieditore.it\/pages\/spazio-self\" target=\"_blank\" rel=\"noopener\"><em>Spazio Self<\/em><\/a>. Beh, non vuoi non prenderti un libro da una casa editrice di Padova e&#8230; riportarlo con te a Padova?! \ud83d\ude00<\/p>\n<p><img loading=\"lazy\" decoding=\"async\" class=\"aligncenter wp-image-30089\" src=\"https:\/\/www.webnauta.it\/wordpress\/wp-content\/uploads\/2026\/04\/DeTomi_editore_bookpride26.png\" alt=\"De Tomi Editore al Book Pride 2026\" width=\"650\" height=\"488\" srcset=\"https:\/\/www.webnauta.it\/wordpress\/wp-content\/uploads\/2026\/04\/DeTomi_editore_bookpride26.png 1000w, https:\/\/www.webnauta.it\/wordpress\/wp-content\/uploads\/2026\/04\/DeTomi_editore_bookpride26-300x225.png 300w, https:\/\/www.webnauta.it\/wordpress\/wp-content\/uploads\/2026\/04\/DeTomi_editore_bookpride26-768x576.png 768w\" sizes=\"auto, (max-width: 650px) 100vw, 650px\" \/><\/p>\n<p>Anche se io e Sandra siamo maggiormente interessate alla narrativa, sbirciamo comunque gli stand di saggistica e fumetti. Ci avviciniamo a uno stand in testa tra due corsie e troviamo l\u00ec, abbandonata, una cartellina azzurra con dei fogli graffettati, quasi fosse una cartella clinica, e un&#8217;etichetta irriverente sul frontespizio. &#8220;MI SONO ROTTO IL CAZZO&#8221;. Ma ce ne sono una serie sotto il primo, come se fosse una pubblicazione in vendita, in pi\u00f9 copie. Davvero curiosa. In realt\u00e0 \u00e8 un libro di fotografie un po&#8217; anarchico: <a href=\"https:\/\/edicola518.com\/prodotto\/mi-sono-rotto-il-cazzo\/\" target=\"_blank\" rel=\"noopener\"><em>Mi Sono Rotto il Cazzo<\/em><\/a> di Niccol\u00f2 Del Pizzo (avevo promesso a Sandra di cercare cos&#8217;era sta roba, eccola qua!)<br \/>\nE&#8217; uno dei tanti progetti di <a href=\"https:\/\/edicola518.com\/\" target=\"_blank\" rel=\"noopener\"><em>Edicola 518<\/em><\/a>\u00a0che si chiama cos\u00ec perch\u00e9 \u00e8 davvero un chiosco nel cuore di Perugia (la potete vedere nell&#8217;homepage del loro sito). Fondata il 1 giugno 2016 sulle spoglie di un edicola storica del centro, <strong><span style=\"color: #ff00ff;\">Edicola 518 \u00e8 diventata una libreria senza eguali,<\/span><\/strong> &#8220;quattro metri quadrati di spazio infinito&#8221; come recita l&#8217;insegna. Il catalogo propone una scelta unica di magazine indipendenti (<a href=\"https:\/\/edicola518.com\/prodotto\/bellissimo-%e2%84%961-giallo-preorder\/\" target=\"_blank\" rel=\"noopener\"><em>Bellissimo<\/em><\/a>\u00a0e <a href=\"https:\/\/edicola518.com\/prodotto\/bellissimo-%e2%84%964-preorder\/\" target=\"_blank\" rel=\"noopener\"><em>Holiday Club<\/em><\/a>), riviste d&#8217;arte e fotografia, edizioni artigianali, proposte creative (come <a href=\"https:\/\/edicola518.com\/prodotto\/flow-book-for-paper-lovers-2025-2\/\" target=\"_blank\" rel=\"noopener\"><em>Flow Book for Paper Lovers<\/em><\/a>) prodotti della casa editrice Emergenze Publishing, che gestisce anche Edicola 518. Potete leggere la loro storia su questo articolo di Rolling Stone: <a href=\"https:\/\/www.rollingstone.it\/cultura\/interviste-cultura\/reinventare-le-edicole-e-impossibile-parola-di-chi-ce-lha-fatta\/1016409\/\" target=\"_blank\" rel=\"noopener\"><em>Reinventare le edicole \u00e8 impossibile: parola di chi ce l\u2019ha fatta<\/em><\/a><\/p>\n<p><img loading=\"lazy\" decoding=\"async\" class=\"aligncenter wp-image-30090\" src=\"https:\/\/www.webnauta.it\/wordpress\/wp-content\/uploads\/2026\/04\/Edicola518_bookpride26.png\" alt=\"Edicola 518 al Book Pride 2026\" width=\"650\" height=\"488\" srcset=\"https:\/\/www.webnauta.it\/wordpress\/wp-content\/uploads\/2026\/04\/Edicola518_bookpride26.png 1000w, https:\/\/www.webnauta.it\/wordpress\/wp-content\/uploads\/2026\/04\/Edicola518_bookpride26-300x225.png 300w, https:\/\/www.webnauta.it\/wordpress\/wp-content\/uploads\/2026\/04\/Edicola518_bookpride26-768x576.png 768w\" sizes=\"auto, (max-width: 650px) 100vw, 650px\" \/><\/p>\n<p>Ed eccoci allo stand della <a href=\"https:\/\/www.edizionisur.it\/\" target=\"_blank\" rel=\"noopener\"><em>Edizioni SUR<\/em><\/a>, dove ci sentiamo abbastanza di casa, grazie a Eleonora Capparella che ci accoglie volentieri.<br \/>\nFondata nel 2011, <strong><span style=\"color: #ff00ff;\">Edizioni SUR \u00e8 specializzata in letteratura latinoamericana del Centro e del Sudamerica<\/span><\/strong> (&#8220;sur&#8221; significa letteralmente &#8220;sud&#8221; in spagnolo), ma stanno ampliando il catalogo pubblicando anche narrativa e saggistica tradotta dall\u2019inglese degli altri paesi. Tra le novit\u00e0 esposte, noto subito una copertina bianca con un autore che conosco: <a href=\"https:\/\/www.edizionisur.it\/prodotto\/tutto-il-giorno-alle-corse-dei-cavalli\/\" target=\"_blank\" rel=\"noopener\"><em>Tutto il giorno alle corse dei cavalli e tutta la notte alla macchina da scrivere<\/em><\/a> di Charles Bukowski. Poi vedo questo <a href=\"https:\/\/www.edizionisur.it\/prodotto\/il-museo-degli-sforzi-inutili\/\" target=\"_blank\" rel=\"noopener\"><em>Il Museo degli sforzi inutili<\/em><\/a>\u00a0di Cristina Peri Rossi, un&#8217;antologia di trenta racconti brevissimi e fulminanti e poco avanti <a href=\"https:\/\/www.edizionisur.it\/prodotto\/il-colore-viola-2\/\" target=\"_blank\" rel=\"noopener\"><em>Il colore viola<\/em><\/a>\u00a0di Alice Walker, che conoscerete per l&#8217;omonimo film del 1985 che ha lanciato Whoopi Goldberg come attrice. Io per\u00f2 vado nel mio angolino &#8220;Feel Good&#8221; come lo chiama Eleonora, dove trovo un paio di titoli in lista gi\u00e0 da un po&#8217;: <a href=\"https:\/\/www.edizionisur.it\/prodotto\/acqua-di-mare\/\" target=\"_blank\" rel=\"noopener\"><em>Acqua di mare<\/em><\/a>\u00a0di Charles Simmons (se non lo prendo, stavolta Sandra mi picchia, si \u00e8 stufata di suggerirmelo! \ud83d\ude1b ), <a href=\"https:\/\/www.edizionisur.it\/prodotto\/la-seconda-venuta-di-hilda-bustamante\/\" target=\"_blank\" rel=\"noopener\"><em>La seconda venuta di Hilda Bustamante<\/em><\/a>\u00a0di Salom\u00e9 Esper (e l\u00ec c&#8217;\u00e8 una signora che esplode con un &#8220;E&#8217; bellissimo! Ho pianto tanto, mi ha proprio emozionato, deve proprio leggerlo!&#8221;), spostati pi\u00f9 in l\u00e0 anche <a href=\"https:\/\/www.edizionisur.it\/prodotto\/la-fortuna-dei-beede\/\" target=\"_blank\" rel=\"noopener\"><em>La fortuna dei Beede<\/em><\/a>\u00a0di Suzan-Lori Parks e <a href=\"https:\/\/www.edizionisur.it\/prodotto\/la-casa-dei-gunner\/\" target=\"_blank\" rel=\"noopener\"><em>La casa dei Gunner<\/em><\/a>\u00a0di Rebecca Kauffman. Eleonora ci consegna i nostri acquisti in una borsa di tela SUR e dentro il libro scelto ci mette anche segnalibri e un magnete. Guardo il mio, con la scritta <strong><span style=\"color: #ff00ff;\">&#8220;Un viaggio \u00e8 sempre una macchina del tempo&#8221;<\/span><\/strong> di Cristina Rivera Garza.<br \/>\nResto basita. E&#8217; una frase che sento mia davvero. &#8220;Ma Eleonora scusa, l&#8217;hai preso su a caso il magnete oppure&#8230;?&#8221; Mi guarda e sorride. &#8220;No, \u00e8 per te. Tu scrivi di libri e di viaggi, sei una viaggiatrice, leggi Outlander&#8230;&#8221; Ecco, stavo gi\u00e0 con gli occhi lucidi al &#8220;sei una viaggiatrice&#8221;&#8230;<\/p>\n<p><img loading=\"lazy\" decoding=\"async\" class=\"aligncenter wp-image-30100\" src=\"https:\/\/www.webnauta.it\/wordpress\/wp-content\/uploads\/2026\/04\/SUR_stand_bookpride26.png\" alt=\"Edizioni SUR al Book Pride 2026\" width=\"650\" height=\"488\" srcset=\"https:\/\/www.webnauta.it\/wordpress\/wp-content\/uploads\/2026\/04\/SUR_stand_bookpride26.png 1000w, https:\/\/www.webnauta.it\/wordpress\/wp-content\/uploads\/2026\/04\/SUR_stand_bookpride26-300x225.png 300w, https:\/\/www.webnauta.it\/wordpress\/wp-content\/uploads\/2026\/04\/SUR_stand_bookpride26-768x576.png 768w\" sizes=\"auto, (max-width: 650px) 100vw, 650px\" \/><\/p>\n<p><img loading=\"lazy\" decoding=\"async\" class=\"aligncenter wp-image-30099\" src=\"https:\/\/www.webnauta.it\/wordpress\/wp-content\/uploads\/2026\/04\/SUR_Edizioni_bookpride26.png\" alt=\"Businaro e Fa\u00e9 con Eleonora Capparella di Edizioni SUR\" width=\"650\" height=\"488\" srcset=\"https:\/\/www.webnauta.it\/wordpress\/wp-content\/uploads\/2026\/04\/SUR_Edizioni_bookpride26.png 1000w, https:\/\/www.webnauta.it\/wordpress\/wp-content\/uploads\/2026\/04\/SUR_Edizioni_bookpride26-300x225.png 300w, https:\/\/www.webnauta.it\/wordpress\/wp-content\/uploads\/2026\/04\/SUR_Edizioni_bookpride26-768x576.png 768w\" sizes=\"auto, (max-width: 650px) 100vw, 650px\" \/><\/p>\n<p>Tra le particolarit\u00e0 che hanno attirato la mia curiosit\u00e0 tra i vari stand segnalo infine il libro <a href=\"https:\/\/www.valentinaedizioni.it\/catalogo-libri\/zelda_zebra.aspx\" target=\"_blank\" rel=\"noopener\"><em>Zelda la zebra<\/em><\/a>, a forma proprio di zebra, di Valentina Edizioni (ma ci sono anche tutti gli altri animali: Bea la pecora, Tom il procione, Susi la volpe, Lino il maialino&#8230;), dei bellissimi segnalibro a uncinetto allo stand di <a href=\"https:\/\/www.vandaedizioni.com\/\" target=\"_blank\" rel=\"noopener\"><em>Vanda Edizioni<\/em><\/a>, il manuale di disegno <a href=\"https:\/\/gigaciao.com\/products\/fraffrog-tutti-possono-disegnare-pure-te\" target=\"_blank\" rel=\"noopener\"><em>Tutti possono disegnare (pure te)<\/em><\/a> di Fraffrog da Giga Ciao (che io conosco in realt\u00e0 per i fumetti di Sio che segue mio marito), <a href=\"https:\/\/sproutworld.com\/la-matita-piantabile-originale\/?lang=it\" target=\"_blank\" rel=\"noopener\"><em>le matite piantabili Sprout<\/em><\/a>\u00a0che non vedevo da un po&#8217;, quando diventano troppo corte per scrivere si piantano in un vaso perch\u00e9 la capsula verde contiene dei semi.<\/p>\n<p><img loading=\"lazy\" decoding=\"async\" class=\"aligncenter wp-image-30102\" src=\"https:\/\/www.webnauta.it\/wordpress\/wp-content\/uploads\/2026\/04\/varie_bookpride26.png\" alt=\"Particolarit\u00e0 al Book Pride 2026\" width=\"650\" height=\"488\" srcset=\"https:\/\/www.webnauta.it\/wordpress\/wp-content\/uploads\/2026\/04\/varie_bookpride26.png 1000w, https:\/\/www.webnauta.it\/wordpress\/wp-content\/uploads\/2026\/04\/varie_bookpride26-300x225.png 300w, https:\/\/www.webnauta.it\/wordpress\/wp-content\/uploads\/2026\/04\/varie_bookpride26-768x576.png 768w\" sizes=\"auto, (max-width: 650px) 100vw, 650px\" \/><\/p>\n<p>Quest&#8217;anno vanno davvero forte, e io li apprezzo davvero tanto, <strong><span style=\"color: #ff00ff;\">i bigliettini scritti a mano appiccicati ai libri<\/span><\/strong> (foglietti adesivi, con fermaglio alla copertina o solo appoggiati) con una frase che spiega perch\u00e9 leggerlo o perch\u00e9 il libraio lo consiglia. Li ho visti da <a href=\"https:\/\/www.edizionieo.it\/\" target=\"_blank\" rel=\"noopener\"><em>edizioni e\/o<\/em><\/a>, da <a href=\"https:\/\/www.nneditore.it\/\" target=\"_blank\" rel=\"noopener\"><em>NN Editore<\/em><\/a>, da <a href=\"https:\/\/www.sellerio.it\/it\/\" target=\"_blank\" rel=\"noopener\"><em>Sellerio Editore<\/em><\/a>\u00a0e da <a href=\"https:\/\/www.edizionidiatlantide.it\/\" target=\"_blank\" rel=\"noopener\"><em>Atlantide<\/em><\/a>.<\/p>\n<p><img loading=\"lazy\" decoding=\"async\" class=\"aligncenter wp-image-30093\" src=\"https:\/\/www.webnauta.it\/wordpress\/wp-content\/uploads\/2026\/04\/foglietti_bookpride26.png\" alt=\"Consigli di lettura al Book Pride 2026\" width=\"650\" height=\"488\" srcset=\"https:\/\/www.webnauta.it\/wordpress\/wp-content\/uploads\/2026\/04\/foglietti_bookpride26.png 1000w, https:\/\/www.webnauta.it\/wordpress\/wp-content\/uploads\/2026\/04\/foglietti_bookpride26-300x225.png 300w, https:\/\/www.webnauta.it\/wordpress\/wp-content\/uploads\/2026\/04\/foglietti_bookpride26-768x576.png 768w\" sizes=\"auto, (max-width: 650px) 100vw, 650px\" \/><\/p>\n<h2><span style=\"color: #ff00ff;\">La speranza \u00e8 &#8230;una borsa piena di libri!<\/span><\/h2>\n<p>Cariche di pacchetti, contente dei nostri acquisti, dispiaciute di non poter aggiungere altro e di dover correre verso il mio treno del ritorno, ci avviamo verso l&#8217;uscita. Anche quest&#8217;anno \u00e8 stata una festa e mi porto a casa un bottino bello ricco:<\/p>\n<p>&#8211; il Taccuino del Centro Formazione Supereroi <a href=\"https:\/\/centroformazionesupereroi.org\/home\/a-natale-accendi-limmaginazione\/\" target=\"_blank\" rel=\"noopener\"><em>&#8220;Un anno di storie. Le tue.&#8221;<\/em><\/a><br \/>\n&#8211; <a href=\"https:\/\/www.sellerio.it\/it\/catalogo\/Uomo-Vestito-Arancione-Sei-Casi-Al-Barlume\/Malvaldi\/16931\" target=\"_blank\" rel=\"noopener\"><em>L\u2019uomo vestito di arancione. Sei casi al BarLume <\/em><\/a>di Marco Malvaldi preso da Sellerio, appena uscito<br \/>\n&#8211; <a href=\"https:\/\/www.voland.it\/libro\/9788862430166\" target=\"_blank\" rel=\"noopener\"><em>Metafisica dei tubi<\/em><\/a>\u00a0di Am\u00e9lie Nothomb preso da Voland<br \/>\n&#8211; calendario <a href=\"https:\/\/www.meravigliedizioni.it\/vendita\/meravigli-edizioni\/almanacchi-e-calendari-milanesi\/\" target=\"_blank\" rel=\"noopener\"><em>El Milanes 2026<\/em><\/a>\u00a0che Meravigli regalava al suo stand<br \/>\n&#8211; <a href=\"https:\/\/detomieditore.it\/products\/terapie\" target=\"_blank\" rel=\"noopener\"><em>Terapie<\/em><\/a> di Armando Bisogno preso da De Tomi Editore (un commissario di Polizia costretto ad andare dallo psicologo&#8230;)<br \/>\n&#8211; <a href=\"https:\/\/www.edizionisur.it\/prodotto\/acqua-di-mare\/\" target=\"_blank\" rel=\"noopener\"><em>Acqua di mare<\/em><\/a>\u00a0di Charles Simmons preso da Edizioni SUR<\/p>\n<p>E poi tutti i segnalibri che ho trovato tra i vari banchetti, per me ma soprattutto per gli amici, per accompagnare i libri che regaler\u00f2 durante l&#8217;anno. Riguardando per\u00f2 questa foto, penso che forse altri due romanzi ci stavano, qualcosina nella carta di credito limitata c&#8217;era ancora&#8230; Per\u00f2, come dicevo nell&#8217;introduzione, quest&#8217;anno mi sono imposta di ridurre severamente tutto il mio arretrato di lettura, quei libri che si nascondono un po&#8217; qui e un po&#8217; l\u00ec tra gli scaffali della libreria. Qualcuno lo doner\u00f2 anche al nuovo punto di bookcrossing in ufficio, perch\u00e9 negli anni le mie preferenze di lettura sono pure cambiate. Perch\u00e9 se accumulare libri \u00e8 come accumulare desideri, prima o poi bisogna anche soddisfarli quei desideri! \ud83d\ude09<\/p>\n<p><img loading=\"lazy\" decoding=\"async\" class=\"aligncenter wp-image-30087\" src=\"https:\/\/www.webnauta.it\/wordpress\/wp-content\/uploads\/2026\/04\/BookPride_2026_acquisti.png\" alt=\"Acquisti al Book Pride 2026\" width=\"650\" height=\"663\" srcset=\"https:\/\/www.webnauta.it\/wordpress\/wp-content\/uploads\/2026\/04\/BookPride_2026_acquisti.png 1000w, https:\/\/www.webnauta.it\/wordpress\/wp-content\/uploads\/2026\/04\/BookPride_2026_acquisti-294x300.png 294w, https:\/\/www.webnauta.it\/wordpress\/wp-content\/uploads\/2026\/04\/BookPride_2026_acquisti-768x783.png 768w\" sizes=\"auto, (max-width: 650px) 100vw, 650px\" \/><\/p>\n<p>Nonostante per noi sia stata una giornata piacevolissima, <strong><span style=\"color: #ff00ff;\">sembra che la manifestazione non sia andata benissimo per gli operatori presenti,<\/span><\/strong> n\u00e9 in termini di affluenza n\u00e9 in quelli di vendita (del resto le case editrici sono aziende e per sopravvivere devono vendere, c&#8217;\u00e8 poco da fare). In particolare, sembra che proprio quel venerd\u00ec sia mancato il pubblico, tanto che gli espositori hanno deciso di abbandonare gli stand prima della chiusura della fiera, come spiega questo articolo su Ultima Pagina a firma Daniele Viaroli: <a href=\"https:\/\/ultimapagina.net\/blog\/2026\/03\/31\/bookpride-milano-2026-il-minisalone-senza-pubblico\/\" target=\"_blank\" rel=\"noopener\"><em>Bookpride Milano 2026: il minisalone senza pubblico<\/em><\/a><br \/>\nIn effetti lo scorso anno il Book Pride aveva goduto di un weekend di pioggia, quest&#8217;anno era invece uno dei primi fine settimana di sole primaverile e sicuramente qualcuno ha preferito una gita fuori porta. Confermo anche che erano in corso diversi spostamenti a causa del referendum costituzionale del 22-23 marzo, che mi ha visto aumentare anche il costo del biglietto su Trenitalia (in pochi giorni esauriti i biglietti in Premium, ho dovuto scegliere la Business per conservare gli stessi orari di viaggio). E devo confermare pure la scarsa pubblicit\u00e0 per questa rassegna: <strong><span style=\"color: #ff00ff;\">tutti conoscono il Salone del Libro di Torino, pochi conoscono il Book Pride<\/span><\/strong> e si soffermano alla parola &#8220;Pride&#8221; credendo si tratti di ben altra manifestazione&#8230;<br \/>\nUn vero peccato perch\u00e9 sono convinta che questa sia una fiera migliore per il lettore: gli spazi sono ben distribuiti, i servizi curatissimi, con un unico punto ristoro che funziona egregiamente anche nell&#8217;ora di punta, non ci sono code isteriche all&#8217;ingresso e niente folle assassine in corsa verso le sale, il clima \u00e8 rilassato e cordiale ovunque. Certo io non riesco a partecipare alle presentazioni e alle conferenze, quelle che mi interessavano quest&#8217;anno erano organizzate di sabato e di domenica, mentre io avevo scelto il venerd\u00ec per mia comodit\u00e0 personale. <strong><span style=\"color: #ff00ff;\">Per\u00f2 mi sono sentita un essere umano, prima che un consumatore.<\/span><\/strong> Mi spiace che dall&#8217;altra parte il Book Pride sia costoso e difficile, magari su questo l&#8217;organizzatore dell&#8217;evento ci potr\u00e0 ragionare e migliorare.<\/p>\n<h2><span style=\"color: #ff00ff;\">Siete mai stati al Book Pride?<\/span><\/h2>\n<p>Aveva mai partecipato a questa manifestazione? E se siete stati in altre fiere del libro, qual \u00e8 la vostra preferita? Cosa vi ha colpito maggiormente?<br \/>\nBook Pride intanto vi d\u00e0 appuntamento alla sua edizione autunnale, dal 9 al 11 ottobre negli spazi di Palazzo Ducale a Genova. Preparate borse e carte di credito! \ud83d\ude09<\/p>\n","protected":false},"excerpt":{"rendered":"<p>Dopo l&#8217;avventura assolutamente positiva dello scorso anno, che ho raccontato in questo post Danzare sull\u2019orlo del mondo. Book Pride Milano 2025, io e l&#8217;amica Sandra Fa\u00e9 del blog I libri di Sandra, scrittrice milanese con la quale condivido pure la data di compleanno, abbiamo deciso di ripetere l&#8217;esperienza, stesso giorno (il venerd\u00ec di prima apertura) [&hellip;]<\/p>\n","protected":false},"author":1,"featured_media":30086,"comment_status":"open","ping_status":"open","sticky":false,"template":"","format":"standard","meta":{"_monsterinsights_skip_tracking":false,"_monsterinsights_sitenote_active":false,"_monsterinsights_sitenote_note":"","_monsterinsights_sitenote_category":0,"footnotes":""},"categories":[1],"tags":[15,17],"class_list":["post-30104","post","type-post","status-publish","format-standard","has-post-thumbnail","hentry","category-solo-un-istante","tag-diario","tag-libri"],"yoast_head":"<!-- This site is optimized with the Yoast SEO Premium plugin v26.8 (Yoast SEO v26.8) - https:\/\/yoast.com\/product\/yoast-seo-premium-wordpress\/ -->\n<title>La speranza \u00e8 la cosa con le piume. Book Pride Milano 2026 - webnauta<\/title>\n<meta name=\"description\" content=\"La speranza \u00e8 una borsa piena di libri! Cronaca di una giornata tra i libri del Book Pride 2026 di Milano...webnauta - navigatore in un oceano di parole\" \/>\n<meta name=\"robots\" content=\"index, follow, max-snippet:-1, max-image-preview:large, max-video-preview:-1\" \/>\n<link rel=\"canonical\" href=\"https:\/\/www.webnauta.it\/wordpress\/book-pride-milano-2026\/\" \/>\n<meta property=\"og:locale\" content=\"it_IT\" \/>\n<meta property=\"og:type\" content=\"article\" \/>\n<meta property=\"og:title\" content=\"La speranza \u00e8 la cosa con le piume. Book Pride Milano 2026\" \/>\n<meta property=\"og:description\" content=\"La speranza \u00e8 una borsa piena di libri! Cronaca di una giornata tra i libri del Book Pride 2026 di Milano...webnauta - navigatore in un oceano di parole\" \/>\n<meta property=\"og:url\" content=\"https:\/\/www.webnauta.it\/wordpress\/book-pride-milano-2026\/\" \/>\n<meta property=\"og:site_name\" content=\"webnauta\" \/>\n<meta property=\"article:publisher\" content=\"http:\/\/www.facebook.com\/barbara.businaro.9\" \/>\n<meta property=\"article:author\" content=\"http:\/\/www.facebook.com\/barbara.businaro.9\" \/>\n<meta property=\"article:published_time\" content=\"2026-04-03T04:00:51+00:00\" \/>\n<meta property=\"og:image\" content=\"https:\/\/www.webnauta.it\/wordpress\/wp-content\/uploads\/2026\/04\/Book_Pride_2026_poster.png\" \/>\n\t<meta property=\"og:image:width\" content=\"650\" \/>\n\t<meta property=\"og:image:height\" content=\"450\" \/>\n\t<meta property=\"og:image:type\" content=\"image\/png\" \/>\n<meta name=\"author\" content=\"Barbara Businaro\" \/>\n<meta name=\"twitter:card\" content=\"summary_large_image\" \/>\n<meta name=\"twitter:creator\" content=\"@barbarawebnauta\" \/>\n<meta name=\"twitter:site\" content=\"@barbarawebnauta\" \/>\n<meta name=\"twitter:label1\" content=\"Scritto da\" \/>\n\t<meta name=\"twitter:data1\" content=\"Barbara Businaro\" \/>\n\t<meta name=\"twitter:label2\" content=\"Tempo di lettura stimato\" \/>\n\t<meta name=\"twitter:data2\" content=\"29 minuti\" \/>\n<script type=\"application\/ld+json\" class=\"yoast-schema-graph\">{\"@context\":\"https:\/\/schema.org\",\"@graph\":[{\"@type\":\"Article\",\"@id\":\"https:\/\/www.webnauta.it\/wordpress\/book-pride-milano-2026\/#article\",\"isPartOf\":{\"@id\":\"https:\/\/www.webnauta.it\/wordpress\/book-pride-milano-2026\/\"},\"author\":{\"name\":\"Barbara Businaro\",\"@id\":\"https:\/\/www.webnauta.it\/wordpress\/#\/schema\/person\/9a1f7a6e3b52bbe5b9d265d2d671d1a1\"},\"headline\":\"La speranza \u00e8 la cosa con le piume. Book Pride Milano 2026\",\"datePublished\":\"2026-04-03T04:00:51+00:00\",\"mainEntityOfPage\":{\"@id\":\"https:\/\/www.webnauta.it\/wordpress\/book-pride-milano-2026\/\"},\"wordCount\":4662,\"commentCount\":16,\"publisher\":{\"@id\":\"https:\/\/www.webnauta.it\/wordpress\/#\/schema\/person\/9a1f7a6e3b52bbe5b9d265d2d671d1a1\"},\"image\":{\"@id\":\"https:\/\/www.webnauta.it\/wordpress\/book-pride-milano-2026\/#primaryimage\"},\"thumbnailUrl\":\"https:\/\/www.webnauta.it\/wordpress\/wp-content\/uploads\/2026\/04\/Book_Pride_2026_poster.png\",\"keywords\":[\"diario di viaggio\",\"libri\"],\"articleSection\":[\"Solo un istante\"],\"inLanguage\":\"it-IT\",\"potentialAction\":[{\"@type\":\"CommentAction\",\"name\":\"Comment\",\"target\":[\"https:\/\/www.webnauta.it\/wordpress\/book-pride-milano-2026\/#respond\"]}]},{\"@type\":\"WebPage\",\"@id\":\"https:\/\/www.webnauta.it\/wordpress\/book-pride-milano-2026\/\",\"url\":\"https:\/\/www.webnauta.it\/wordpress\/book-pride-milano-2026\/\",\"name\":\"La speranza \u00e8 la cosa con le piume. Book Pride Milano 2026 - webnauta\",\"isPartOf\":{\"@id\":\"https:\/\/www.webnauta.it\/wordpress\/#website\"},\"primaryImageOfPage\":{\"@id\":\"https:\/\/www.webnauta.it\/wordpress\/book-pride-milano-2026\/#primaryimage\"},\"image\":{\"@id\":\"https:\/\/www.webnauta.it\/wordpress\/book-pride-milano-2026\/#primaryimage\"},\"thumbnailUrl\":\"https:\/\/www.webnauta.it\/wordpress\/wp-content\/uploads\/2026\/04\/Book_Pride_2026_poster.png\",\"datePublished\":\"2026-04-03T04:00:51+00:00\",\"description\":\"La speranza \u00e8 una borsa piena di libri! Cronaca di una giornata tra i libri del Book Pride 2026 di Milano...webnauta - navigatore in un oceano di parole\",\"breadcrumb\":{\"@id\":\"https:\/\/www.webnauta.it\/wordpress\/book-pride-milano-2026\/#breadcrumb\"},\"inLanguage\":\"it-IT\",\"potentialAction\":[{\"@type\":\"ReadAction\",\"target\":[\"https:\/\/www.webnauta.it\/wordpress\/book-pride-milano-2026\/\"]}]},{\"@type\":\"ImageObject\",\"inLanguage\":\"it-IT\",\"@id\":\"https:\/\/www.webnauta.it\/wordpress\/book-pride-milano-2026\/#primaryimage\",\"url\":\"https:\/\/www.webnauta.it\/wordpress\/wp-content\/uploads\/2026\/04\/Book_Pride_2026_poster.png\",\"contentUrl\":\"https:\/\/www.webnauta.it\/wordpress\/wp-content\/uploads\/2026\/04\/Book_Pride_2026_poster.png\",\"width\":650,\"height\":450,\"caption\":\"Book Pride 2026. Fiera Nazionale dell'Editoria Indipendente\"},{\"@type\":\"BreadcrumbList\",\"@id\":\"https:\/\/www.webnauta.it\/wordpress\/book-pride-milano-2026\/#breadcrumb\",\"itemListElement\":[{\"@type\":\"ListItem\",\"position\":1,\"name\":\"Home\",\"item\":\"https:\/\/www.webnauta.it\/wordpress\/\"},{\"@type\":\"ListItem\",\"position\":2,\"name\":\"La speranza \u00e8 la cosa con le piume. Book Pride Milano 2026\"}]},{\"@type\":\"WebSite\",\"@id\":\"https:\/\/www.webnauta.it\/wordpress\/#website\",\"url\":\"https:\/\/www.webnauta.it\/wordpress\/\",\"name\":\"webnauta\",\"description\":\"navigatore in un oceano di parole\",\"publisher\":{\"@id\":\"https:\/\/www.webnauta.it\/wordpress\/#\/schema\/person\/9a1f7a6e3b52bbe5b9d265d2d671d1a1\"},\"potentialAction\":[{\"@type\":\"SearchAction\",\"target\":{\"@type\":\"EntryPoint\",\"urlTemplate\":\"https:\/\/www.webnauta.it\/wordpress\/?s={search_term_string}\"},\"query-input\":{\"@type\":\"PropertyValueSpecification\",\"valueRequired\":true,\"valueName\":\"search_term_string\"}}],\"inLanguage\":\"it-IT\"},{\"@type\":[\"Person\",\"Organization\"],\"@id\":\"https:\/\/www.webnauta.it\/wordpress\/#\/schema\/person\/9a1f7a6e3b52bbe5b9d265d2d671d1a1\",\"name\":\"Barbara Businaro\",\"image\":{\"@type\":\"ImageObject\",\"inLanguage\":\"it-IT\",\"@id\":\"https:\/\/www.webnauta.it\/wordpress\/#\/schema\/person\/image\/\",\"url\":\"https:\/\/www.webnauta.it\/wordpress\/wp-content\/uploads\/2020\/02\/BarbaraBusinaro2020_rounded.png\",\"contentUrl\":\"https:\/\/www.webnauta.it\/wordpress\/wp-content\/uploads\/2020\/02\/BarbaraBusinaro2020_rounded.png\",\"width\":500,\"height\":512,\"caption\":\"Barbara Businaro\"},\"logo\":{\"@id\":\"https:\/\/www.webnauta.it\/wordpress\/#\/schema\/person\/image\/\"},\"description\":\"webnauta.it \u2022 Blog personale di Barbara Businaro \u2022 Scrivo, tra una tempesta e l''altra. Chiunque pu\u00f2 tenere il timone quando il mare \u00e8 calmo.\",\"sameAs\":[\"http:\/\/www.webnauta.it\",\"http:\/\/www.facebook.com\/barbara.businaro.9\",\"https:\/\/www.instagram.com\/barbarawebnauta\/\",\"https:\/\/x.com\/barbarawebnauta\"],\"url\":\"https:\/\/www.webnauta.it\/wordpress\/author\/maxadmin\/\"}]}<\/script>\n<!-- \/ Yoast SEO Premium plugin. -->","yoast_head_json":{"title":"La speranza \u00e8 la cosa con le piume. Book Pride Milano 2026 - webnauta","description":"La speranza \u00e8 una borsa piena di libri! Cronaca di una giornata tra i libri del Book Pride 2026 di Milano...webnauta - navigatore in un oceano di parole","robots":{"index":"index","follow":"follow","max-snippet":"max-snippet:-1","max-image-preview":"max-image-preview:large","max-video-preview":"max-video-preview:-1"},"canonical":"https:\/\/www.webnauta.it\/wordpress\/book-pride-milano-2026\/","og_locale":"it_IT","og_type":"article","og_title":"La speranza \u00e8 la cosa con le piume. Book Pride Milano 2026","og_description":"La speranza \u00e8 una borsa piena di libri! Cronaca di una giornata tra i libri del Book Pride 2026 di Milano...webnauta - navigatore in un oceano di parole","og_url":"https:\/\/www.webnauta.it\/wordpress\/book-pride-milano-2026\/","og_site_name":"webnauta","article_publisher":"http:\/\/www.facebook.com\/barbara.businaro.9","article_author":"http:\/\/www.facebook.com\/barbara.businaro.9","article_published_time":"2026-04-03T04:00:51+00:00","og_image":[{"width":650,"height":450,"url":"https:\/\/www.webnauta.it\/wordpress\/wp-content\/uploads\/2026\/04\/Book_Pride_2026_poster.png","type":"image\/png"}],"author":"Barbara Businaro","twitter_card":"summary_large_image","twitter_creator":"@barbarawebnauta","twitter_site":"@barbarawebnauta","twitter_misc":{"Scritto da":"Barbara Businaro","Tempo di lettura stimato":"29 minuti"},"schema":{"@context":"https:\/\/schema.org","@graph":[{"@type":"Article","@id":"https:\/\/www.webnauta.it\/wordpress\/book-pride-milano-2026\/#article","isPartOf":{"@id":"https:\/\/www.webnauta.it\/wordpress\/book-pride-milano-2026\/"},"author":{"name":"Barbara Businaro","@id":"https:\/\/www.webnauta.it\/wordpress\/#\/schema\/person\/9a1f7a6e3b52bbe5b9d265d2d671d1a1"},"headline":"La speranza \u00e8 la cosa con le piume. Book Pride Milano 2026","datePublished":"2026-04-03T04:00:51+00:00","mainEntityOfPage":{"@id":"https:\/\/www.webnauta.it\/wordpress\/book-pride-milano-2026\/"},"wordCount":4662,"commentCount":16,"publisher":{"@id":"https:\/\/www.webnauta.it\/wordpress\/#\/schema\/person\/9a1f7a6e3b52bbe5b9d265d2d671d1a1"},"image":{"@id":"https:\/\/www.webnauta.it\/wordpress\/book-pride-milano-2026\/#primaryimage"},"thumbnailUrl":"https:\/\/www.webnauta.it\/wordpress\/wp-content\/uploads\/2026\/04\/Book_Pride_2026_poster.png","keywords":["diario di viaggio","libri"],"articleSection":["Solo un istante"],"inLanguage":"it-IT","potentialAction":[{"@type":"CommentAction","name":"Comment","target":["https:\/\/www.webnauta.it\/wordpress\/book-pride-milano-2026\/#respond"]}]},{"@type":"WebPage","@id":"https:\/\/www.webnauta.it\/wordpress\/book-pride-milano-2026\/","url":"https:\/\/www.webnauta.it\/wordpress\/book-pride-milano-2026\/","name":"La speranza \u00e8 la cosa con le piume. Book Pride Milano 2026 - webnauta","isPartOf":{"@id":"https:\/\/www.webnauta.it\/wordpress\/#website"},"primaryImageOfPage":{"@id":"https:\/\/www.webnauta.it\/wordpress\/book-pride-milano-2026\/#primaryimage"},"image":{"@id":"https:\/\/www.webnauta.it\/wordpress\/book-pride-milano-2026\/#primaryimage"},"thumbnailUrl":"https:\/\/www.webnauta.it\/wordpress\/wp-content\/uploads\/2026\/04\/Book_Pride_2026_poster.png","datePublished":"2026-04-03T04:00:51+00:00","description":"La speranza \u00e8 una borsa piena di libri! Cronaca di una giornata tra i libri del Book Pride 2026 di Milano...webnauta - navigatore in un oceano di parole","breadcrumb":{"@id":"https:\/\/www.webnauta.it\/wordpress\/book-pride-milano-2026\/#breadcrumb"},"inLanguage":"it-IT","potentialAction":[{"@type":"ReadAction","target":["https:\/\/www.webnauta.it\/wordpress\/book-pride-milano-2026\/"]}]},{"@type":"ImageObject","inLanguage":"it-IT","@id":"https:\/\/www.webnauta.it\/wordpress\/book-pride-milano-2026\/#primaryimage","url":"https:\/\/www.webnauta.it\/wordpress\/wp-content\/uploads\/2026\/04\/Book_Pride_2026_poster.png","contentUrl":"https:\/\/www.webnauta.it\/wordpress\/wp-content\/uploads\/2026\/04\/Book_Pride_2026_poster.png","width":650,"height":450,"caption":"Book Pride 2026. Fiera Nazionale dell'Editoria Indipendente"},{"@type":"BreadcrumbList","@id":"https:\/\/www.webnauta.it\/wordpress\/book-pride-milano-2026\/#breadcrumb","itemListElement":[{"@type":"ListItem","position":1,"name":"Home","item":"https:\/\/www.webnauta.it\/wordpress\/"},{"@type":"ListItem","position":2,"name":"La speranza \u00e8 la cosa con le piume. Book Pride Milano 2026"}]},{"@type":"WebSite","@id":"https:\/\/www.webnauta.it\/wordpress\/#website","url":"https:\/\/www.webnauta.it\/wordpress\/","name":"webnauta","description":"navigatore in un oceano di parole","publisher":{"@id":"https:\/\/www.webnauta.it\/wordpress\/#\/schema\/person\/9a1f7a6e3b52bbe5b9d265d2d671d1a1"},"potentialAction":[{"@type":"SearchAction","target":{"@type":"EntryPoint","urlTemplate":"https:\/\/www.webnauta.it\/wordpress\/?s={search_term_string}"},"query-input":{"@type":"PropertyValueSpecification","valueRequired":true,"valueName":"search_term_string"}}],"inLanguage":"it-IT"},{"@type":["Person","Organization"],"@id":"https:\/\/www.webnauta.it\/wordpress\/#\/schema\/person\/9a1f7a6e3b52bbe5b9d265d2d671d1a1","name":"Barbara Businaro","image":{"@type":"ImageObject","inLanguage":"it-IT","@id":"https:\/\/www.webnauta.it\/wordpress\/#\/schema\/person\/image\/","url":"https:\/\/www.webnauta.it\/wordpress\/wp-content\/uploads\/2020\/02\/BarbaraBusinaro2020_rounded.png","contentUrl":"https:\/\/www.webnauta.it\/wordpress\/wp-content\/uploads\/2020\/02\/BarbaraBusinaro2020_rounded.png","width":500,"height":512,"caption":"Barbara Businaro"},"logo":{"@id":"https:\/\/www.webnauta.it\/wordpress\/#\/schema\/person\/image\/"},"description":"webnauta.it \u2022 Blog personale di Barbara Businaro \u2022 Scrivo, tra una tempesta e l''altra. Chiunque pu\u00f2 tenere il timone quando il mare \u00e8 calmo.","sameAs":["http:\/\/www.webnauta.it","http:\/\/www.facebook.com\/barbara.businaro.9","https:\/\/www.instagram.com\/barbarawebnauta\/","https:\/\/x.com\/barbarawebnauta"],"url":"https:\/\/www.webnauta.it\/wordpress\/author\/maxadmin\/"}]}},"_links":{"self":[{"href":"https:\/\/www.webnauta.it\/wordpress\/wp-json\/wp\/v2\/posts\/30104","targetHints":{"allow":["GET"]}}],"collection":[{"href":"https:\/\/www.webnauta.it\/wordpress\/wp-json\/wp\/v2\/posts"}],"about":[{"href":"https:\/\/www.webnauta.it\/wordpress\/wp-json\/wp\/v2\/types\/post"}],"author":[{"embeddable":true,"href":"https:\/\/www.webnauta.it\/wordpress\/wp-json\/wp\/v2\/users\/1"}],"replies":[{"embeddable":true,"href":"https:\/\/www.webnauta.it\/wordpress\/wp-json\/wp\/v2\/comments?post=30104"}],"version-history":[{"count":1,"href":"https:\/\/www.webnauta.it\/wordpress\/wp-json\/wp\/v2\/posts\/30104\/revisions"}],"predecessor-version":[{"id":30105,"href":"https:\/\/www.webnauta.it\/wordpress\/wp-json\/wp\/v2\/posts\/30104\/revisions\/30105"}],"wp:featuredmedia":[{"embeddable":true,"href":"https:\/\/www.webnauta.it\/wordpress\/wp-json\/wp\/v2\/media\/30086"}],"wp:attachment":[{"href":"https:\/\/www.webnauta.it\/wordpress\/wp-json\/wp\/v2\/media?parent=30104"}],"wp:term":[{"taxonomy":"category","embeddable":true,"href":"https:\/\/www.webnauta.it\/wordpress\/wp-json\/wp\/v2\/categories?post=30104"},{"taxonomy":"post_tag","embeddable":true,"href":"https:\/\/www.webnauta.it\/wordpress\/wp-json\/wp\/v2\/tags?post=30104"}],"curies":[{"name":"wp","href":"https:\/\/api.w.org\/{rel}","templated":true}]}}