{"id":29873,"date":"2025-06-03T06:00:31","date_gmt":"2025-06-03T04:00:31","guid":{"rendered":"https:\/\/www.webnauta.it\/wordpress\/?p=29873"},"modified":"2025-06-02T17:45:48","modified_gmt":"2025-06-02T15:45:48","slug":"siamo-tutti-delle-storie","status":"publish","type":"post","link":"https:\/\/www.webnauta.it\/wordpress\/siamo-tutti-delle-storie\/","title":{"rendered":"Siamo tutti delle storie"},"content":{"rendered":"<p>Una delle domande ricorrenti da quando ho iniziato a raccogliere e pubblicare storie vere sulla rivista femminile <a href=\"https:\/\/www.webnauta.it\/wordpress\/tag\/storie-vere\/\" target=\"_blank\" rel=\"noopener\"><em>Confidenze<\/em><\/a> riguarda la provenienza di quelle storie. &#8220;Ma come le trovi?&#8221; mi chiedono con interesse e forse un filino di sospetto.<br \/>\nPer la verit\u00e0, sono le storie vere che trovano me. Si affacciano sulla mia strada nei momenti pi\u00f9 disparati. Qualcuna \u00e8 giunta con una mail curiosa di richiesta informazioni, qualche altra durante una chiacchierata casuale, anche con persone fino a pochi istanti prima sconosciute. Altre storie mi giungono quasi portate dal vento, per passaparola, di amicizia in amicizia, in un percorso tortuoso e accidentato.<br \/>\nI motivi per cui queste storie vere vogliono essere raccontate sono altrettanto diversi, anche se hanno tutti in comune la necessit\u00e0 di condividere, e soprattutto rivivere, un&#8217;emozione. Un ricordo malinconico, un dolore da esorcizzare, una lunga battaglia da superare o una vittoria da celebrare, un amore perduto o uno finalmente ritrovato, un&#8217;amicizia lunga quanto l&#8217;intera esistenza, il miracolo della vita e quello della rinascita. Tutto dipende dalla storia e dal cuore di chi me la racconta, perch\u00e9 me ne affida almeno un pezzettino e va trattato con estrema cura. Qualcuno parte a raffica a spiegarmi nei minimi dettagli il suo vissuto, quasi senza respiro, senza una virgola fino al punto. Qualche altro ha bisogno di un aiuto, in genere alcune mie domande puntuali, che nascono dalla mia pura curiosit\u00e0 ma che servono per orientarci entrambi in quella trama fitta da semplificare sulla carta.<br \/>\nNon tutte riescono ad essere scritte e poi pubblicate, perch\u00e9 durante il cammino i tempi della scrittura non coincidono con la vita quotidiana e magari intanto ci ripensano, sentono che non \u00e8 ancora il momento giusto, qualcosa deve essere ancora elaborato, prima di lasciarlo andare. La differenza, ho notato in questi anni, sta nell&#8217;impegno che ci mettono, nel rincorrere le parole e nel leggere le mie bozze elaborate.<br \/>\nE chi mi fa questa domanda, dove le trovo queste storie vere, sta gi\u00e0 pensando, in un angolino remoto della sua mente, a cosa vorrebbe raccontarmi di s\u00e9. Mi guardano mentre gli rispondo, ma non mi vedono perch\u00e9 nei loro occhi sta gi\u00e0 passando l&#8217;immagine di un ricordo. Cos\u00ec sono io a porre la domanda successiva, dopo un momento di silenzio per riavere la loro attenzione. &#8220;Vuoi raccontarmi la tua storia?&#8221;<br \/>\n&#8220;Oh no, non ho niente di interessante da dire. La mia \u00e8 una vita normale\u2026&#8221;<br \/>\nScuoto la testa con un sorriso divertito. <strong><span style=\"color: #ff00ff;\">&#8220;Siamo tutti delle storie. E siamo storie vere, verissime.&#8221;<\/span><\/strong><br \/>\nLa vita stessa \u00e8 per definizione un&#8217;avventura e non pu\u00f2 mai essere banale, anche se cos\u00ec sembra dalla nostra prospettiva. C&#8217;\u00e8 sempre qualcosa che vale la pena di raccontare, anche solo per condividere le stesse emozioni con gli altri e sentirci meno soli tutti insieme, in questa comunanza di gioie e avversit\u00e0. Basta prenderne solo un pezzetto della nostra lunga storia oppure anche un&#8217;esistenza tutta intera, di qualcuno che ci ha lasciato e che vogliamo rievocare. Perch\u00e9 tutti abbiamo comunque un lieto fine. Potremmo credere che la nostra storia vera si concluda con l&#8217;ultimo respiro esalato, e potrebbe non essere proprio cos\u00ec romantica, ma fatale e tragica in quel preciso istante. Ma stiamo guardando al punto sbagliato. Manca ancora l&#8217;epilogo, prima di chiudere il libro.<br \/>\nNon so se vedremo davvero, almeno non con questo corpo mortale, il nostro The End alla fine del viaggio. Spero che saremo l\u00ec, magari come particelle luccicanti nell&#8217;aria. Il nostro lieto fine sar\u00e0 nei cuori delle persone che ci hanno amato. Se saranno in tanti a piangerci di qua, tanti quanti saranno pronti ad accoglierci di l\u00e0, se saranno tante le lacrime versate, come pure i sorrisi sinceri rammentando le nostre imprese, quello allora \u00e8 il nostro gran finale. E l&#8217;avremo scritto proprio bene.<br \/>\nPer\u00f2 \u00e8 un romanzo davvero lungo, mentre io mi concentro ancora sulle storie brevi, quelle che si fermano un po&#8217; prima e lasciano il lettore l\u00ec sospeso, con un banale, ma sempre piacevole, &#8220;e vissero felici e contenti.&#8221;<br \/>\n<strong><span style=\"color: #ff00ff;\">&#8220;Quindi, vuoi raccontarmi la tua storia vera?&#8221;<\/span><\/strong><\/p>\n<p>&nbsp;<\/p>\n<p>&nbsp;<\/p>\n<p>Se vuoi condividere la tua storia vera, scrivimi via email al mio indirizzo email <em>barbara.businaro@webnauta.it<\/em> oppure dalla pagina dei <a href=\"https:\/\/www.webnauta.it\/wordpress\/scrivimi\/\"><em>Contatti<\/em><\/a> e vediamo insieme come scriverla, anche mantenendo l&#8217;anonimato. Non \u00e8 un servizio di editing, n\u00e9 una consulenza editoriale. Non raccolgo racconti di fantasia, ma storie di vita vera. Ascolto quello che mi dite o leggo quello che mi scrivete, aggiungo qualche domanda per i punti da chiarire, preparo una bozza della storia vera e vediamo se vi piace e se poi pu\u00f2 essere pubblicata. Per me \u00e8 un esercizio di scrittura, per voi quasi un&#8217;esperienza quasi mistica. Cos\u00ec mi dicono. \ud83d\ude42<\/p>\n","protected":false},"excerpt":{"rendered":"<p>Una delle domande ricorrenti da quando ho iniziato a raccogliere e pubblicare storie vere sulla rivista femminile Confidenze riguarda la provenienza di quelle storie. &#8220;Ma come le trovi?&#8221; mi chiedono con interesse e forse un filino di sospetto. Per la verit\u00e0, sono le storie vere che trovano me. Si affacciano sulla mia strada nei momenti [&hellip;]<\/p>\n","protected":false},"author":1,"featured_media":29872,"comment_status":"open","ping_status":"open","sticky":false,"template":"","format":"standard","meta":{"_monsterinsights_skip_tracking":false,"_monsterinsights_sitenote_active":false,"_monsterinsights_sitenote_note":"","_monsterinsights_sitenote_category":0,"footnotes":""},"categories":[1],"tags":[4185,15,4184],"class_list":["post-29873","post","type-post","status-publish","format-standard","has-post-thumbnail","hentry","category-solo-un-istante","tag-confidenze","tag-diario","tag-storie-vere"],"yoast_head":"<!-- This site is optimized with the Yoast SEO Premium plugin v26.8 (Yoast SEO v26.8) - https:\/\/yoast.com\/product\/yoast-seo-premium-wordpress\/ -->\n<title>Siamo tutti delle storie - webnauta<\/title>\n<meta name=\"description\" content=\"Siamo tutti delle storie. La vita stessa \u00e8 un&#039;avventura. Quindi, vuoi raccontarmi la tua storia vera? ...webnauta - navigatore in un oceano di parole\" \/>\n<meta name=\"robots\" content=\"index, follow, max-snippet:-1, max-image-preview:large, max-video-preview:-1\" \/>\n<link rel=\"canonical\" href=\"https:\/\/www.webnauta.it\/wordpress\/siamo-tutti-delle-storie\/\" \/>\n<meta property=\"og:locale\" content=\"it_IT\" \/>\n<meta property=\"og:type\" content=\"article\" \/>\n<meta property=\"og:title\" content=\"Siamo tutti delle storie\" \/>\n<meta property=\"og:description\" content=\"Siamo tutti delle storie. La vita stessa \u00e8 un&#039;avventura. Quindi, vuoi raccontarmi la tua storia vera? ...webnauta - navigatore in un oceano di parole\" \/>\n<meta property=\"og:url\" content=\"https:\/\/www.webnauta.it\/wordpress\/siamo-tutti-delle-storie\/\" \/>\n<meta property=\"og:site_name\" content=\"webnauta\" \/>\n<meta property=\"article:publisher\" content=\"http:\/\/www.facebook.com\/barbara.businaro.9\" \/>\n<meta property=\"article:author\" content=\"http:\/\/www.facebook.com\/barbara.businaro.9\" \/>\n<meta property=\"article:published_time\" content=\"2025-06-03T04:00:31+00:00\" \/>\n<meta property=\"og:image\" content=\"https:\/\/www.webnauta.it\/wordpress\/wp-content\/uploads\/2025\/06\/racconta_la_tua_storia.png\" \/>\n\t<meta property=\"og:image:width\" content=\"650\" \/>\n\t<meta property=\"og:image:height\" content=\"450\" \/>\n\t<meta property=\"og:image:type\" content=\"image\/png\" \/>\n<meta name=\"author\" content=\"Barbara Businaro\" \/>\n<meta name=\"twitter:card\" content=\"summary_large_image\" \/>\n<meta name=\"twitter:creator\" content=\"@barbarawebnauta\" \/>\n<meta name=\"twitter:site\" content=\"@barbarawebnauta\" \/>\n<meta name=\"twitter:label1\" content=\"Scritto da\" \/>\n\t<meta name=\"twitter:data1\" content=\"Barbara Businaro\" \/>\n\t<meta name=\"twitter:label2\" content=\"Tempo di lettura stimato\" \/>\n\t<meta name=\"twitter:data2\" content=\"5 minuti\" \/>\n<script type=\"application\/ld+json\" class=\"yoast-schema-graph\">{\"@context\":\"https:\/\/schema.org\",\"@graph\":[{\"@type\":\"Article\",\"@id\":\"https:\/\/www.webnauta.it\/wordpress\/siamo-tutti-delle-storie\/#article\",\"isPartOf\":{\"@id\":\"https:\/\/www.webnauta.it\/wordpress\/siamo-tutti-delle-storie\/\"},\"author\":{\"name\":\"Barbara Businaro\",\"@id\":\"https:\/\/www.webnauta.it\/wordpress\/#\/schema\/person\/9a1f7a6e3b52bbe5b9d265d2d671d1a1\"},\"headline\":\"Siamo tutti delle storie\",\"datePublished\":\"2025-06-03T04:00:31+00:00\",\"mainEntityOfPage\":{\"@id\":\"https:\/\/www.webnauta.it\/wordpress\/siamo-tutti-delle-storie\/\"},\"wordCount\":783,\"commentCount\":12,\"publisher\":{\"@id\":\"https:\/\/www.webnauta.it\/wordpress\/#\/schema\/person\/9a1f7a6e3b52bbe5b9d265d2d671d1a1\"},\"image\":{\"@id\":\"https:\/\/www.webnauta.it\/wordpress\/siamo-tutti-delle-storie\/#primaryimage\"},\"thumbnailUrl\":\"https:\/\/www.webnauta.it\/wordpress\/wp-content\/uploads\/2025\/06\/racconta_la_tua_storia.png\",\"keywords\":[\"Confidenze\",\"diario di viaggio\",\"storie vere\"],\"articleSection\":[\"Solo un istante\"],\"inLanguage\":\"it-IT\",\"potentialAction\":[{\"@type\":\"CommentAction\",\"name\":\"Comment\",\"target\":[\"https:\/\/www.webnauta.it\/wordpress\/siamo-tutti-delle-storie\/#respond\"]}]},{\"@type\":\"WebPage\",\"@id\":\"https:\/\/www.webnauta.it\/wordpress\/siamo-tutti-delle-storie\/\",\"url\":\"https:\/\/www.webnauta.it\/wordpress\/siamo-tutti-delle-storie\/\",\"name\":\"Siamo tutti delle storie - webnauta\",\"isPartOf\":{\"@id\":\"https:\/\/www.webnauta.it\/wordpress\/#website\"},\"primaryImageOfPage\":{\"@id\":\"https:\/\/www.webnauta.it\/wordpress\/siamo-tutti-delle-storie\/#primaryimage\"},\"image\":{\"@id\":\"https:\/\/www.webnauta.it\/wordpress\/siamo-tutti-delle-storie\/#primaryimage\"},\"thumbnailUrl\":\"https:\/\/www.webnauta.it\/wordpress\/wp-content\/uploads\/2025\/06\/racconta_la_tua_storia.png\",\"datePublished\":\"2025-06-03T04:00:31+00:00\",\"description\":\"Siamo tutti delle storie. La vita stessa \u00e8 un'avventura. Quindi, vuoi raccontarmi la tua storia vera? ...webnauta - navigatore in un oceano di parole\",\"breadcrumb\":{\"@id\":\"https:\/\/www.webnauta.it\/wordpress\/siamo-tutti-delle-storie\/#breadcrumb\"},\"inLanguage\":\"it-IT\",\"potentialAction\":[{\"@type\":\"ReadAction\",\"target\":[\"https:\/\/www.webnauta.it\/wordpress\/siamo-tutti-delle-storie\/\"]}]},{\"@type\":\"ImageObject\",\"inLanguage\":\"it-IT\",\"@id\":\"https:\/\/www.webnauta.it\/wordpress\/siamo-tutti-delle-storie\/#primaryimage\",\"url\":\"https:\/\/www.webnauta.it\/wordpress\/wp-content\/uploads\/2025\/06\/racconta_la_tua_storia.png\",\"contentUrl\":\"https:\/\/www.webnauta.it\/wordpress\/wp-content\/uploads\/2025\/06\/racconta_la_tua_storia.png\",\"width\":650,\"height\":450,\"caption\":\"Vuoi raccontarmi la tua storia vera?\"},{\"@type\":\"BreadcrumbList\",\"@id\":\"https:\/\/www.webnauta.it\/wordpress\/siamo-tutti-delle-storie\/#breadcrumb\",\"itemListElement\":[{\"@type\":\"ListItem\",\"position\":1,\"name\":\"Home\",\"item\":\"https:\/\/www.webnauta.it\/wordpress\/\"},{\"@type\":\"ListItem\",\"position\":2,\"name\":\"Siamo tutti delle storie\"}]},{\"@type\":\"WebSite\",\"@id\":\"https:\/\/www.webnauta.it\/wordpress\/#website\",\"url\":\"https:\/\/www.webnauta.it\/wordpress\/\",\"name\":\"webnauta\",\"description\":\"navigatore in un oceano di parole\",\"publisher\":{\"@id\":\"https:\/\/www.webnauta.it\/wordpress\/#\/schema\/person\/9a1f7a6e3b52bbe5b9d265d2d671d1a1\"},\"potentialAction\":[{\"@type\":\"SearchAction\",\"target\":{\"@type\":\"EntryPoint\",\"urlTemplate\":\"https:\/\/www.webnauta.it\/wordpress\/?s={search_term_string}\"},\"query-input\":{\"@type\":\"PropertyValueSpecification\",\"valueRequired\":true,\"valueName\":\"search_term_string\"}}],\"inLanguage\":\"it-IT\"},{\"@type\":[\"Person\",\"Organization\"],\"@id\":\"https:\/\/www.webnauta.it\/wordpress\/#\/schema\/person\/9a1f7a6e3b52bbe5b9d265d2d671d1a1\",\"name\":\"Barbara Businaro\",\"image\":{\"@type\":\"ImageObject\",\"inLanguage\":\"it-IT\",\"@id\":\"https:\/\/www.webnauta.it\/wordpress\/#\/schema\/person\/image\/\",\"url\":\"https:\/\/www.webnauta.it\/wordpress\/wp-content\/uploads\/2020\/02\/BarbaraBusinaro2020_rounded.png\",\"contentUrl\":\"https:\/\/www.webnauta.it\/wordpress\/wp-content\/uploads\/2020\/02\/BarbaraBusinaro2020_rounded.png\",\"width\":500,\"height\":512,\"caption\":\"Barbara Businaro\"},\"logo\":{\"@id\":\"https:\/\/www.webnauta.it\/wordpress\/#\/schema\/person\/image\/\"},\"description\":\"webnauta.it \u2022 Blog personale di Barbara Businaro \u2022 Scrivo, tra una tempesta e l''altra. Chiunque pu\u00f2 tenere il timone quando il mare \u00e8 calmo.\",\"sameAs\":[\"http:\/\/www.webnauta.it\",\"http:\/\/www.facebook.com\/barbara.businaro.9\",\"https:\/\/www.instagram.com\/barbarawebnauta\/\",\"https:\/\/x.com\/barbarawebnauta\"],\"url\":\"https:\/\/www.webnauta.it\/wordpress\/author\/maxadmin\/\"}]}<\/script>\n<!-- \/ Yoast SEO Premium plugin. -->","yoast_head_json":{"title":"Siamo tutti delle storie - webnauta","description":"Siamo tutti delle storie. La vita stessa \u00e8 un'avventura. Quindi, vuoi raccontarmi la tua storia vera? ...webnauta - navigatore in un oceano di parole","robots":{"index":"index","follow":"follow","max-snippet":"max-snippet:-1","max-image-preview":"max-image-preview:large","max-video-preview":"max-video-preview:-1"},"canonical":"https:\/\/www.webnauta.it\/wordpress\/siamo-tutti-delle-storie\/","og_locale":"it_IT","og_type":"article","og_title":"Siamo tutti delle storie","og_description":"Siamo tutti delle storie. La vita stessa \u00e8 un'avventura. Quindi, vuoi raccontarmi la tua storia vera? ...webnauta - navigatore in un oceano di parole","og_url":"https:\/\/www.webnauta.it\/wordpress\/siamo-tutti-delle-storie\/","og_site_name":"webnauta","article_publisher":"http:\/\/www.facebook.com\/barbara.businaro.9","article_author":"http:\/\/www.facebook.com\/barbara.businaro.9","article_published_time":"2025-06-03T04:00:31+00:00","og_image":[{"width":650,"height":450,"url":"https:\/\/www.webnauta.it\/wordpress\/wp-content\/uploads\/2025\/06\/racconta_la_tua_storia.png","type":"image\/png"}],"author":"Barbara Businaro","twitter_card":"summary_large_image","twitter_creator":"@barbarawebnauta","twitter_site":"@barbarawebnauta","twitter_misc":{"Scritto da":"Barbara Businaro","Tempo di lettura stimato":"5 minuti"},"schema":{"@context":"https:\/\/schema.org","@graph":[{"@type":"Article","@id":"https:\/\/www.webnauta.it\/wordpress\/siamo-tutti-delle-storie\/#article","isPartOf":{"@id":"https:\/\/www.webnauta.it\/wordpress\/siamo-tutti-delle-storie\/"},"author":{"name":"Barbara Businaro","@id":"https:\/\/www.webnauta.it\/wordpress\/#\/schema\/person\/9a1f7a6e3b52bbe5b9d265d2d671d1a1"},"headline":"Siamo tutti delle storie","datePublished":"2025-06-03T04:00:31+00:00","mainEntityOfPage":{"@id":"https:\/\/www.webnauta.it\/wordpress\/siamo-tutti-delle-storie\/"},"wordCount":783,"commentCount":12,"publisher":{"@id":"https:\/\/www.webnauta.it\/wordpress\/#\/schema\/person\/9a1f7a6e3b52bbe5b9d265d2d671d1a1"},"image":{"@id":"https:\/\/www.webnauta.it\/wordpress\/siamo-tutti-delle-storie\/#primaryimage"},"thumbnailUrl":"https:\/\/www.webnauta.it\/wordpress\/wp-content\/uploads\/2025\/06\/racconta_la_tua_storia.png","keywords":["Confidenze","diario di viaggio","storie vere"],"articleSection":["Solo un istante"],"inLanguage":"it-IT","potentialAction":[{"@type":"CommentAction","name":"Comment","target":["https:\/\/www.webnauta.it\/wordpress\/siamo-tutti-delle-storie\/#respond"]}]},{"@type":"WebPage","@id":"https:\/\/www.webnauta.it\/wordpress\/siamo-tutti-delle-storie\/","url":"https:\/\/www.webnauta.it\/wordpress\/siamo-tutti-delle-storie\/","name":"Siamo tutti delle storie - webnauta","isPartOf":{"@id":"https:\/\/www.webnauta.it\/wordpress\/#website"},"primaryImageOfPage":{"@id":"https:\/\/www.webnauta.it\/wordpress\/siamo-tutti-delle-storie\/#primaryimage"},"image":{"@id":"https:\/\/www.webnauta.it\/wordpress\/siamo-tutti-delle-storie\/#primaryimage"},"thumbnailUrl":"https:\/\/www.webnauta.it\/wordpress\/wp-content\/uploads\/2025\/06\/racconta_la_tua_storia.png","datePublished":"2025-06-03T04:00:31+00:00","description":"Siamo tutti delle storie. La vita stessa \u00e8 un'avventura. Quindi, vuoi raccontarmi la tua storia vera? ...webnauta - navigatore in un oceano di parole","breadcrumb":{"@id":"https:\/\/www.webnauta.it\/wordpress\/siamo-tutti-delle-storie\/#breadcrumb"},"inLanguage":"it-IT","potentialAction":[{"@type":"ReadAction","target":["https:\/\/www.webnauta.it\/wordpress\/siamo-tutti-delle-storie\/"]}]},{"@type":"ImageObject","inLanguage":"it-IT","@id":"https:\/\/www.webnauta.it\/wordpress\/siamo-tutti-delle-storie\/#primaryimage","url":"https:\/\/www.webnauta.it\/wordpress\/wp-content\/uploads\/2025\/06\/racconta_la_tua_storia.png","contentUrl":"https:\/\/www.webnauta.it\/wordpress\/wp-content\/uploads\/2025\/06\/racconta_la_tua_storia.png","width":650,"height":450,"caption":"Vuoi raccontarmi la tua storia vera?"},{"@type":"BreadcrumbList","@id":"https:\/\/www.webnauta.it\/wordpress\/siamo-tutti-delle-storie\/#breadcrumb","itemListElement":[{"@type":"ListItem","position":1,"name":"Home","item":"https:\/\/www.webnauta.it\/wordpress\/"},{"@type":"ListItem","position":2,"name":"Siamo tutti delle storie"}]},{"@type":"WebSite","@id":"https:\/\/www.webnauta.it\/wordpress\/#website","url":"https:\/\/www.webnauta.it\/wordpress\/","name":"webnauta","description":"navigatore in un oceano di parole","publisher":{"@id":"https:\/\/www.webnauta.it\/wordpress\/#\/schema\/person\/9a1f7a6e3b52bbe5b9d265d2d671d1a1"},"potentialAction":[{"@type":"SearchAction","target":{"@type":"EntryPoint","urlTemplate":"https:\/\/www.webnauta.it\/wordpress\/?s={search_term_string}"},"query-input":{"@type":"PropertyValueSpecification","valueRequired":true,"valueName":"search_term_string"}}],"inLanguage":"it-IT"},{"@type":["Person","Organization"],"@id":"https:\/\/www.webnauta.it\/wordpress\/#\/schema\/person\/9a1f7a6e3b52bbe5b9d265d2d671d1a1","name":"Barbara Businaro","image":{"@type":"ImageObject","inLanguage":"it-IT","@id":"https:\/\/www.webnauta.it\/wordpress\/#\/schema\/person\/image\/","url":"https:\/\/www.webnauta.it\/wordpress\/wp-content\/uploads\/2020\/02\/BarbaraBusinaro2020_rounded.png","contentUrl":"https:\/\/www.webnauta.it\/wordpress\/wp-content\/uploads\/2020\/02\/BarbaraBusinaro2020_rounded.png","width":500,"height":512,"caption":"Barbara Businaro"},"logo":{"@id":"https:\/\/www.webnauta.it\/wordpress\/#\/schema\/person\/image\/"},"description":"webnauta.it \u2022 Blog personale di Barbara Businaro \u2022 Scrivo, tra una tempesta e l''altra. Chiunque pu\u00f2 tenere il timone quando il mare \u00e8 calmo.","sameAs":["http:\/\/www.webnauta.it","http:\/\/www.facebook.com\/barbara.businaro.9","https:\/\/www.instagram.com\/barbarawebnauta\/","https:\/\/x.com\/barbarawebnauta"],"url":"https:\/\/www.webnauta.it\/wordpress\/author\/maxadmin\/"}]}},"_links":{"self":[{"href":"https:\/\/www.webnauta.it\/wordpress\/wp-json\/wp\/v2\/posts\/29873","targetHints":{"allow":["GET"]}}],"collection":[{"href":"https:\/\/www.webnauta.it\/wordpress\/wp-json\/wp\/v2\/posts"}],"about":[{"href":"https:\/\/www.webnauta.it\/wordpress\/wp-json\/wp\/v2\/types\/post"}],"author":[{"embeddable":true,"href":"https:\/\/www.webnauta.it\/wordpress\/wp-json\/wp\/v2\/users\/1"}],"replies":[{"embeddable":true,"href":"https:\/\/www.webnauta.it\/wordpress\/wp-json\/wp\/v2\/comments?post=29873"}],"version-history":[{"count":2,"href":"https:\/\/www.webnauta.it\/wordpress\/wp-json\/wp\/v2\/posts\/29873\/revisions"}],"predecessor-version":[{"id":29877,"href":"https:\/\/www.webnauta.it\/wordpress\/wp-json\/wp\/v2\/posts\/29873\/revisions\/29877"}],"wp:featuredmedia":[{"embeddable":true,"href":"https:\/\/www.webnauta.it\/wordpress\/wp-json\/wp\/v2\/media\/29872"}],"wp:attachment":[{"href":"https:\/\/www.webnauta.it\/wordpress\/wp-json\/wp\/v2\/media?parent=29873"}],"wp:term":[{"taxonomy":"category","embeddable":true,"href":"https:\/\/www.webnauta.it\/wordpress\/wp-json\/wp\/v2\/categories?post=29873"},{"taxonomy":"post_tag","embeddable":true,"href":"https:\/\/www.webnauta.it\/wordpress\/wp-json\/wp\/v2\/tags?post=29873"}],"curies":[{"name":"wp","href":"https:\/\/api.w.org\/{rel}","templated":true}]}}