{"id":29502,"date":"2024-04-16T08:24:59","date_gmt":"2024-04-16T06:24:59","guid":{"rendered":"https:\/\/www.webnauta.it\/wordpress\/?p=29502"},"modified":"2024-08-05T22:33:03","modified_gmt":"2024-08-05T20:33:03","slug":"confidenze-scatola-memoria","status":"publish","type":"post","link":"https:\/\/www.webnauta.it\/wordpress\/confidenze-scatola-memoria\/","title":{"rendered":"La scatola della memoria <br> In edicola su Confidenze"},"content":{"rendered":"<p>Ho conosciuto davvero poco del mio nonno paterno, nonostante fosse l&#8217;unico nonno che ho vissuto, visto che dalla parte di mia madre i rapporti famigliari non sono mai stati felici. Al contrario di mia nonna Rina con la quale ho passato molte ore della mia infanzia, nonno Giuseppe era taciturno, forse un po&#8217; burbero, probabilmente un introverso e mi piace pensare che questa caratteristica l&#8217;ho ereditata da lui. Mi hanno raccontato quanto fosse orgoglioso di vedermi scorrazzare col triciclo per il cortile della fattoria, un po&#8217; meno quando mi ostinavo a salire sulla montagnola di grano raccolto sull&#8217;aia, che si sparpagliava tutto sotto il mio peso, costringendolo a rifare tutto il lavoro daccapo. Ricordo invece come scherzava con nonna durante i pranzi domenicali, forse un po&#8217; brillo di quel vino rosso scuro, che produceva lui, dove intingeva qualche pezzettino di torta appena sfornata. Era un agricoltore affezionato alla propria terra, lavorava duramente soprattutto in estate, quando falciava l&#8217;erba alta tutto intorno ai campi seminati. Rientrava a casa a met\u00e0 mattina, quando io, appena sveglia, facevo colazione con caffellatte e biscotti, lui si cucinava un uovo al tegamino con sopra due fette di pancetta. Sento ancora lo sfrigolio e quel profumo intenso per casa.<\/p>\n<p>Quando sono arrivata all&#8217;et\u00e0 giusta per poterlo conoscere davvero, fargli le domande giuste e sentirlo raccontare la sua storia, si \u00e8 ammalato gravemente. E&#8217; stata l&#8217;unica sera in cui ho visto mio padre piangere, nonno Giuseppe era gi\u00e0 in ospedale, e ci sarebbe uscito e rientrato per diverse volte, prima di lasciarci. Di lui mi restano le foto in bianco e nero, sbiadite dal tempo, e una grammatica in lingua Inglese, perch\u00e9 aveva combattuto a fianco degli Americani e quel volumetto gli era servito per parlare con loro. Purtroppo nessuno me l&#8217;ha tolto di mano quando ho cominciato ad usare i pennarelli, cos\u00ec \u00e8 rimasto scarabocchiato delle mie improvvisazioni artistiche. Non so altro di lui e non ho pi\u00f9 modo di rimediare, non dalla sua viva voce.<br \/>\nL&#8217;ho ritrovato, in un certo senso, tra le pagine di un romanzo letto di recente: <a href=\"https:\/\/www.amazon.it\/scatola-della-memoria-Collana-Tulipani-ebook\/dp\/B09SBC256L\" target=\"_blank\" rel=\"noopener\"><em>La scatola della memoria<\/em><\/a>\u00a0di Brunella Borsari.<\/p>\n<p>Lei \u00e8 un&#8217;amica scrittrice di Bologna, talvolta commenta qui sul mio blog, con una passione intensa per l&#8217;Africa, ereditata in famiglia. Avventure subacquee in Egitto, altri viaggi nel Magreb, ha gironzolato fra Mozambico, Tanzania e Sudafrica, ma da dieci anni torna ogni estate in Madagascar, un legame profondo spiegato nel suo primo libro, <a href=\"https:\/\/www.amazon.it\/Mora-mora-Brunella-Borsari\/dp\/8894992187\" target=\"_blank\" rel=\"noopener\"><em>Mora mora<\/em><\/a> (significa &#8220;piano piano&#8221; in lingua malgascia). Qualche anno fa mi ero invece immersa in una bellissima storia di donne forti, sempre dalla sua fervida penna, attirata dal titolo: <a href=\"https:\/\/www.amazon.it\/Ricominciare-cuore-capello-Brunella-Borsari-ebook\/dp\/B07NPQ2KP1\" target=\"_blank\" rel=\"noopener\"><em>Ricominciare<\/em><\/a>\u00a0Mi era piaciuto il suo stile, leggerezza e profondit\u00e0 ben amalgamate, un velo di ironia per affrontare le vicissitudini della vita di oggi.<\/p>\n<p>Quest&#8217;ultimo suo romanzo ci riporta invece indietro alla Seconda Guerra Mondiale, nella primavera del 1937, quando il giovane Gino decide di cercare un futuro nell&#8217;Africa Orientale, nelle colonie italiane. La lettura mi ha incuriosito fin dalle prime righe, dove il racconto in prima persona di Gino mi ha trascinato dentro le sue vicende, dalla miseria della sua giovinezza tra le nebbie e il freddo della pianura padana, fino al lungo viaggio per nave lungo l&#8217;Egitto e la scoperta di un mondo nuovo, completamente differente per cultura, colori, lingua ed usanze. Ho scoperto un periodo storico che ignoravo, non tanto dai libri di Storia a scuola, che riportano solo date e fatti, ma quello che avrei tanto voluto chiedere a mio nonno Giuseppe, gioie e dolori di chi ha davvero vissuto quegli anni, quelle difficolt\u00e0, quelle tragedie.<br \/>\nLa vita in Emilia all&#8217;inizio della storia \u00e8 la stessa che mi raccontava mia nonna Rina: fame e stenti durante il rigido inverno, il lavoro dei bambini sui campi, canestri intrecciati la sera davanti al rosario, recitato nella stalla con le bestie, il cui fiato riscaldava l&#8217;ambiente. Da questo punto ho sentito un collegamento con mio nonno Giuseppe e mi sono affezionata al protagonista come se fosse lui.<\/p>\n<p>Quello che ancora non sapevo e che Brunella mi ha svelato passeggiando per le vie di Bologna, \u00e8 che si tratta di una storia vera.<br \/>\n<span style=\"color: #ff0000;\"><strong>Dalle vecchie foto ritrovate in una scatola lei ha parzialmente ricostruito la memoria di suo zio Gino,<\/strong><\/span> che fu anche prigioniero a <a href=\"http:\/\/www.zonderwater.com\/it\/\" target=\"_blank\" rel=\"noopener\"><em>Zonderwater<\/em><\/a>, campo di concentramento in Sud Africa, durante la Seconda Guerra. La sua lunga ricerca, tra i ricordi di famiglia e i documenti storici, anche manoscritti dei prigionieri, <span style=\"color: #ff0000;\"><strong>\u00e8 diventata questo libro, con in copertina proprio la vecchia foto dello zio da giovane.<\/strong><\/span> Mi ha colpito molto quel suo sguardo un po&#8217; spaventato, chiss\u00e0 cosa aveva gi\u00e0 visto prima di quello scatto.<br \/>\nHo pensato quindi di raccogliere la testimonianza di Brunella, i suoi ricordi di bambina, di quel vero zio Gino oramai tornato dall&#8217;Africa, di cui parlavano pochissimo. Il romanzo \u00e8 un tributo affettuoso alla sua figura. E anche questa storia vera, pubblicata oggi su Confidenze, vuole rendergli omaggio.<\/p>\n<p><img loading=\"lazy\" decoding=\"async\" class=\"aligncenter wp-image-29505\" src=\"https:\/\/www.webnauta.it\/wordpress\/wp-content\/uploads\/2024\/04\/Brunella_Borsari_La_scatola_della_memoria.png\" alt=\"Brunella Borsari e il suo romanzo La scatola della memoria\" width=\"650\" height=\"650\" srcset=\"https:\/\/www.webnauta.it\/wordpress\/wp-content\/uploads\/2024\/04\/Brunella_Borsari_La_scatola_della_memoria.png 1500w, https:\/\/www.webnauta.it\/wordpress\/wp-content\/uploads\/2024\/04\/Brunella_Borsari_La_scatola_della_memoria-300x300.png 300w, https:\/\/www.webnauta.it\/wordpress\/wp-content\/uploads\/2024\/04\/Brunella_Borsari_La_scatola_della_memoria-150x150.png 150w, https:\/\/www.webnauta.it\/wordpress\/wp-content\/uploads\/2024\/04\/Brunella_Borsari_La_scatola_della_memoria-768x768.png 768w, https:\/\/www.webnauta.it\/wordpress\/wp-content\/uploads\/2024\/04\/Brunella_Borsari_La_scatola_della_memoria-1320x1320.png 1320w\" sizes=\"auto, (max-width: 650px) 100vw, 650px\" \/><\/p>\n<p><!--more--><\/p>\n<h2><span style=\"color: #ff0000;\">La scatola della memoria \u00e8 anche una scatola del cuore<\/span><\/h2>\n<p>La storia del romanzo nasce da un pacchetto di foto ingiallite, con localit\u00e0 e date segnate sul retro, alcuni oggetti conservati gelosamente, come quattro teste di donne africane, due scure e due bianche, e certi ricordi dell&#8217;infanzia di Brunella. Come me, anche lei si rammarica di non aver fatto pi\u00f9 domande.<br \/>\n<span style=\"color: #ff0000;\"><strong>Suo zio Gino aveva vissuto dieci anni in Africa e l&#8217;aveva sempre rimpianta,<\/strong><\/span> sebbene ne parlasse davvero poco una volta rientrato in Italia. Di quel periodo, restano quegli scatti lontani nel tempo. Da quella scatola riposta in fondo all&#8217;armadio, custodita per anni e un po&#8217; dimenticata tra le vicende del quotidiano, questa storia ha preteso di essere raccontata. Perch\u00e9 la scatola della memoria \u00e8 anche una scatola del cuore: pi\u00f9 le primavere si accumulano, pi\u00f9 diventa faticoso scoperchiare i propri ricordi di famiglia e di infanzia. Tutto quello che non \u00e8 stato possibile ricostruire, \u00e8 stato colmato con la documentazione storica di quegli anni, dalle colonie in Etiopia ai diari manoscritti dei prigionieri di Zonderwater, e dalla fantasia di Brunella.<\/p>\n<p>Per qualcuno questa tipologia di narrazione non ha alcun interesse, n\u00e9 storico n\u00e9 di mercato editoriale. Ma lo zio Gino della finzione letteraria ci offre una visione quotidiana di un&#8217;epoca, con la nostalgia inaspettata e combattuta verso l&#8217;Italia e la famiglia lontana, mentre cerca di costruirsi un futuro nuovo e felice in una terra straniera, afosa, arida, ostile ma anche ricca di opportunit\u00e0, che va ben oltre i libri di Storia. Il coinvolgimento per me \u00e8 stato totale, ho sofferto quanto lui, anche per quell&#8217;amore abbandonato, e quando sono arrivata all&#8217;ultima pagina, Gino \u00e8 diventato un po&#8217; anche mio zio.<br \/>\n<span style=\"color: #ff0000;\"><strong>Dovremmo dare maggiore risalto a queste memorie.<\/strong><\/span> Dobbiamo comprendere il nostro passato per costruire meglio il nostro futuro, ne sono convinta.<br \/>\nNon voglio svelarvi di pi\u00f9, n\u00e9 del romanzo n\u00e9 della storia vera pubblicata sulla rivista, ma vi lascio con la quarta di copertina del libro:<\/p>\n<p><em>Primavera 1937: il giovane Gino fugge dal suo paese della bassa padana e parte per l\u2019Africa orientale, attratto dalle promesse della propaganda coloniale fascista. Si stabilisce in Etiopia dove, affascinato dalla natura e dalla diversit\u00e0 della gente del luogo, si sente a proprio agio, lavora e vive una intensa storia d\u2019amore. La felicit\u00e0 africana si interrompe bruscamente quando viene catturato dagli inglesi e internato in un campo di prigionia in Sudafrica. Ammesso al lavoro esterno in una fattoria, inaspettatamente gli si presenter\u00e0 una grande opportunit\u00e0 e dovr\u00e0 fare una scelta difficile&#8230;<\/em><\/p>\n<p><em>Estate 2019: Anna sta sgombrando la casa di famiglia, colma di ricordi, dopo la morte dell\u2019anziana madre. In fondo a un armadio ritrova una scatola che contiene due vecchi quaderni, diari di uno zio ormai morto da tempo e che aveva trascorso dieci anni in Africa. Anna legge, scopre qualche piccolo segreto familiare e trova in quelle pagine una testimonianza storica e umana pi\u00f9 che mai attuale, che la spinger\u00e0 a riflettere&#8230;<\/em><\/p>\n<p><iframe loading=\"lazy\" style=\"max-width: 100%;\" src=\"https:\/\/leggi.amazon.it\/kp\/card?asin=B09SBC256L&amp;preview=inline&amp;linkCode=kpe&amp;ref_=cm_sw_r_kb_dp_DCXPDB176TJ359Y6KM0J\" width=\"336\" height=\"550\" frameborder=\"0\" sandbox=\"allow-scripts allow-same-origin allow-popups\" allowfullscreen=\"allowfullscreen\"><\/iframe><\/p>\n<h2><span style=\"color: #ff0000;\">La scatola della memoria in edicola<\/span><br \/>\n<span style=\"color: #ff0000;\">e in digitale sulla nuova app Confidenze<\/span><\/h2>\n<p><em>&#8220;Sono figlia unica. Non che abbia mai sentito la mancanza di fratelli, anzi stavo benissimo, sola bambina coccolata da una famiglia calda e accogliente. Eppure percepivo con curiosit\u00e0 e un pizzico di invidia quel legame speciale che univa mio padre e mio zio. Entrambi di poche parole, dai caratteri ruvidi e di scarsa affettuosit\u00e0 all\u2019apparenza, si volevano bene in un modo unico. Non li ho mai sentiti litigare o discutere, pur non concordando su tutto. Mio zio stimava profondamente mio padre perch\u00e9 era lui quello intelligente, che aveva avuto successo nella vita. Anche mio padre stimava mio zio, perch\u00e9 aveva avuto il coraggio di partire e ne aveva passate di tutti i colori in Africa, in quei dieci anni che era stato lontano da casa. Al ritorno poi aveva fatto il primo lavoro che gli era capitato, il ferroviere, e aveva sposato la fidanzata di un tempo. Mio padre e mio zio avevano sempre fatto in modo di abitare vicini. Quando ero piccola, vivevamo in due palazzi, uno di fronte all\u2019altro, e ci si vedeva dalla finestra. Pi\u00f9 avanti, ci siamo trasferiti tutti in blocco all\u2019interno di un grande edificio con molti numeri civici. Eravamo in appartamenti diversi, ma ancora potevamo vederci dalla finestra&#8230;&#8221;<\/em><\/p>\n<p>La storia vera continua sul numero 16 di Confidenze in edicola questa settimana, da oggi marted\u00ec 16 aprile.<br \/>\nSe passate qui sul blog dopo la lettura, fatemi sapere che ne pensate. E se decidete di leggere il romanzo, lasciate sempre qui nei commenti le vostre impressioni, anche pure i ricordi legati ai vostri nonni e ai loro racconti dei tempi di guerra.<\/p>\n<p><img loading=\"lazy\" decoding=\"async\" class=\"aligncenter size-full wp-image-29508\" src=\"https:\/\/www.webnauta.it\/wordpress\/wp-content\/uploads\/2024\/04\/Confidenze_16_2024_Businaro.png\" alt=\"Confidenze numero 16-2024 - Una nuova storia vera in edicola\" width=\"650\" height=\"488\" srcset=\"https:\/\/www.webnauta.it\/wordpress\/wp-content\/uploads\/2024\/04\/Confidenze_16_2024_Businaro.png 650w, https:\/\/www.webnauta.it\/wordpress\/wp-content\/uploads\/2024\/04\/Confidenze_16_2024_Businaro-300x225.png 300w\" sizes=\"auto, (max-width: 650px) 100vw, 650px\" \/><\/p>\n<p><span style=\"color: #ff0000;\"><strong>Per i lettori pi\u00f9 tecnologici, c&#8217;\u00e8 anche la nuova app Confidenze<\/strong><\/span>, disponibile sia per Android (cliccate qui: <a href=\"https:\/\/play.google.com\/store\/apps\/details?id=com.paperlit.android.confidenze&amp;hl=it&amp;gl=US\" target=\"_blank\" rel=\"noopener\"><em>Google Play Confidenze<\/em><\/a>) sia per Apple (cliccate qui: <a href=\"https:\/\/apps.apple.com\/it\/app\/confidenze\/id1534683310\" target=\"_blank\" rel=\"noopener\"><em>App Store Confidenze<\/em><\/a>). Se siete gi\u00e0 abbonati, potrete leggere la vostra rivista anche su tablet e smartphone. Se non siete abbonati, potete acquistare anche un singolo numero, abbonarvi per soli tre mesi o per l&#8217;intero anno e leggere Confidenze ovunque, anche con l&#8217;edicola chiusa. \ud83d\ude42<\/p>\n<p><img loading=\"lazy\" decoding=\"async\" class=\"aligncenter size-full wp-image-29509\" src=\"https:\/\/www.webnauta.it\/wordpress\/wp-content\/uploads\/2024\/04\/Confidenze_16_2024_Businaro_digitale.png\" alt=\"Confidenze numero 16-2024 - La nuova app digitale\" width=\"331\" height=\"650\" srcset=\"https:\/\/www.webnauta.it\/wordpress\/wp-content\/uploads\/2024\/04\/Confidenze_16_2024_Businaro_digitale.png 331w, https:\/\/www.webnauta.it\/wordpress\/wp-content\/uploads\/2024\/04\/Confidenze_16_2024_Businaro_digitale-153x300.png 153w\" sizes=\"auto, (max-width: 331px) 100vw, 331px\" \/><\/p>\n","protected":false},"excerpt":{"rendered":"<p>Ho conosciuto davvero poco del mio nonno paterno, nonostante fosse l&#8217;unico nonno che ho vissuto, visto che dalla parte di mia madre i rapporti famigliari non sono mai stati felici. Al contrario di mia nonna Rina con la quale ho passato molte ore della mia infanzia, nonno Giuseppe era taciturno, forse un po&#8217; burbero, probabilmente [&hellip;]<\/p>\n","protected":false},"author":1,"featured_media":29510,"comment_status":"open","ping_status":"open","sticky":false,"template":"","format":"standard","meta":{"_monsterinsights_skip_tracking":false,"_monsterinsights_sitenote_active":false,"_monsterinsights_sitenote_note":"","_monsterinsights_sitenote_category":0,"footnotes":""},"categories":[3],"tags":[4185,21,4184],"class_list":["post-29502","post","type-post","status-publish","format-standard","has-post-thumbnail","hentry","category-racconti-poesie","tag-confidenze","tag-racconti","tag-storie-vere"],"yoast_head":"<!-- This site is optimized with the Yoast SEO Premium plugin v26.8 (Yoast SEO v26.8) - https:\/\/yoast.com\/product\/yoast-seo-premium-wordpress\/ -->\n<title>La scatola della memoria  In edicola su Confidenze - webnauta<\/title>\n<meta name=\"description\" content=\"La scatola della memoria, storia vera di Brunella Borsari, raccolta da me. In edicola sulla rivista Confidenze..webnauta - navigatore in un oceano di parole\" \/>\n<meta name=\"robots\" content=\"index, follow, max-snippet:-1, max-image-preview:large, max-video-preview:-1\" \/>\n<link rel=\"canonical\" href=\"https:\/\/www.webnauta.it\/wordpress\/confidenze-scatola-memoria\/\" \/>\n<meta property=\"og:locale\" content=\"it_IT\" \/>\n<meta property=\"og:type\" content=\"article\" \/>\n<meta property=\"og:title\" content=\"La scatola della memoria  In edicola su Confidenze\" \/>\n<meta property=\"og:description\" content=\"La scatola della memoria, storia vera di Brunella Borsari, raccolta da me. In edicola sulla rivista Confidenze..webnauta - navigatore in un oceano di parole\" \/>\n<meta property=\"og:url\" content=\"https:\/\/www.webnauta.it\/wordpress\/confidenze-scatola-memoria\/\" \/>\n<meta property=\"og:site_name\" content=\"webnauta\" \/>\n<meta property=\"article:publisher\" content=\"http:\/\/www.facebook.com\/barbara.businaro.9\" \/>\n<meta property=\"article:author\" content=\"http:\/\/www.facebook.com\/barbara.businaro.9\" \/>\n<meta property=\"article:published_time\" content=\"2024-04-16T06:24:59+00:00\" \/>\n<meta property=\"article:modified_time\" content=\"2024-08-05T20:33:03+00:00\" \/>\n<meta property=\"og:image\" content=\"https:\/\/www.webnauta.it\/wordpress\/wp-content\/uploads\/2024\/04\/Confidenze_16_2024_La_scatola_della_memoria_Businaro_small.png\" \/>\n\t<meta property=\"og:image:width\" content=\"650\" \/>\n\t<meta property=\"og:image:height\" content=\"488\" \/>\n\t<meta property=\"og:image:type\" content=\"image\/png\" \/>\n<meta name=\"author\" content=\"Barbara Businaro\" \/>\n<meta name=\"twitter:card\" content=\"summary_large_image\" \/>\n<meta name=\"twitter:creator\" content=\"@barbarawebnauta\" \/>\n<meta name=\"twitter:site\" content=\"@barbarawebnauta\" \/>\n<meta name=\"twitter:label1\" content=\"Scritto da\" \/>\n\t<meta name=\"twitter:data1\" content=\"Barbara Businaro\" \/>\n\t<meta name=\"twitter:label2\" content=\"Tempo di lettura stimato\" \/>\n\t<meta name=\"twitter:data2\" content=\"10 minuti\" \/>\n<script type=\"application\/ld+json\" class=\"yoast-schema-graph\">{\"@context\":\"https:\/\/schema.org\",\"@graph\":[{\"@type\":\"Article\",\"@id\":\"https:\/\/www.webnauta.it\/wordpress\/confidenze-scatola-memoria\/#article\",\"isPartOf\":{\"@id\":\"https:\/\/www.webnauta.it\/wordpress\/confidenze-scatola-memoria\/\"},\"author\":{\"name\":\"Barbara Businaro\",\"@id\":\"https:\/\/www.webnauta.it\/wordpress\/#\/schema\/person\/9a1f7a6e3b52bbe5b9d265d2d671d1a1\"},\"headline\":\"La scatola della memoria In edicola su Confidenze\",\"datePublished\":\"2024-04-16T06:24:59+00:00\",\"dateModified\":\"2024-08-05T20:33:03+00:00\",\"mainEntityOfPage\":{\"@id\":\"https:\/\/www.webnauta.it\/wordpress\/confidenze-scatola-memoria\/\"},\"wordCount\":1678,\"commentCount\":12,\"publisher\":{\"@id\":\"https:\/\/www.webnauta.it\/wordpress\/#\/schema\/person\/9a1f7a6e3b52bbe5b9d265d2d671d1a1\"},\"image\":{\"@id\":\"https:\/\/www.webnauta.it\/wordpress\/confidenze-scatola-memoria\/#primaryimage\"},\"thumbnailUrl\":\"https:\/\/www.webnauta.it\/wordpress\/wp-content\/uploads\/2024\/04\/Confidenze_16_2024_La_scatola_della_memoria_Businaro_small.png\",\"keywords\":[\"Confidenze\",\"racconti\",\"storie vere\"],\"articleSection\":[\"Racconti e poesie\"],\"inLanguage\":\"it-IT\",\"potentialAction\":[{\"@type\":\"CommentAction\",\"name\":\"Comment\",\"target\":[\"https:\/\/www.webnauta.it\/wordpress\/confidenze-scatola-memoria\/#respond\"]}]},{\"@type\":\"WebPage\",\"@id\":\"https:\/\/www.webnauta.it\/wordpress\/confidenze-scatola-memoria\/\",\"url\":\"https:\/\/www.webnauta.it\/wordpress\/confidenze-scatola-memoria\/\",\"name\":\"La scatola della memoria In edicola su Confidenze - webnauta\",\"isPartOf\":{\"@id\":\"https:\/\/www.webnauta.it\/wordpress\/#website\"},\"primaryImageOfPage\":{\"@id\":\"https:\/\/www.webnauta.it\/wordpress\/confidenze-scatola-memoria\/#primaryimage\"},\"image\":{\"@id\":\"https:\/\/www.webnauta.it\/wordpress\/confidenze-scatola-memoria\/#primaryimage\"},\"thumbnailUrl\":\"https:\/\/www.webnauta.it\/wordpress\/wp-content\/uploads\/2024\/04\/Confidenze_16_2024_La_scatola_della_memoria_Businaro_small.png\",\"datePublished\":\"2024-04-16T06:24:59+00:00\",\"dateModified\":\"2024-08-05T20:33:03+00:00\",\"description\":\"La scatola della memoria, storia vera di Brunella Borsari, raccolta da me. In edicola sulla rivista Confidenze..webnauta - navigatore in un oceano di parole\",\"breadcrumb\":{\"@id\":\"https:\/\/www.webnauta.it\/wordpress\/confidenze-scatola-memoria\/#breadcrumb\"},\"inLanguage\":\"it-IT\",\"potentialAction\":[{\"@type\":\"ReadAction\",\"target\":[\"https:\/\/www.webnauta.it\/wordpress\/confidenze-scatola-memoria\/\"]}]},{\"@type\":\"ImageObject\",\"inLanguage\":\"it-IT\",\"@id\":\"https:\/\/www.webnauta.it\/wordpress\/confidenze-scatola-memoria\/#primaryimage\",\"url\":\"https:\/\/www.webnauta.it\/wordpress\/wp-content\/uploads\/2024\/04\/Confidenze_16_2024_La_scatola_della_memoria_Businaro_small.png\",\"contentUrl\":\"https:\/\/www.webnauta.it\/wordpress\/wp-content\/uploads\/2024\/04\/Confidenze_16_2024_La_scatola_della_memoria_Businaro_small.png\",\"width\":650,\"height\":488,\"caption\":\"Confidenze numero 16-2024 - La scatola della memoria - Storia vera di Brunella Borsari Raccolta da Barbara Businaro\"},{\"@type\":\"BreadcrumbList\",\"@id\":\"https:\/\/www.webnauta.it\/wordpress\/confidenze-scatola-memoria\/#breadcrumb\",\"itemListElement\":[{\"@type\":\"ListItem\",\"position\":1,\"name\":\"Home\",\"item\":\"https:\/\/www.webnauta.it\/wordpress\/\"},{\"@type\":\"ListItem\",\"position\":2,\"name\":\"La scatola della memoria In edicola su Confidenze\"}]},{\"@type\":\"WebSite\",\"@id\":\"https:\/\/www.webnauta.it\/wordpress\/#website\",\"url\":\"https:\/\/www.webnauta.it\/wordpress\/\",\"name\":\"webnauta\",\"description\":\"navigatore in un oceano di parole\",\"publisher\":{\"@id\":\"https:\/\/www.webnauta.it\/wordpress\/#\/schema\/person\/9a1f7a6e3b52bbe5b9d265d2d671d1a1\"},\"potentialAction\":[{\"@type\":\"SearchAction\",\"target\":{\"@type\":\"EntryPoint\",\"urlTemplate\":\"https:\/\/www.webnauta.it\/wordpress\/?s={search_term_string}\"},\"query-input\":{\"@type\":\"PropertyValueSpecification\",\"valueRequired\":true,\"valueName\":\"search_term_string\"}}],\"inLanguage\":\"it-IT\"},{\"@type\":[\"Person\",\"Organization\"],\"@id\":\"https:\/\/www.webnauta.it\/wordpress\/#\/schema\/person\/9a1f7a6e3b52bbe5b9d265d2d671d1a1\",\"name\":\"Barbara Businaro\",\"image\":{\"@type\":\"ImageObject\",\"inLanguage\":\"it-IT\",\"@id\":\"https:\/\/www.webnauta.it\/wordpress\/#\/schema\/person\/image\/\",\"url\":\"https:\/\/www.webnauta.it\/wordpress\/wp-content\/uploads\/2020\/02\/BarbaraBusinaro2020_rounded.png\",\"contentUrl\":\"https:\/\/www.webnauta.it\/wordpress\/wp-content\/uploads\/2020\/02\/BarbaraBusinaro2020_rounded.png\",\"width\":500,\"height\":512,\"caption\":\"Barbara Businaro\"},\"logo\":{\"@id\":\"https:\/\/www.webnauta.it\/wordpress\/#\/schema\/person\/image\/\"},\"description\":\"webnauta.it \u2022 Blog personale di Barbara Businaro \u2022 Scrivo, tra una tempesta e l''altra. Chiunque pu\u00f2 tenere il timone quando il mare \u00e8 calmo.\",\"sameAs\":[\"http:\/\/www.webnauta.it\",\"http:\/\/www.facebook.com\/barbara.businaro.9\",\"https:\/\/www.instagram.com\/barbarawebnauta\/\",\"https:\/\/x.com\/barbarawebnauta\"],\"url\":\"https:\/\/www.webnauta.it\/wordpress\/author\/maxadmin\/\"}]}<\/script>\n<!-- \/ Yoast SEO Premium plugin. -->","yoast_head_json":{"title":"La scatola della memoria  In edicola su Confidenze - webnauta","description":"La scatola della memoria, storia vera di Brunella Borsari, raccolta da me. In edicola sulla rivista Confidenze..webnauta - navigatore in un oceano di parole","robots":{"index":"index","follow":"follow","max-snippet":"max-snippet:-1","max-image-preview":"max-image-preview:large","max-video-preview":"max-video-preview:-1"},"canonical":"https:\/\/www.webnauta.it\/wordpress\/confidenze-scatola-memoria\/","og_locale":"it_IT","og_type":"article","og_title":"La scatola della memoria  In edicola su Confidenze","og_description":"La scatola della memoria, storia vera di Brunella Borsari, raccolta da me. In edicola sulla rivista Confidenze..webnauta - navigatore in un oceano di parole","og_url":"https:\/\/www.webnauta.it\/wordpress\/confidenze-scatola-memoria\/","og_site_name":"webnauta","article_publisher":"http:\/\/www.facebook.com\/barbara.businaro.9","article_author":"http:\/\/www.facebook.com\/barbara.businaro.9","article_published_time":"2024-04-16T06:24:59+00:00","article_modified_time":"2024-08-05T20:33:03+00:00","og_image":[{"width":650,"height":488,"url":"https:\/\/www.webnauta.it\/wordpress\/wp-content\/uploads\/2024\/04\/Confidenze_16_2024_La_scatola_della_memoria_Businaro_small.png","type":"image\/png"}],"author":"Barbara Businaro","twitter_card":"summary_large_image","twitter_creator":"@barbarawebnauta","twitter_site":"@barbarawebnauta","twitter_misc":{"Scritto da":"Barbara Businaro","Tempo di lettura stimato":"10 minuti"},"schema":{"@context":"https:\/\/schema.org","@graph":[{"@type":"Article","@id":"https:\/\/www.webnauta.it\/wordpress\/confidenze-scatola-memoria\/#article","isPartOf":{"@id":"https:\/\/www.webnauta.it\/wordpress\/confidenze-scatola-memoria\/"},"author":{"name":"Barbara Businaro","@id":"https:\/\/www.webnauta.it\/wordpress\/#\/schema\/person\/9a1f7a6e3b52bbe5b9d265d2d671d1a1"},"headline":"La scatola della memoria In edicola su Confidenze","datePublished":"2024-04-16T06:24:59+00:00","dateModified":"2024-08-05T20:33:03+00:00","mainEntityOfPage":{"@id":"https:\/\/www.webnauta.it\/wordpress\/confidenze-scatola-memoria\/"},"wordCount":1678,"commentCount":12,"publisher":{"@id":"https:\/\/www.webnauta.it\/wordpress\/#\/schema\/person\/9a1f7a6e3b52bbe5b9d265d2d671d1a1"},"image":{"@id":"https:\/\/www.webnauta.it\/wordpress\/confidenze-scatola-memoria\/#primaryimage"},"thumbnailUrl":"https:\/\/www.webnauta.it\/wordpress\/wp-content\/uploads\/2024\/04\/Confidenze_16_2024_La_scatola_della_memoria_Businaro_small.png","keywords":["Confidenze","racconti","storie vere"],"articleSection":["Racconti e poesie"],"inLanguage":"it-IT","potentialAction":[{"@type":"CommentAction","name":"Comment","target":["https:\/\/www.webnauta.it\/wordpress\/confidenze-scatola-memoria\/#respond"]}]},{"@type":"WebPage","@id":"https:\/\/www.webnauta.it\/wordpress\/confidenze-scatola-memoria\/","url":"https:\/\/www.webnauta.it\/wordpress\/confidenze-scatola-memoria\/","name":"La scatola della memoria In edicola su Confidenze - webnauta","isPartOf":{"@id":"https:\/\/www.webnauta.it\/wordpress\/#website"},"primaryImageOfPage":{"@id":"https:\/\/www.webnauta.it\/wordpress\/confidenze-scatola-memoria\/#primaryimage"},"image":{"@id":"https:\/\/www.webnauta.it\/wordpress\/confidenze-scatola-memoria\/#primaryimage"},"thumbnailUrl":"https:\/\/www.webnauta.it\/wordpress\/wp-content\/uploads\/2024\/04\/Confidenze_16_2024_La_scatola_della_memoria_Businaro_small.png","datePublished":"2024-04-16T06:24:59+00:00","dateModified":"2024-08-05T20:33:03+00:00","description":"La scatola della memoria, storia vera di Brunella Borsari, raccolta da me. In edicola sulla rivista Confidenze..webnauta - navigatore in un oceano di parole","breadcrumb":{"@id":"https:\/\/www.webnauta.it\/wordpress\/confidenze-scatola-memoria\/#breadcrumb"},"inLanguage":"it-IT","potentialAction":[{"@type":"ReadAction","target":["https:\/\/www.webnauta.it\/wordpress\/confidenze-scatola-memoria\/"]}]},{"@type":"ImageObject","inLanguage":"it-IT","@id":"https:\/\/www.webnauta.it\/wordpress\/confidenze-scatola-memoria\/#primaryimage","url":"https:\/\/www.webnauta.it\/wordpress\/wp-content\/uploads\/2024\/04\/Confidenze_16_2024_La_scatola_della_memoria_Businaro_small.png","contentUrl":"https:\/\/www.webnauta.it\/wordpress\/wp-content\/uploads\/2024\/04\/Confidenze_16_2024_La_scatola_della_memoria_Businaro_small.png","width":650,"height":488,"caption":"Confidenze numero 16-2024 - La scatola della memoria - Storia vera di Brunella Borsari Raccolta da Barbara Businaro"},{"@type":"BreadcrumbList","@id":"https:\/\/www.webnauta.it\/wordpress\/confidenze-scatola-memoria\/#breadcrumb","itemListElement":[{"@type":"ListItem","position":1,"name":"Home","item":"https:\/\/www.webnauta.it\/wordpress\/"},{"@type":"ListItem","position":2,"name":"La scatola della memoria In edicola su Confidenze"}]},{"@type":"WebSite","@id":"https:\/\/www.webnauta.it\/wordpress\/#website","url":"https:\/\/www.webnauta.it\/wordpress\/","name":"webnauta","description":"navigatore in un oceano di parole","publisher":{"@id":"https:\/\/www.webnauta.it\/wordpress\/#\/schema\/person\/9a1f7a6e3b52bbe5b9d265d2d671d1a1"},"potentialAction":[{"@type":"SearchAction","target":{"@type":"EntryPoint","urlTemplate":"https:\/\/www.webnauta.it\/wordpress\/?s={search_term_string}"},"query-input":{"@type":"PropertyValueSpecification","valueRequired":true,"valueName":"search_term_string"}}],"inLanguage":"it-IT"},{"@type":["Person","Organization"],"@id":"https:\/\/www.webnauta.it\/wordpress\/#\/schema\/person\/9a1f7a6e3b52bbe5b9d265d2d671d1a1","name":"Barbara Businaro","image":{"@type":"ImageObject","inLanguage":"it-IT","@id":"https:\/\/www.webnauta.it\/wordpress\/#\/schema\/person\/image\/","url":"https:\/\/www.webnauta.it\/wordpress\/wp-content\/uploads\/2020\/02\/BarbaraBusinaro2020_rounded.png","contentUrl":"https:\/\/www.webnauta.it\/wordpress\/wp-content\/uploads\/2020\/02\/BarbaraBusinaro2020_rounded.png","width":500,"height":512,"caption":"Barbara Businaro"},"logo":{"@id":"https:\/\/www.webnauta.it\/wordpress\/#\/schema\/person\/image\/"},"description":"webnauta.it \u2022 Blog personale di Barbara Businaro \u2022 Scrivo, tra una tempesta e l''altra. Chiunque pu\u00f2 tenere il timone quando il mare \u00e8 calmo.","sameAs":["http:\/\/www.webnauta.it","http:\/\/www.facebook.com\/barbara.businaro.9","https:\/\/www.instagram.com\/barbarawebnauta\/","https:\/\/x.com\/barbarawebnauta"],"url":"https:\/\/www.webnauta.it\/wordpress\/author\/maxadmin\/"}]}},"_links":{"self":[{"href":"https:\/\/www.webnauta.it\/wordpress\/wp-json\/wp\/v2\/posts\/29502","targetHints":{"allow":["GET"]}}],"collection":[{"href":"https:\/\/www.webnauta.it\/wordpress\/wp-json\/wp\/v2\/posts"}],"about":[{"href":"https:\/\/www.webnauta.it\/wordpress\/wp-json\/wp\/v2\/types\/post"}],"author":[{"embeddable":true,"href":"https:\/\/www.webnauta.it\/wordpress\/wp-json\/wp\/v2\/users\/1"}],"replies":[{"embeddable":true,"href":"https:\/\/www.webnauta.it\/wordpress\/wp-json\/wp\/v2\/comments?post=29502"}],"version-history":[{"count":3,"href":"https:\/\/www.webnauta.it\/wordpress\/wp-json\/wp\/v2\/posts\/29502\/revisions"}],"predecessor-version":[{"id":29605,"href":"https:\/\/www.webnauta.it\/wordpress\/wp-json\/wp\/v2\/posts\/29502\/revisions\/29605"}],"wp:featuredmedia":[{"embeddable":true,"href":"https:\/\/www.webnauta.it\/wordpress\/wp-json\/wp\/v2\/media\/29510"}],"wp:attachment":[{"href":"https:\/\/www.webnauta.it\/wordpress\/wp-json\/wp\/v2\/media?parent=29502"}],"wp:term":[{"taxonomy":"category","embeddable":true,"href":"https:\/\/www.webnauta.it\/wordpress\/wp-json\/wp\/v2\/categories?post=29502"},{"taxonomy":"post_tag","embeddable":true,"href":"https:\/\/www.webnauta.it\/wordpress\/wp-json\/wp\/v2\/tags?post=29502"}],"curies":[{"name":"wp","href":"https:\/\/api.w.org\/{rel}","templated":true}]}}