{"id":26895,"date":"2022-04-17T06:00:32","date_gmt":"2022-04-17T04:00:32","guid":{"rendered":"https:\/\/www.webnauta.it\/wordpress\/?p=26895"},"modified":"2023-12-29T20:04:46","modified_gmt":"2023-12-29T19:04:46","slug":"polvere","status":"publish","type":"post","link":"https:\/\/www.webnauta.it\/wordpress\/polvere\/","title":{"rendered":"Polvere"},"content":{"rendered":"<blockquote><p>Memento, homo, quia pulvis es, et in pulverem reverteris.<br \/>\nRicordati, uomo, che polvere sei e in polvere ritornerai.<\/p><\/blockquote>\n<p>&nbsp;<\/p>\n<p>Quando salgo sul tram in partenza dal capolinea tutti i posti sono vuoti. Con me viaggiano appena una decina di persone, tra lavoratori pendolari, studenti fuori sede, qualche anziano mattiniero. Mi siedo vicino alle porte, gi\u00e0 pronta per uscire senza troppi intralci, anche se mi mancano ancora parecchie fermate. Il convoglio inizia stancamente la sua corsa, sferraglia sulle rotaie sollevando dal suolo pulviscolo e sporcizia al suo lento passaggio. Non piove da settimane oramai e la citt\u00e0 \u00e8 immersa nella polvere. L&#8217;aria profuma di fiori sbocciati, delle siepi di gelsomino lungo il tragitto, delle rose precoci appena dischiuse nei terrazzi, dei boccioli delle magnolie dei parchi che si affacciano alla strada, delle fresie che il fiorista espone ogni mattino fuori dal negozio proprio dove c&#8217;\u00e8 una pensilina. Ma tutto questo si confonde con l&#8217;odore acre della polvere, la terra secca che vola al transito delle auto, i gas di scarico del traffico cittadino, lo smog del riscaldamento ancora acceso nei palazzi. L&#8217;acqua disturba chi passeggia, \u00e8 vero, ma non possiamo vivere senza la sua benedizione.<br \/>\nCome ogni mattina, via via che ci avviciniamo al centro urbano, il tram si riempie di gente, tutti i posti a sedere vengono occupati e gli ultimi arrivati restano in piedi, sonnacchiosamente aggrappati ai corrimano d&#8217;acciaio. E&#8217; in questo andirivieni che mi distraggo ad ammirare le esistenze degli altri. Davanti a me si \u00e8 appollaiato un ragazzino, gli occhi semichiusi, i capelli arruffati alla moda di qualche cantante, lo zaino ancora sulle spalle e una cartelletta di plastica tra le braccia. Al mio fianco invece una signora ben vestita, un tailleur pantalone elegante, sprecato per un viaggio in tram ma necessario al suo ufficio, una borsa firmata dalla quale spunta il quotidiano fresco di edicola.<br \/>\nCon un cigolio il convoglio di ferma e si aprono le porte, qualcuno esce di filato e qualcun altro entra di soppiatto, a parte un anziano dal cipiglio nervoso. Nemmeno due passi nella nostra direzione e batte col bastone da passeggio sulla gamba del ragazzino. &#8220;Giovanotto!&#8221; pronuncia imperioso, mentre l&#8217;altro si riscuote all&#8217;improvviso dal suo tepore. Il ragazzino si alza di scatto, sbilanciato all&#8217;indietro dal peso dei libri, e si sposta sul corridoio, lasciando il sedile libero per l&#8217;inquieto signore. Costui si siede, appoggia a destra il carrellino della spesa contenente qualche sacchetto sgualcito e congiunge le mani sopra il pomolo del suo bastone, dritto oltre le sue ginocchia. E&#8217; troppo preso per la spesa al mercatino rionale e siamo fuori zona, chiss\u00e0 dove sta andando, pure lui. Senza darsi pena di nascondere la sua espressione severa, il vecchio osserva tutti i visi dei presenti, scandaglia il loro bagaglio, si sofferma sulle loro calzature. Anche mio nonno lo diceva spesso: quel che porti ai piedi racconta tutto quello che sei. Oh beh, io indosso delle scarpe comode, un po&#8217; sportive, senza lacci. Devo essere pronta a tutto, in ogni momento. Il mio vicino qui invece ha dei mocassini consunti, pieni di polvere, qualche traccia di fango ai bordi, hanno visto giorni migliori, ma hanno avuto la fortuna di vederne tanti, di quei giorni.<br \/>\nIl suo sguardo indagatore si posa anche su di me, sento il peso di quell&#8217;esame mentre fingo di guardare fuori dal finestrino, incurante. Dura un attimo, poi anche lui sposta la sua attenzione sul brulichio di passanti e veicoli fuori dal vetro. Allora lo sbircio di sottecchi. Potrebbe essere mio padre, forse con qualche anno di meno. Forse no. Non lo so proprio che aspetto abbia mio padre adesso. Non lo vedo e non lo sento da tre anni, da quando mia madre \u00e8 morta e non ho avuto il tempo di versare alcuna lacrima. Se mai ne avessi avute per lei. Ci siamo solo odiate finch\u00e9 era in vita, lei non mi voleva ma mi ha avuta lo stesso, obbligata dalla famiglia e dalle consuetudini. Appena ho potuto, me ne sono andata di casa e mi sono pure sposata contro il suo parere. Non ho mai avuto bisogno della sua approvazione, e tanto non l&#8217;ho mai avuta. Con mio padre invece il rapporto era anche buono, ma poi \u00e8 sopraggiunta la malattia e la separazione, qualche parola di troppo e molte parole taciute ci hanno allontanato. All&#8217;inizio ognuno fermo nel proprio orgoglio, poi bloccati dalle preoccupazioni e dalla pace temporanea del silenzio reciproco. Il mio tempo non \u00e8 pi\u00f9 davvero mio, \u00e8 un susseguirsi di dottori, medicine, esami, ricoveri e lacrime.<br \/>\nLa signora di classe al mio fianco decide di riporre il cellulare in borsa e di mettersi a leggere il quotidiano. Apre il giornale completamente davanti a s\u00e9, ostacolando i movimenti e la vista di noialtri l\u00ec vicini. Trasecolo per l&#8217;egoismo di questa persona, i soldi non sono sufficienti a comprare l&#8217;educazione, affermava sempre mio nonno, e per caso incrocio quegli stessi occhi scorbutici dell&#8217;anziano di fronte. Ma stavolta mi riservano un&#8217;espressione calda, di chi concorda con il mio pensiero sottaciuto. Anche di chi ha compreso la guerra che mi porto dentro e vuole mostrarmi il suo rispetto. Il tram si blocca alla mia fermata e in un attimo sono gi\u00f9 sul marciapiede.<br \/>\nCamminando sotto i portici passo davanti a un negozio sfitto, senza arredo e senza luci. La figura di una donna mi sorride dal riflesso della vetrina, poi mi vede e quel sorriso le muore addosso. Non mi riconosco, da molti anni non mi riconosco. Mi sento molto pi\u00f9 logora dell&#8217;immagine che mi restituisce quell&#8217;ombra. Ho tanta polvere addosso. Sono rimasta immobile a osservare ci\u00f2 che mi accadeva intorno, senza avere pi\u00f9 spazio per me stessa. Non puoi pensare alla vita quando la morte ti cammina cos\u00ec accanto. C&#8217;\u00e8 chi si preoccupa di non invecchiare, di nascondere quella ruga comparsa all&#8217;angolo del volto, di tingere di giovinezza quel vistoso capello argenteo. Io mi preoccupo di non morire prima di mia figlia, che ha solo undici anni e non si sa se potr\u00e0 guarire, non si se potr\u00e0 vivere.<br \/>\nOra Greta \u00e8 di nuovo ricoverata, un altro ciclo di terapia, un&#8217;altra fievole speranza. Ogni mattina prendo il tram per recarmi in ospedale, solo in questi anni mi sono resa conto della fortuna di abitare proprio vicino al capolinea, all&#8217;epoca mi sembrava solo un intralcio alla tranquillit\u00e0. Ma la tranquillit\u00e0 l&#8217;abbiamo persa per ben altri motivi.<br \/>\nNon me la lasciano portare a casa nemmeno per questo fine settimana di festa. Ma del resto non so nemmeno se oggi sar\u00e0 un buon giorno, se riuscir\u00e0 a mangiare qualcosina, se si alzer\u00e0 dal letto, se avr\u00e0 voglia di parlarmi, o se dovr\u00f2 starmene seduta in silenzio, vicino al suo letto, accarezzando appena la sua piccola mano, mentre lei volger\u00e0 dall&#8217;altra parte la sua testolina stanca.<br \/>\nSiamo solo noi due. Mio marito se n&#8217;\u00e8 andato quando ha saputo della malattia. Non si sentiva in grado di affrontarla, come se ci potesse essere una scelta poi. Almeno, io quella scelta non l&#8217;ho avuta. Ma non sono arrabbiata con lui, non gliene faccio una colpa, non ci riesco. Solo vorrei un po&#8217; di conforto anch&#8217;io, di tanto in tanto. Soprattutto vorrei che lei avesse il padre al suo fianco. Cartoline, cioccolatini e regali spediti per corriere non copriranno mai la perdita di un abbraccio, quel calore della presenza.<br \/>\nIn pochi minuti percorro il tragitto verso il policlinico, poi l&#8217;ingresso dell&#8217;unit\u00e0 pediatrica, i corridoi e le scale per il reparto di oncoematologia. I miei piedi conoscono la strada e si muovono in solitudine. Ad accogliermi nell&#8217;androne ci sono tutte queste testoline rasate, qualcuna col sorriso della speranza e qualcun&#8217;altra con gli occhi carichi di sofferenza. Sembra esserci molta agitazione oggi, i pigiamini colorati pi\u00f9 attivi corrono da una stanza all&#8217;altra, portando un po&#8217; di buonumore agli altri pigiamini costretti a letto.<br \/>\nTutto il piano \u00e8 vestito a festa, con un enorme uovo di cioccolato che troneggia nella sala principale, attorniato da una squadra di coniglietti di peluche, omaggio di qualche associazione e soprattutto di tanto buon cuore. Prendo un respiro profondo, scaccio via i pensieri negativi, le paure e le angosce che mi opprimono, cerco nel mio animo tutta la luminosit\u00e0 che posso donare a mia figlia, e mi avvio verso la sua camera alla fine della corsia.<br \/>\nLa porta \u00e8 aperta e la scena che mi compare davanti mi lascia senza fiato. Lo riconosco subito, dopo tutto questo tempo. La sua risata profonda \u00e8 un ricordo vivido nella mia mente ed \u00e8 identica a quella che ascolto adesso. Le sue grosse spalle ricurve sotto il peso di una vita non sono affatto cambiate. Mio padre \u00e8 seduto sul letto in fondo alla camera e tiene in braccio mia figlia, la sua unica nipotina. Stanno giocando con qualcosa sul cellulare, scherzano, sorridono, parlottano fitto fitto. Greta lo abbraccia e poi gli poggia la testolina sulla spalla, mentre continuano a fissare lo schermo tra le mani del nonno. Il pulviscolo presente nella stanza scintilla tutto intorno a loro, nel raggio di sole che filtra dalla finestra alle loro spalle. Ci sarebbe lo stesso quella polvere in mezzo a noi, solo non ce ne accorgeremmo, in assenza della luce nella nostra vita.<br \/>\nOggi \u00e8 una giornata buona, di quelle belle da ricordare.<\/p>\n<p>&nbsp;<\/p>\n<p>(C) 2022 Barbara Businaro<\/p>\n<p>&nbsp;<\/p>\n<p><em>Note:<\/em><br \/>\n<em>Non lo so perch\u00e9 con l&#8217;arrivo della Pasqua mi prendono storie cos\u00ec malinconiche. L&#8217;anno scorso fu la volta del racconto <a href=\"https:\/\/www.webnauta.it\/wordpress\/rosso-racconto\/\" target=\"_blank\" rel=\"noopener\">ROSSO<\/a>, dove un uomo assisteva al suo funerale con l&#8217;arrivo di una sconosciuta in rosso (e il colore rosso mi sta seguendo da allora: ho guidato una <a href=\"https:\/\/www.webnauta.it\/wordpress\/una-rossa-ferrari\/\" target=\"_blank\" rel=\"noopener\">Rossa<\/a>, ho appena acquistato una valigia rossa capiente e dentro potrebbe finirci presto un vestito da sera rosso&#8230;), quello prima ancora dello straordinario <a href=\"https:\/\/www.webnauta.it\/wordpress\/venditore-di-trame\/\" target=\"_blank\" rel=\"noopener\">Venditore di trame. Suonare il campanello e attendere<\/a>, dove le vite e le trame si intrecciano all&#8217;interno di una curiosa bottega (adoro quel racconto, ha davvero qualcosa di magico, quando lo rileggo non sembra neppure mio quanto \u00e8 perfetto, ai miei occhi per lo meno), e l&#8217;anno ancora indietro del tristissimo <a href=\"https:\/\/www.webnauta.it\/wordpress\/odore-del-legno\/\" target=\"_blank\" rel=\"noopener\">L&#8217;odore del legno<\/a>, una ragazza rinchiusa in una clinica psichiatrica e in un eterno silenzio. Mah, forse in primavera soffro troppo del cambio stagione&#8230;<\/em><br \/>\n<em>Questo racconto l&#8217;ho scritto in velocit\u00e0, come un&#8217;istantanea stampata direttamente dalla macchina fotografica, anche se l&#8217;immagine era nella mia mente da almeno un mese. Vedevo questo tram, questo anziano scorbutico e questa donna cos\u00ec abbattuta. Che cosa la rendeva triste? Dove stava andando di preciso? E poi la polvere della strada, che mi rammentava la formula liturgica &#8220;Polvere sei e polvere ritornerai&#8221;. Sapevo il titolo di questo racconto breve, brevissimo, ancora prima di conoscere il suo finale. Quando ho visto Greta e il suo pigiamino all&#8217;interno della pediatria oncologica, mi sono ricordata di una colonna sonora, e un film, straordinari: <a href=\"https:\/\/it.wikipedia.org\/wiki\/Arrival_(film)\" target=\"_blank\" rel=\"noopener\">Arrival<\/a> con Amy Adams e Jeremy Renner. Un film di fantascienza incentrato sull&#8217;importanza del linguaggio e della comunicazione, specie come espressione della percezione del tempo, lineare per noi esseri umani, circolare per gli alieni che giungono in visita sulla Terra. Mentre la protagonista Louise Banks, filologa, impara ad usare il linguaggio alieno, questo influenza anche il suo pensiero e il modo di intendere il tempo, secondo quella che viene definita l&#8217;<a href=\"https:\/\/it.wikipedia.org\/wiki\/Ipotesi_di_Sapir-Whorf\" target=\"_blank\" rel=\"noopener\">ipotesi di Sapir-Whorf<\/a>. Passato, presente e futuro si confondono nella sua mente, tanto da chiedersi che senso abbia oramai ogni sua scelta.<\/em><\/p>\n<blockquote><p>Se potessi vedere la tua vita dall&#8217;inizio alla fine, cambieresti qualcosa?<br \/>\nDal film Arrival (2016)<\/p><\/blockquote>\n<p><iframe loading=\"lazy\" title=\"Arrival Soundtrack - On The Nature Of Daylight by Max Richter\" width=\"500\" height=\"281\" src=\"https:\/\/www.youtube.com\/embed\/a6RnT8uxOiw?feature=oembed\" frameborder=\"0\" allow=\"accelerometer; autoplay; clipboard-write; encrypted-media; gyroscope; picture-in-picture; web-share\" referrerpolicy=\"strict-origin-when-cross-origin\" allowfullscreen><\/iframe><\/p>\n","protected":false},"excerpt":{"rendered":"<p>Memento, homo, quia pulvis es, et in pulverem reverteris. Ricordati, uomo, che polvere sei e in polvere ritornerai. &nbsp; Quando salgo sul tram in partenza dal capolinea tutti i posti sono vuoti. Con me viaggiano appena una decina di persone, tra lavoratori pendolari, studenti fuori sede, qualche anziano mattiniero. Mi siedo vicino alle porte, gi\u00e0 [&hellip;]<\/p>\n","protected":false},"author":1,"featured_media":26894,"comment_status":"open","ping_status":"open","sticky":false,"template":"","format":"standard","meta":{"_monsterinsights_skip_tracking":false,"_monsterinsights_sitenote_active":false,"_monsterinsights_sitenote_note":"","_monsterinsights_sitenote_category":0,"footnotes":""},"categories":[3],"tags":[276,21],"class_list":["post-26895","post","type-post","status-publish","format-standard","has-post-thumbnail","hentry","category-racconti-poesie","tag-highlights","tag-racconti"],"yoast_head":"<!-- This site is optimized with the Yoast SEO Premium plugin v26.8 (Yoast SEO v26.8) - https:\/\/yoast.com\/product\/yoast-seo-premium-wordpress\/ -->\n<title>Polvere - webnauta<\/title>\n<meta name=\"description\" content=\"Polvere sei e polvere ritornerai. Ma la polvere si vede in mezzo alla luce brillante. Un nuovo racconto....webnauta - navigatore in un oceano di parole\" \/>\n<meta name=\"robots\" content=\"index, follow, max-snippet:-1, max-image-preview:large, max-video-preview:-1\" \/>\n<link rel=\"canonical\" href=\"https:\/\/www.webnauta.it\/wordpress\/polvere\/\" \/>\n<meta property=\"og:locale\" content=\"it_IT\" \/>\n<meta property=\"og:type\" content=\"article\" \/>\n<meta property=\"og:title\" content=\"Polvere\" \/>\n<meta property=\"og:description\" content=\"Polvere sei e polvere ritornerai. Ma la polvere si vede in mezzo alla luce brillante. Un nuovo racconto....webnauta - navigatore in un oceano di parole\" \/>\n<meta property=\"og:url\" content=\"https:\/\/www.webnauta.it\/wordpress\/polvere\/\" \/>\n<meta property=\"og:site_name\" content=\"webnauta\" \/>\n<meta property=\"article:publisher\" content=\"http:\/\/www.facebook.com\/barbara.businaro.9\" \/>\n<meta property=\"article:author\" content=\"http:\/\/www.facebook.com\/barbara.businaro.9\" \/>\n<meta property=\"article:published_time\" content=\"2022-04-17T04:00:32+00:00\" \/>\n<meta property=\"article:modified_time\" content=\"2023-12-29T19:04:46+00:00\" \/>\n<meta property=\"og:image\" content=\"https:\/\/www.webnauta.it\/wordpress\/wp-content\/uploads\/2022\/04\/farfalla_blu_polvere.png\" \/>\n\t<meta property=\"og:image:width\" content=\"650\" \/>\n\t<meta property=\"og:image:height\" content=\"450\" \/>\n\t<meta property=\"og:image:type\" content=\"image\/png\" \/>\n<meta name=\"author\" content=\"Barbara Businaro\" \/>\n<meta name=\"twitter:card\" content=\"summary_large_image\" \/>\n<meta name=\"twitter:creator\" content=\"@barbarawebnauta\" \/>\n<meta name=\"twitter:site\" content=\"@barbarawebnauta\" \/>\n<meta name=\"twitter:label1\" content=\"Scritto da\" \/>\n\t<meta name=\"twitter:data1\" content=\"Barbara Businaro\" \/>\n\t<meta name=\"twitter:label2\" content=\"Tempo di lettura stimato\" \/>\n\t<meta name=\"twitter:data2\" content=\"11 minuti\" \/>\n<script type=\"application\/ld+json\" class=\"yoast-schema-graph\">{\"@context\":\"https:\/\/schema.org\",\"@graph\":[{\"@type\":\"Article\",\"@id\":\"https:\/\/www.webnauta.it\/wordpress\/polvere\/#article\",\"isPartOf\":{\"@id\":\"https:\/\/www.webnauta.it\/wordpress\/polvere\/\"},\"author\":{\"name\":\"Barbara Businaro\",\"@id\":\"https:\/\/www.webnauta.it\/wordpress\/#\/schema\/person\/9a1f7a6e3b52bbe5b9d265d2d671d1a1\"},\"headline\":\"Polvere\",\"datePublished\":\"2022-04-17T04:00:32+00:00\",\"dateModified\":\"2023-12-29T19:04:46+00:00\",\"mainEntityOfPage\":{\"@id\":\"https:\/\/www.webnauta.it\/wordpress\/polvere\/\"},\"wordCount\":1932,\"commentCount\":13,\"publisher\":{\"@id\":\"https:\/\/www.webnauta.it\/wordpress\/#\/schema\/person\/9a1f7a6e3b52bbe5b9d265d2d671d1a1\"},\"image\":{\"@id\":\"https:\/\/www.webnauta.it\/wordpress\/polvere\/#primaryimage\"},\"thumbnailUrl\":\"https:\/\/www.webnauta.it\/wordpress\/wp-content\/uploads\/2022\/04\/farfalla_blu_polvere.png\",\"keywords\":[\"highlights\",\"racconti\"],\"articleSection\":[\"Racconti e poesie\"],\"inLanguage\":\"it-IT\",\"potentialAction\":[{\"@type\":\"CommentAction\",\"name\":\"Comment\",\"target\":[\"https:\/\/www.webnauta.it\/wordpress\/polvere\/#respond\"]}]},{\"@type\":\"WebPage\",\"@id\":\"https:\/\/www.webnauta.it\/wordpress\/polvere\/\",\"url\":\"https:\/\/www.webnauta.it\/wordpress\/polvere\/\",\"name\":\"Polvere - webnauta\",\"isPartOf\":{\"@id\":\"https:\/\/www.webnauta.it\/wordpress\/#website\"},\"primaryImageOfPage\":{\"@id\":\"https:\/\/www.webnauta.it\/wordpress\/polvere\/#primaryimage\"},\"image\":{\"@id\":\"https:\/\/www.webnauta.it\/wordpress\/polvere\/#primaryimage\"},\"thumbnailUrl\":\"https:\/\/www.webnauta.it\/wordpress\/wp-content\/uploads\/2022\/04\/farfalla_blu_polvere.png\",\"datePublished\":\"2022-04-17T04:00:32+00:00\",\"dateModified\":\"2023-12-29T19:04:46+00:00\",\"description\":\"Polvere sei e polvere ritornerai. Ma la polvere si vede in mezzo alla luce brillante. Un nuovo racconto....webnauta - navigatore in un oceano di parole\",\"breadcrumb\":{\"@id\":\"https:\/\/www.webnauta.it\/wordpress\/polvere\/#breadcrumb\"},\"inLanguage\":\"it-IT\",\"potentialAction\":[{\"@type\":\"ReadAction\",\"target\":[\"https:\/\/www.webnauta.it\/wordpress\/polvere\/\"]}]},{\"@type\":\"ImageObject\",\"inLanguage\":\"it-IT\",\"@id\":\"https:\/\/www.webnauta.it\/wordpress\/polvere\/#primaryimage\",\"url\":\"https:\/\/www.webnauta.it\/wordpress\/wp-content\/uploads\/2022\/04\/farfalla_blu_polvere.png\",\"contentUrl\":\"https:\/\/www.webnauta.it\/wordpress\/wp-content\/uploads\/2022\/04\/farfalla_blu_polvere.png\",\"width\":650,\"height\":450,\"caption\":\"Polvere. Un nuovo racconto. Intenso come una farfalla blu.\"},{\"@type\":\"BreadcrumbList\",\"@id\":\"https:\/\/www.webnauta.it\/wordpress\/polvere\/#breadcrumb\",\"itemListElement\":[{\"@type\":\"ListItem\",\"position\":1,\"name\":\"Home\",\"item\":\"https:\/\/www.webnauta.it\/wordpress\/\"},{\"@type\":\"ListItem\",\"position\":2,\"name\":\"Polvere\"}]},{\"@type\":\"WebSite\",\"@id\":\"https:\/\/www.webnauta.it\/wordpress\/#website\",\"url\":\"https:\/\/www.webnauta.it\/wordpress\/\",\"name\":\"webnauta\",\"description\":\"navigatore in un oceano di parole\",\"publisher\":{\"@id\":\"https:\/\/www.webnauta.it\/wordpress\/#\/schema\/person\/9a1f7a6e3b52bbe5b9d265d2d671d1a1\"},\"potentialAction\":[{\"@type\":\"SearchAction\",\"target\":{\"@type\":\"EntryPoint\",\"urlTemplate\":\"https:\/\/www.webnauta.it\/wordpress\/?s={search_term_string}\"},\"query-input\":{\"@type\":\"PropertyValueSpecification\",\"valueRequired\":true,\"valueName\":\"search_term_string\"}}],\"inLanguage\":\"it-IT\"},{\"@type\":[\"Person\",\"Organization\"],\"@id\":\"https:\/\/www.webnauta.it\/wordpress\/#\/schema\/person\/9a1f7a6e3b52bbe5b9d265d2d671d1a1\",\"name\":\"Barbara Businaro\",\"image\":{\"@type\":\"ImageObject\",\"inLanguage\":\"it-IT\",\"@id\":\"https:\/\/www.webnauta.it\/wordpress\/#\/schema\/person\/image\/\",\"url\":\"https:\/\/www.webnauta.it\/wordpress\/wp-content\/uploads\/2020\/02\/BarbaraBusinaro2020_rounded.png\",\"contentUrl\":\"https:\/\/www.webnauta.it\/wordpress\/wp-content\/uploads\/2020\/02\/BarbaraBusinaro2020_rounded.png\",\"width\":500,\"height\":512,\"caption\":\"Barbara Businaro\"},\"logo\":{\"@id\":\"https:\/\/www.webnauta.it\/wordpress\/#\/schema\/person\/image\/\"},\"description\":\"webnauta.it \u2022 Blog personale di Barbara Businaro \u2022 Scrivo, tra una tempesta e l''altra. Chiunque pu\u00f2 tenere il timone quando il mare \u00e8 calmo.\",\"sameAs\":[\"http:\/\/www.webnauta.it\",\"http:\/\/www.facebook.com\/barbara.businaro.9\",\"https:\/\/www.instagram.com\/barbarawebnauta\/\",\"https:\/\/x.com\/barbarawebnauta\"],\"url\":\"https:\/\/www.webnauta.it\/wordpress\/author\/maxadmin\/\"}]}<\/script>\n<!-- \/ Yoast SEO Premium plugin. -->","yoast_head_json":{"title":"Polvere - webnauta","description":"Polvere sei e polvere ritornerai. Ma la polvere si vede in mezzo alla luce brillante. Un nuovo racconto....webnauta - navigatore in un oceano di parole","robots":{"index":"index","follow":"follow","max-snippet":"max-snippet:-1","max-image-preview":"max-image-preview:large","max-video-preview":"max-video-preview:-1"},"canonical":"https:\/\/www.webnauta.it\/wordpress\/polvere\/","og_locale":"it_IT","og_type":"article","og_title":"Polvere","og_description":"Polvere sei e polvere ritornerai. Ma la polvere si vede in mezzo alla luce brillante. Un nuovo racconto....webnauta - navigatore in un oceano di parole","og_url":"https:\/\/www.webnauta.it\/wordpress\/polvere\/","og_site_name":"webnauta","article_publisher":"http:\/\/www.facebook.com\/barbara.businaro.9","article_author":"http:\/\/www.facebook.com\/barbara.businaro.9","article_published_time":"2022-04-17T04:00:32+00:00","article_modified_time":"2023-12-29T19:04:46+00:00","og_image":[{"width":650,"height":450,"url":"https:\/\/www.webnauta.it\/wordpress\/wp-content\/uploads\/2022\/04\/farfalla_blu_polvere.png","type":"image\/png"}],"author":"Barbara Businaro","twitter_card":"summary_large_image","twitter_creator":"@barbarawebnauta","twitter_site":"@barbarawebnauta","twitter_misc":{"Scritto da":"Barbara Businaro","Tempo di lettura stimato":"11 minuti"},"schema":{"@context":"https:\/\/schema.org","@graph":[{"@type":"Article","@id":"https:\/\/www.webnauta.it\/wordpress\/polvere\/#article","isPartOf":{"@id":"https:\/\/www.webnauta.it\/wordpress\/polvere\/"},"author":{"name":"Barbara Businaro","@id":"https:\/\/www.webnauta.it\/wordpress\/#\/schema\/person\/9a1f7a6e3b52bbe5b9d265d2d671d1a1"},"headline":"Polvere","datePublished":"2022-04-17T04:00:32+00:00","dateModified":"2023-12-29T19:04:46+00:00","mainEntityOfPage":{"@id":"https:\/\/www.webnauta.it\/wordpress\/polvere\/"},"wordCount":1932,"commentCount":13,"publisher":{"@id":"https:\/\/www.webnauta.it\/wordpress\/#\/schema\/person\/9a1f7a6e3b52bbe5b9d265d2d671d1a1"},"image":{"@id":"https:\/\/www.webnauta.it\/wordpress\/polvere\/#primaryimage"},"thumbnailUrl":"https:\/\/www.webnauta.it\/wordpress\/wp-content\/uploads\/2022\/04\/farfalla_blu_polvere.png","keywords":["highlights","racconti"],"articleSection":["Racconti e poesie"],"inLanguage":"it-IT","potentialAction":[{"@type":"CommentAction","name":"Comment","target":["https:\/\/www.webnauta.it\/wordpress\/polvere\/#respond"]}]},{"@type":"WebPage","@id":"https:\/\/www.webnauta.it\/wordpress\/polvere\/","url":"https:\/\/www.webnauta.it\/wordpress\/polvere\/","name":"Polvere - webnauta","isPartOf":{"@id":"https:\/\/www.webnauta.it\/wordpress\/#website"},"primaryImageOfPage":{"@id":"https:\/\/www.webnauta.it\/wordpress\/polvere\/#primaryimage"},"image":{"@id":"https:\/\/www.webnauta.it\/wordpress\/polvere\/#primaryimage"},"thumbnailUrl":"https:\/\/www.webnauta.it\/wordpress\/wp-content\/uploads\/2022\/04\/farfalla_blu_polvere.png","datePublished":"2022-04-17T04:00:32+00:00","dateModified":"2023-12-29T19:04:46+00:00","description":"Polvere sei e polvere ritornerai. Ma la polvere si vede in mezzo alla luce brillante. Un nuovo racconto....webnauta - navigatore in un oceano di parole","breadcrumb":{"@id":"https:\/\/www.webnauta.it\/wordpress\/polvere\/#breadcrumb"},"inLanguage":"it-IT","potentialAction":[{"@type":"ReadAction","target":["https:\/\/www.webnauta.it\/wordpress\/polvere\/"]}]},{"@type":"ImageObject","inLanguage":"it-IT","@id":"https:\/\/www.webnauta.it\/wordpress\/polvere\/#primaryimage","url":"https:\/\/www.webnauta.it\/wordpress\/wp-content\/uploads\/2022\/04\/farfalla_blu_polvere.png","contentUrl":"https:\/\/www.webnauta.it\/wordpress\/wp-content\/uploads\/2022\/04\/farfalla_blu_polvere.png","width":650,"height":450,"caption":"Polvere. Un nuovo racconto. Intenso come una farfalla blu."},{"@type":"BreadcrumbList","@id":"https:\/\/www.webnauta.it\/wordpress\/polvere\/#breadcrumb","itemListElement":[{"@type":"ListItem","position":1,"name":"Home","item":"https:\/\/www.webnauta.it\/wordpress\/"},{"@type":"ListItem","position":2,"name":"Polvere"}]},{"@type":"WebSite","@id":"https:\/\/www.webnauta.it\/wordpress\/#website","url":"https:\/\/www.webnauta.it\/wordpress\/","name":"webnauta","description":"navigatore in un oceano di parole","publisher":{"@id":"https:\/\/www.webnauta.it\/wordpress\/#\/schema\/person\/9a1f7a6e3b52bbe5b9d265d2d671d1a1"},"potentialAction":[{"@type":"SearchAction","target":{"@type":"EntryPoint","urlTemplate":"https:\/\/www.webnauta.it\/wordpress\/?s={search_term_string}"},"query-input":{"@type":"PropertyValueSpecification","valueRequired":true,"valueName":"search_term_string"}}],"inLanguage":"it-IT"},{"@type":["Person","Organization"],"@id":"https:\/\/www.webnauta.it\/wordpress\/#\/schema\/person\/9a1f7a6e3b52bbe5b9d265d2d671d1a1","name":"Barbara Businaro","image":{"@type":"ImageObject","inLanguage":"it-IT","@id":"https:\/\/www.webnauta.it\/wordpress\/#\/schema\/person\/image\/","url":"https:\/\/www.webnauta.it\/wordpress\/wp-content\/uploads\/2020\/02\/BarbaraBusinaro2020_rounded.png","contentUrl":"https:\/\/www.webnauta.it\/wordpress\/wp-content\/uploads\/2020\/02\/BarbaraBusinaro2020_rounded.png","width":500,"height":512,"caption":"Barbara Businaro"},"logo":{"@id":"https:\/\/www.webnauta.it\/wordpress\/#\/schema\/person\/image\/"},"description":"webnauta.it \u2022 Blog personale di Barbara Businaro \u2022 Scrivo, tra una tempesta e l''altra. Chiunque pu\u00f2 tenere il timone quando il mare \u00e8 calmo.","sameAs":["http:\/\/www.webnauta.it","http:\/\/www.facebook.com\/barbara.businaro.9","https:\/\/www.instagram.com\/barbarawebnauta\/","https:\/\/x.com\/barbarawebnauta"],"url":"https:\/\/www.webnauta.it\/wordpress\/author\/maxadmin\/"}]}},"_links":{"self":[{"href":"https:\/\/www.webnauta.it\/wordpress\/wp-json\/wp\/v2\/posts\/26895","targetHints":{"allow":["GET"]}}],"collection":[{"href":"https:\/\/www.webnauta.it\/wordpress\/wp-json\/wp\/v2\/posts"}],"about":[{"href":"https:\/\/www.webnauta.it\/wordpress\/wp-json\/wp\/v2\/types\/post"}],"author":[{"embeddable":true,"href":"https:\/\/www.webnauta.it\/wordpress\/wp-json\/wp\/v2\/users\/1"}],"replies":[{"embeddable":true,"href":"https:\/\/www.webnauta.it\/wordpress\/wp-json\/wp\/v2\/comments?post=26895"}],"version-history":[{"count":2,"href":"https:\/\/www.webnauta.it\/wordpress\/wp-json\/wp\/v2\/posts\/26895\/revisions"}],"predecessor-version":[{"id":26897,"href":"https:\/\/www.webnauta.it\/wordpress\/wp-json\/wp\/v2\/posts\/26895\/revisions\/26897"}],"wp:featuredmedia":[{"embeddable":true,"href":"https:\/\/www.webnauta.it\/wordpress\/wp-json\/wp\/v2\/media\/26894"}],"wp:attachment":[{"href":"https:\/\/www.webnauta.it\/wordpress\/wp-json\/wp\/v2\/media?parent=26895"}],"wp:term":[{"taxonomy":"category","embeddable":true,"href":"https:\/\/www.webnauta.it\/wordpress\/wp-json\/wp\/v2\/categories?post=26895"},{"taxonomy":"post_tag","embeddable":true,"href":"https:\/\/www.webnauta.it\/wordpress\/wp-json\/wp\/v2\/tags?post=26895"}],"curies":[{"name":"wp","href":"https:\/\/api.w.org\/{rel}","templated":true}]}}