{"id":24514,"date":"2021-04-18T16:55:25","date_gmt":"2021-04-18T14:55:25","guid":{"rendered":"https:\/\/www.webnauta.it\/wordpress\/?p=24514"},"modified":"2021-04-18T16:50:38","modified_gmt":"2021-04-18T14:50:38","slug":"timidezza-introversione-quiet-power","status":"publish","type":"post","link":"https:\/\/www.webnauta.it\/wordpress\/timidezza-introversione-quiet-power\/","title":{"rendered":"Non sono timida, sono introversa. A volte"},"content":{"rendered":"<p><strong><span style=\"color: #008080;\">Hanno sempre creduto che fossi timida<\/span> <span style=\"color: #008080;\">semplicemente perch\u00e9 me ne stavo spesso silenziosa<\/span><\/strong> in un angolo a giocare o leggere o disegnare, per i cavoli miei, senza creare troppa confusione. Non ho frequentato un asilo nido e non c&#8217;erano altri bambini piccoli nella zona dove vivevo, quindi prima dei tre anni di vita il mio contatto era solo con gli adulti, non cos\u00ec disponibili o comprensibili verso le strane idee che girano in testa a una bimbetta fantasiosa.<br \/>\nGiocare per conto mio, con tutte le storie che mi affollavano la mente gi\u00e0 allora, era la soluzione migliore. Non ero interessata ai discorsi da grandi, sussurrati per non farsi capire dalla mia ingenuit\u00e0 fanciullesca, e loro erano soltanto incuriositi dai miei gesti e dalle mie facce buffe, ma non di quello che effettivamente andavo blaterando. Se poi si mettevano pure a ridere delle mie parole&#8230; no grazie. Voi state l\u00e0, io sto qua, meglio per tutti.<\/p>\n<p>Il primo asilo era un minuscolo istituto diretto dalle suore, abbastanza rigido e obsoleto gi\u00e0 per quell&#8217;epoca. Ho detestato con tutte le mie forze quella brandina dove ci obbligavano a riposare subito dopo pranzo. Non sono mai riuscita a dormire al pomeriggio e se per sbaglio mi appisolo, mi sveglio col mal di testa. Anche le attivit\u00e0 ludiche non erano poi questo divertimento. Ma dovevo frequentare bambini della mia et\u00e0, dovevo imparare a socializzare, inserirmi nel gruppo e giocare tutti insieme, perch\u00e9 ero troppo timida. Sono stata per poco in quella scuola materna, per motivi di lavoro della famiglia.<br \/>\nCol secondo asilo, questa volta con tante giovani maestre carine, le vicende andarono abbastanza meglio. Era una bellissima villa antica immersa in un bosco, all&#8217;interno delle mura di un vecchio castello. Cosa si poteva volere di pi\u00f9? Avevo anche un&#8217;amichetta del cuore, di cui per\u00f2 non conservo il nome, dovrei vedere se dietro alle foto di carnevale, due stupende ballerine in tut\u00f9 bianco, ci sia scritto qualcosa. Ma socializzai cos\u00ec bene in quel luogo magico che, per gelosia durante una partita di nascondino, un bambino mi spinse contro un termosifone in ghisa e rimediai un bernoccolo enorme in fronte.<br \/>\nForse forse era meglio rimanere timidi?! \ud83d\ude41<\/p>\n<p><strong><span style=\"color: #008080;\">Le cose si complicarono ancora di pi\u00f9 alla scuola elementare<\/span><\/strong>, con quelle brutte faccende delle recite di Natale. Solo un anno sono riusciti ad affidarmi un incarico sul palco: prendevo due frasche piene di foglie tinteggiate, le tenevo davanti al viso, mi piazzavo al centro della scena, dietro ai protagonisti della scenetta e facevo &#8230;l&#8217;albero. Perfetto! Niente testi insulsi da imparare a memoria, niente mimica facciale o gestuale, niente vestiti imbarazzanti, niente prove e controprove. La scambiarono per timidezza, ma nessuno che mi chiedesse cosa ne pensavo dello spettacolo in s\u00e9. Invece della solita barbosa nativit\u00e0, non si poteva rappresentare qualcosa di divertente? Un pezzo preso da un cartone animato? Una sigla cantata da Cristina D&#8217;Avena?!<br \/>\nComunque non credo che una bambina timida avrebbe avuto il coraggio di fermare una partita a scacchi e un&#8217;intera piazza cittadina, con le parole <a href=\"https:\/\/www.webnauta.it\/wordpress\/mi-scappa-la-pipi\/\" target=\"_blank\" rel=\"noopener\"><em>&#8220;Mi scappa la pip\u00ec&#8221;<\/em><\/a>, giusto per dire.<\/p>\n<p>Poi improvvisamente i grandi decisero che dovevo emanciparmi a tutti i costi, camminare in giro da sola per il quartiere. E scambiarono la mia ritrosia per timidezza, non per la semplice quanto ovvia constatazione che fino a pochissimo tempo prima mi avevano educato all&#8217;esatto contrario: non dare retta agli sconosciuti, stai sempre dietro alla mamma o alla maestra, non allontanarti.<br \/>\nCos\u00ec ricordo ancora oggi le lunghe e tediose controversie, per lo pi\u00f9 monologhi altrui, perch\u00e9 andassi in solitudine a prendermi il gelato al bar del paese. Anzi no, ad acquistarlo per tutti, cos\u00ec il motivo delle arrabbiature feroci stava che io non cedevo (la cocciutaggine dicono l&#8217;ho ereditata dal nonno) e tutta la famiglia rimaneva senza cono al cioccolato, per colpa mia.<br \/>\nNon era per\u00f2 timidezza.<br \/>\nIn quel luogo con le tovaglie a scacchi e denso di tabacco, le persone con una caraffa di vino rosso davanti e le carte in mano mi riportavano alla mente brutte circostanze a cui purtroppo avevo assistito. Un litro di latte acquistato da chi aveva le proprie mucche in stalla nel periodo di Chernobyl, un uomo anziano che sbraitava come un demonio contro di noi, io ero l\u00ec davanti, offuscato dai fumi dell&#8217;alcool e dall&#8217;ignoranza, pericoloso. Il che \u00e8 pure il motivo per cui io non bevo vino, indelebilmente associato a quel trauma. I bambini sono spugne di emozioni, positive e negative. Quindi sarei andata volentieri a comperare un gelato, ma da un&#8217;altra parte.<\/p>\n<p><strong><span style=\"color: #008080;\">Si convinsero poi che la timidezza mi avesse pure bloccato all&#8217;orale di maturit\u00e0.<\/span><\/strong> Ci avevano messo un carico notevole su quell&#8217;esame, dal voto finale sarebbe dipeso tutto il mio futuro, la mia intera vita, un lavoro ben pagato, la mia indipendenza economica. Quella non \u00e8 un&#8217;et\u00e0 per un peso del genere sulle spalle ancora deboli dopo l&#8217;adolescenza e lo sviluppo. Quel giorno la mia testa \u00e8 semplicemente scoppiata e non ho spiccicato parola. Non era timidezza, era esaurimento, stanchezza assoluta.<br \/>\nMi sono poi ripresa alla discussione della mia tesi.<br \/>\nSono andata avanti per quaranta minuti filati, a parlare e spiegare i grafici proiettati alla parete. Dicono che nonostante l&#8217;ora tarda, pomeriggio inoltrato di luglio con i professori provati dal caldo e da una giornata di sessioni di laurea e diploma, io li abbia risvegliati dal torpore, forte del tema che portavo in dibattimento: la redditivit\u00e0 dei fondi di investimento. Probabilmente qualcuno di loro ci aveva impegnato denaro. L&#8217;ultima domanda fu &#8220;Allora, lei cosa ci consiglia?&#8221; \ud83d\ude09<\/p>\n<p>Ci ho messo un po&#8217;. Ho fatto davvero molta fatica. Ma credo di aver oramai lungamente dimostrato che non sono timida.<br \/>\nSe mi chiamano in causa, io ci sono, non mi tiro indietro. Non ho paura di dire quello che penso, con le dovute cautele (in genere dopo aver inspirato a fondo un paio di volte, magari anche sbattuto qualche pugno sul marmo). Non ho problemi a sostenere uno sguardo, ad alzare una mano in una platea di duecentocinquanta persone per dire che no, non \u00e8 cos\u00ec, quell&#8217;affermazione \u00e8 sbagliata. Ho avuto l&#8217;incarico di Presidente di seggio per quasi dieci anni e non te la cavi se sei una persona schiva, peggio ancora esitante.<br \/>\nSono pure stata una delle tre protagoniste di una recita al camposcuola estivo al termine delle medie, la sceneggiatura comica l&#8217;avevamo scritta noi in un pomeriggio, e di quello spettacolo, di canzoni e altre magie, ero pure la conduttrice, truccata come Milly Carlucci. Altro che albero! \ud83d\ude00<\/p>\n<p><strong><span style=\"color: #008080;\">Per\u00f2 se non sono timida, perch\u00e9 comunque preferisco starmene per conto mio o in luoghi poco affollati?<\/span><\/strong><br \/>\nFinora ho creduto che la risposta fosse nel ricercare un dialogo concreto: in mezzo al casino di un bar rumoroso non si riesce a parlare, non ci si pu\u00f2 conoscere davvero, non si possono scambiare grandi opinioni, perch\u00e9 le parole arrivano disturbate peggio che in una videoconferenza con una connessione lenta, frammentate. E se devo stare da sola in mezzo alla confusione, tanto vale che me ne stia a casa, dove comunque non mi annoio mai, o per conto mio con un buon libro.<\/p>\n<p>La risposta giusta mi \u00e8 arrivata in una newsletter di Riccardo Scandellari, consulente di marketing conosciuto in rete come <a href=\"https:\/\/www.skande.com\/\" target=\"_blank\" rel=\"noopener\"><em>Skande<\/em><\/a>. E la scoperta della <strong><span style=\"color: #008080;\">differenza tra timidezza e introversione, sinonimi molto distanti<\/span><\/strong>, nelle rivoluzionarie ricerche di Susan Cain, autrice del saggio, bestseller del New York Times, <em><a href=\"https:\/\/www.amazon.it\/Quiet-potere-introversi-smettere-parlare\/dp\/8845294064\" target=\"_blank\" rel=\"noopener\">Quiet: Il potere degli introversi in un mondo che non sa smettere di parlare<\/a>.<\/em>\u00a0Spettacolare la sua conferenza TED dove si \u00e8 presentata sul palco, una sfida difficile per lei, con una valigia piena di libri.<br \/>\nEcco: non sono timida, sono introversa. E pu\u00f2 diventare addirittura un super potere!<\/p>\n<p><!--more--><\/p>\n<h2><span style=\"color: #008080;\">Timidezza e introversione<\/span><\/h2>\n<p><a href=\"https:\/\/en.wikipedia.org\/wiki\/Susan_Cain\" target=\"_blank\" rel=\"noopener\"><em>Susan Cain<\/em><\/a> ha studiato alla Princeton University e poi alla Harvard Law School, ha lavorato per sette anni come avvocato a Wall Street, nonostante le sue difficolt\u00e0 a parlare in pubblico. Abbandonata la carriera nel diritto societario e nella consulenza, ha deciso di concentrarsi sulla scrittura e in particolare nel riuscire a spiegare perch\u00e9 <span style=\"color: #008080;\"><strong>l&#8217;introversione pu\u00f2 essere considerata una capacit\u00e0 straordinaria<\/strong><\/span>, una qualit\u00e0 che pu\u00f2 nascondere talenti poco sfruttati in una cultura moderna che sottovaluta i tratti distintivi delle persone introverse.<br \/>\nNon \u00e8 una psicologa dunque, e nemmeno una ricercatrice scientifica, ma sette anni di lettura, analisi e riflessioni su questo argomento, che le sta molto a cuore avendo sofferto lei stessa di essere un individuo introverso in un mondo che li accetta cos\u00ec poco, le hanno consentito di pubblicare nel 2012 il saggio bestseller <a href=\"https:\/\/en.wikipedia.org\/wiki\/Quiet:_The_Power_of_Introverts_in_a_World_That_Can%27t_Stop_Talking\" target=\"_blank\" rel=\"noopener\"><em>Quiet: The Power of Introverts in a World That Can&#8217;t Stop Talking<\/em><\/a>\u00a0(trad. Quiet: Il potere degli introversi in un mondo che non sa smettere di parlare). Nel 2018, The Guardian lo ha inserito tra i dieci &#8220;migliori libri intelligenti del decennio&#8221; tanto si \u00e8 rivelato rivoluzionario nel suo contenuto.<\/p>\n<p><strong><span style=\"color: #008080;\">Tutto parte da un concetto fondamentale: timidezza e introversione non sono la stessa cosa.<\/span><\/strong><br \/>\nLa timidezza \u00e8 la paura del giudizio negativo da parte delle altre persone, mentre l&#8217;introversione \u00e8 una preferenza per ambienti tranquilli e minimamente stimolanti. Alcuni psicologi mappano le due tendenze sull&#8217;asse verticale e orizzontale di un grafico, con la variabile introverso-estroverso sull&#8217;asse orizzontale e la variabile ansioso-calmo su quello verticale. Con questo modello, ci ritroviamo con quattro tipi di personalit\u00e0: estroversi calmi, estroversi ansiosi (o impulsivi), introversi calmi e introversi ansiosi.<\/p>\n<p>Se sono quindi considerate delle variabili differenti, perch\u00e9 spesso le due caratteristiche sono scambiate, come sinonime?<br \/>\nLo spiega Susan Cain in questo suo articolo per <a href=\"https:\/\/www.psychologytoday.com\/intl\/blog\/quiet-the-power-introverts\/201107\/are-you-shy-introverted-both-or-neither-and-why-does-it\" target=\"_blank\" rel=\"noopener\"><em>Psychology Today<\/em><\/a>, portando anche degli esempi: <em>&#8220;Bill Gates \u00e8 tranquillo e un grande lettore, ma non \u00e8 affatto turbato dalle opinioni degli altri su di lui: \u00e8 introverso, ma non timido. Barbra Streisand ha una personalit\u00e0 estroversa, appariscente, ma pure un caso paralizzante di paura del palcoscenico: \u00e8 una timida estroversa.&#8221;<\/em><\/p>\n<p><strong><span style=\"color: #008080;\">Il motivo \u00e8 il pregiudizio della nostra societ\u00e0 contro entrambe queste caratteristiche.<\/span><\/strong> A guardarli da fuori, un timido estroverso seduto in silenzio durante una riunione di lavoro si comporta alla stessa maniera di un calmo introverso, anche se il loro stato mentale \u00e8 diverso: la persona timida ha paura di parlare, di esprimere le proprie opinioni, mentre l&#8217;introverso \u00e8 semplicemente sovrastimolato, non ha abbastanza quiete per riflettere bene su tutto ci\u00f2 che viene discusso. Per il mondo esterno, che considera pi\u00f9 competente, simpatico e pure pi\u00f9 intelligente chi ha la capacit\u00e0 di parlare veloce e senza remore, questi due tipi non piacciono affatto. Chi non parla, per un motivo o per un altro, non sembra partecipare col proprio contributo.<\/p>\n<p>Timidezza e introversione possono sovrapporsi, come gli psicologi hanno dimostrato: molte persone timide sono introverse e viceversa. Ma pure le ragioni di questa sovrapposizione si trovano spesso nel trattamento che la societ\u00e0 riserva loro: a parte gli individui che nascono con temperamenti &#8220;altamente reattivi&#8221; che li predispongono sia alla timidezza che all&#8217;introversione, un soggetto timido pu\u00f2 diventare introverso perch\u00e9 i disagi della vita sociale lo motivano alla solitudine, e un introverso pu\u00f2 a sua volta diventare timido dopo aver ricevuto continuamente il messaggio che c&#8217;\u00e8 qualcosa che non va in lui.<br \/>\nQuest&#8217;ultima parta la capisco piuttosto bene: \u00e8 decisamente fastidioso essere fraintesi, essere definiti qualcosa che non sei. Come quando cammini per strada, immerso nei tuoi rimuginamenti (nel mio caso, sto magari scrivendo mentalmente un racconto), e gli estranei pensano che sei arrabbiato, triste, depresso. No, in realt\u00e0, sto creando!<\/p>\n<p>L&#8217;HuffPost cita 6 miti sugli introversi a cui dobbiamo smettere di credere (l&#8217;articolo originale qui: <a href=\"https:\/\/www.huffpost.com\/entry\/introvert-myths_n_3569058\" target=\"_blank\" rel=\"noopener\"><em>6 Myths About Introverts To Stop Believing<\/em><\/a>), che generano appunto il pregiudizio attorno a queste persone:<\/p>\n<ol>\n<li><em>Tutti gli introversi sono timidi e tutte le persone timide sono introverse.<\/em> <strong><span style=\"color: #008080;\">Molti introversi non sono timidi<\/span><\/strong>; possono sentirsi sicuri ea proprio agio con le persone, ma richiedono semplicemente pi\u00f9 tempo da soli per bilanciare le energie che spendono nelle situazioni sociali. Allo stesso modo, un estroverso pu\u00f2 cercare la compagnia degli altri ma sentirsi insicuro o a disagio nei gruppi.<\/li>\n<li><em>Agli introversi non piace stare con le persone.<\/em> L&#8217;idea che gli introversi siano antisociali o non vogliano la compagnia degli altri \u00e8 completamente falsa. Tendono semplicemente a godere dell&#8217;interazione sociale in un modo diverso rispetto agli estroversi. In genere preferiscono la qualit\u00e0 alla quantit\u00e0 nelle loro relazioni, scegliendo di concentrarsi sulla creazione di una cerchia pi\u00f9 ristretta di amici intimi piuttosto che su una vasta rete di conoscenti.<\/li>\n<li><em>Gli introversi non sono buoni leader o pubblici oratori.<\/em> Molti introversi apprezzano ed eccellono in ruoli che implicano la guida degli altri, il parlare in pubblico ed essere sotto i riflettori. Bill Gates, Abraham Lincoln, Gandhi e innumerevoli altri leader nel corso della storia sono stati classificati come introversi. Secondo <a href=\"http:\/\/usatoday30.usatoday.com\/money\/companies\/management\/2006-06-06-shy-ceo-usat_x.htm\" target=\"_blank\" rel=\"noopener\"><em>USA Today<\/em><\/a>, <strong><span style=\"color: #008080;\">circa 4 dirigenti su 10 risultano personalit\u00e0 introverse.<\/span><\/strong><\/li>\n<li><em>Gli introversi hanno personalit\u00e0 pi\u00f9 negative.<\/em> Poich\u00e9 in realt\u00e0 a loro piace stare da soli, a volte gli introversi sono stereotipati come aventi personalit\u00e0 pi\u00f9 depressive o con inclinazioni negative. L&#8217;equivoco deriva dal fatto che gli estroversi, i quali traggono la loro energia dall&#8217;interazione sociale, dichiarano di sentirsi tristi quando non trascorrono abbastanza tempo con le persone. Dunque pensano che la stessa cosa accada anche agli introversi, ma stanno proiettando i loro sentimenti su una diversa personalit\u00e0.<\/li>\n<li><em>Gli introversi sono pi\u00f9 intellettuali o creativi degli estroversi.<\/em> Molti degli artisti e pensatori pi\u00f9 celebrati nel corso della storia, tra cui Albert Einstein, Marcel Proust e Charles Darwin, erano considerati tipi tranquilli. Ma un introverso non \u00e8 per natura un pensatore eccellente o un artista innovativo. Anche gli estroversi sono intelligenti e creativi, \u00e8 probabile che le loro idee migliori arrivino mentre sono in un momento pi\u00f9 riflessivo o introverso. Proprio perch\u00e9 i confini non sono cos\u00ec netti.<\/li>\n<li><em>\u00c8 facile capire se qualcuno \u00e8 introverso o estroverso<\/em>. Ah no, io ci ho messo quasi una vita a capirlo! \ud83d\ude00 Molti introversi si sono abituati a travestirsi da estroversi nelle situazioni sociali in cui \u00e8 richiesto, magari comportandosi in modo pi\u00f9 schietto e socievole di quanto si sentano dentro. Possono facilmente parlare a un&#8217;intera platea, e divertirsi pure in quell&#8217;occasione. Ma alla fine della giornata, non vedono l&#8217;ora di tornare a casa per recuperare le energie, leggendo a letto con una tazza di t\u00e8. Eccola!<\/li>\n<\/ol>\n<p><strong><span style=\"color: #008080;\">Il pregiudizio \u00e8 costantemente intorno a noi.<\/span> <\/strong>Un esempio su tutti: \u00e8 stato difficile trovare una foto per questo articolo, perch\u00e9 cercando la parola &#8220;introverso&#8221; sugli archivi fotografici a pagamento (in genere offrono ricerche pi\u00f9 complesse e una maggiore corrispondenza tra le parole chiavi e i soggetti proposti) il risultato erano costituito solo da immagini di persone solitarie ma con volti depressi, senza sorriso, gli occhi spenti, la spalle abbassate. Addirittura sedute sul divanetto di uno psicologo, come se l&#8217;introversione fosse un disturbo da curare&#8230; Ma stiamo scherzando?!<\/p>\n<p>&nbsp;<\/p>\n<h2><span style=\"color: #008080;\">Il potere degli introversi<\/span><br \/>\n<span style=\"color: #008080;\">secondo Susan Cain<\/span><\/h2>\n<blockquote><p>La timidezza \u00e8 la paura del giudizio sociale. Essere introversi ha pi\u00f9 a che vedere con come si risponde agli stimoli, compresi gli stimoli sociali. Gli estroversi hanno un disperato bisogno di stimoli, mentre gli introversi si sentono molto pi\u00f9 vivi e pi\u00f9 attivi e pi\u00f9 capaci quando sono in ambienti pi\u00f9 tranquilli e informali. Non sempre, non sono concetti assoluti, ma quasi sempre.<br \/>\nSusan Cain, The power of introverts, TED 2012<\/p><\/blockquote>\n<p>Dopo aver pubblicato il suo saggio, credendo sarebbe passato alquanto invisibile in libreria e invece fu conteso da parecchi editori americani, Susan Cain \u00e8 intervenuta alla conferenza TED del 2012, proprio l&#8217;ambiente avverso per un introverso come noi, dopo essersi preparata a lungo con un corso intensivo di public speaking con i consulenti TED e pure con un insegnante di recitazione nella settimana precedente all&#8217;evento. Le \u00e8 riuscito cos\u00ec bene, lei stessa esempio della teoria che stava portando al pubblico, che <strong><span style=\"color: #008080;\">il suo discorso \u00e8 stato visto pi\u00f9 di 25 milioni di volte<\/span><\/strong>, rendendolo uno dei pi\u00f9 popolari TED di tutti i tempi.<\/p>\n<p>Tutto comincia proprio da un campo estivo e mi ci sono immedesimata subito:<\/p>\n<p><em>&#8220;Quando avevo nove anni sono partita per la prima volta per il campo estivo. Mia madre mi ha fatto una valigia piena di libri e a me sembrava del tutto naturale. Perch\u00e9 nella mia famiglia, leggere era un&#8217;attivit\u00e0 fondamentale. E questo potrebbe sembrarvi antisociale, ma per noi era un modo diverso di socializzare. C&#8217;\u00e8 tutto il calore della famiglia accanto a voi, ma si \u00e8 anche liberi di vagare nel mondo avventuroso della propria mente. E avevo questa idea che il campo sarebbe stato proprio cos\u00ec, anzi migliore. Immaginavo 10 ragazze comodamente sedute in uno chalet a leggere libri, in camicia da notte.<\/em><br \/>\n<em>Ma fu pi\u00f9 che altro una mega festa senza alcool. E il primo giorno la nostra capogruppo ci riun\u00ec e ci insegn\u00f2 un grido di battaglia che avremmo cantato ogni giorno, fino alla fine dell&#8217;estate per infondere lo spirito del campo. E faceva cos\u00ec: &#8220;K-I-A-S-S-O, \u00e8 cos\u00ec che si scrive kiasso. Kiasso, kiasso, facciamo kiasso&#8221;. Gi\u00e0! Non riuscivo proprio a capire perch\u00e9 dovevamo fare tanto chiasso, o perch\u00e9 dovevamo scriverlo in modo sbagliato. Ma recitai il grido. Insieme a tutti gli altri. Feci del mio meglio. E aspettavo solo il momento di sparire e andare a leggere i miei libri.<\/em><br \/>\n<em>Ma la prima volta che tirai fuori il mio libro dalla valigia, la ragazza pi\u00f9 popolare del campo venne da me e mi chiese: &#8220;Perch\u00e9 sei cos\u00ec tranquilla?&#8221; Tranquilla, ovviamente era l&#8217;esatto opposto di K-I-A-S-S-O. E poi la seconda volta che ci provai, la capogruppo venne da me con lo sguardo preoccupato ribadendo la questione dello spirito del campo e mi disse che dovevamo tutti lavorare sodo per socializzare. <\/em><br \/>\n<em>Quindi rimisi i miei libri in valigia, li misi sotto il letto, e l\u00ec rimasero fino alla fine dell&#8217;estate. Ma mi sentii in colpa. Era come se i libri avessero bisogno di me, come se mi stessero chiamando mentre io li abbandonavo. Ma li abbandonai e non riaprii pi\u00f9 quella valigia fino al mio rientro a casa dalla mia famiglia a fine estate.<\/em><br \/>\n<em>Vi racconto questa storia del campo estivo. Avrei potuto raccontarvene altre 50 come questa &#8212; di tutte le volte che ricevevo il messaggio che in qualche modo il mio essere calma e introversa non era necessariamente il modo giusto di fare, che avrei dovuto sembrare una persona un po&#8217; pi\u00f9 estroversa. E ho sempre sentito dentro di me che era sbagliato e che gli introversi erano invece eccezionali cos\u00ec come sono.&#8221;<\/em><\/p>\n<p>Sono troppo felice di aver scoperto Susan Cain, il suo lavoro e soprattutto la sua conferenza. Credo sia un piccolino <a href=\"https:\/\/www.webnauta.it\/wordpress\/un-sassolino-da-dio\/\" target=\"_blank\" rel=\"noopener\"><em>sassolino da dio<\/em><\/a>, che risponde ad una delle mie <a href=\"https:\/\/www.webnauta.it\/wordpress\/tre-parole-per-una-rotta-2021\/\" target=\"_blank\" rel=\"noopener\"><em>tre parole per una rotta<\/em><\/a> del 2021, awareness, consapevolezza.<br \/>\nSi \u00e8 presentata sul palco proprio con una valigia voluminosa, in stile Mary Poppins. Ma quella valigia \u00e8 anche una metafora dei tesori, ricordi, attivit\u00e0 e pensieri che fanno di noi esattamente quello che siamo: unici.<br \/>\nE s\u00ec, alla fine contiene dei libri, ma dovete guardare il video per scoprirli. \ud83d\ude09<\/p>\n<div style=\"max-width: 854px;\">\n<div style=\"position: relative; height: 0; padding-bottom: 56.25%;\"><iframe loading=\"lazy\" style=\"position: absolute; left: 0; top: 0; width: 100%; height: 100%;\" src=\"https:\/\/embed.ted.com\/talks\/lang\/it\/susan_cain_the_power_of_introverts\" width=\"854\" height=\"480\" frameborder=\"0\" scrolling=\"no\" allowfullscreen=\"allowfullscreen\"><\/iframe><\/div>\n<\/div>\n<p>&nbsp;<\/p>\n<h2><span style=\"color: #008080;\">Quiet power fin dall&#8217;adolescenza<\/span><\/h2>\n<p>In realt\u00e0 \u00e8 qui che veniamo al punto focale del mio articolo e al motivo per cui ho deciso di scriverlo.<br \/>\nCome Susan Cain anch&#8217;io credo sia ora di dare il giusto apprezzamento agli introversi ed<strong><span style=\"color: #008080;\"> evitare che i ragazzi di oggi debbano in futuro ripercorrere le mie stesse fatiche<\/span><\/strong>, con la possibilit\u00e0 di perderli lungo la strada, obbligarli a nascondere il loro vero valore.<\/p>\n<p>Nella sua seconda conferenza TED del 2014 (potete vedere il video qui, con i sottotitoli in inglese: <a href=\"https:\/\/www.youtube.com\/watch?v=l1SM9NxxmJo\" target=\"_blank\" rel=\"noopener\"><em>Blueprint for a quiet revolution<\/em><\/a>), Susan Cain ha annunciato formalmente la nascita di <a href=\"https:\/\/en.wikipedia.org\/wiki\/Quiet_Revolution_(company)\" target=\"_blank\" rel=\"noopener\"><em>Quiet Revolution<\/em><\/a>, una societ\u00e0 &#8220;basata sulla missione e sostenuta da un&#8217;impresa&#8221; il cui obiettivo \u00e8 &#8220;sbloccare il potere degli introversi a beneficio di tutti noi&#8221;. L&#8217;organizzazione si pone obiettivi concreti per trasformare l&#8217;architettura degli uffici da spazi aperti ad aree dove gli introversi possano esprimersi meglio, fornire programmi di formazione per sviluppare le capacit\u00e0 di leader introversi, aiutare ragazzi, genitori e insegnanti all&#8217;interno delle scuole, con differenti modelli di partecipazione in classe che tengano conto anche del potenziale degli studenti introversi.<\/p>\n<p>Da quest&#8217;iniziativa nel 2016 Susan Cain ha pubblicato il suo secondo libro, come co-autrice: <a href=\"https:\/\/www.amazon.it\/Quiet-power-superpoteri-degli-introversi\/dp\/8845293025\" target=\"_blank\" rel=\"noopener\"><em>Quiet power. I superpoteri degli introversi<\/em><\/a>, una guida utile per bambini e adolescenti introversi, che si rivolge anche ai loro educatori e genitori. Questo nuovo saggio raccoglie anche testimonianze di celebrit\u00e0 dello spettacolo che rivelano essere personalit\u00e0 introverse: come l&#8217;attrice Emma Watson, che si dichiara &#8220;timida, impacciata nei rapporti sociali. Una frana nelle chiacchiere inutili, a disagio in pubblico e nelle feste rumorose&#8221; oppure la cantante Beyonc\u00e9 che di s\u00e9 svela &#8220;ho grandi capacit\u00e0 di ascolto e mi piace osservare, questo a volte viene preso per timidezza&#8221;.<\/p>\n<p>Il primo consiglio di Susan \u00e8 per i genitori dei bambini introversi: <strong><span style=\"color: #008080;\">&#8220;Le mamme e i pap\u00e0 devono stare dalla parte dei figli.<\/span><\/strong> Gli introversi hanno bisogno del loro appoggio, pi\u00f9 degli altri. Non bisogna forzarli, ma rispettarne tempi e passioni. Non vanno alle feste e preferiscono la pizza con due amici? Va bene cos\u00ec. Se seguiranno la loro strada, riusciranno a eccellere. Basti pensare a Steve Martin o a Bill Gates: per niente timidi, ma introversi. O a J.K. Rowling, che scriveva tutta sola e triste il suo Harry Potter in un pub&#8221;. (Fonte: <a href=\"https:\/\/www.iodonna.it\/attualita\/famiglia-e-lavoro\/2017\/07\/09\/gli-introversi-hanno-una-marcia-piu\/\" target=\"_blank\" rel=\"noopener\"><em>iodonna.it<\/em><\/a>)<\/p>\n<p>Ai ragazzi introversi invece Susan Cain suggerisce di cercarsi una &#8220;comfort zone&#8221;, un rifugio mentale e fisico dove ricaricare le proprie energie sociali, senza aver timore della solitudine: &#8220;Essere isolati \u00e8 doloroso. Puntare su poche amicizie profonde, e non su alleanze traballanti, pu\u00f2 essere vincente. Gli introversi sono tanti: tra un terzo e met\u00e0 della popolazione mondiale. <strong><span style=\"color: #008080;\">Ai ragazzi dico: abbiate fiducia in voi stessi&#8221;.<\/span><\/strong><br \/>\nMi unisco alla sua esortazione: noi introversi abbiamo bisogno di tempo e silenzio per decomprimerci. Vagare con la mente, lasciarla correre a briglia sciolta \u00e8 il nostro modo di elaborare ed essere creativi.<\/p>\n<h2><span style=\"color: #008080;\">Qual \u00e8 il vostro super potere?<\/span><\/h2>\n<p>E voi lettori, vi sentite introversi o estroversi? Pi\u00f9 timidi o solamente calmi?<br \/>\nQualunque caratteristica vi appartenga, in misura pi\u00f9 o meno marcata, abbiate il coraggio e la forza di tenervela stretta e usarla come un super potere. Perch\u00e9 lo \u00e8, anche se ancora non l&#8217;hanno riconosciuto. \ud83d\ude42<\/p>\n<p>&nbsp;<\/p>\n","protected":false},"excerpt":{"rendered":"<p>Hanno sempre creduto che fossi timida semplicemente perch\u00e9 me ne stavo spesso silenziosa in un angolo a giocare o leggere o disegnare, per i cavoli miei, senza creare troppa confusione. Non ho frequentato un asilo nido e non c&#8217;erano altri bambini piccoli nella zona dove vivevo, quindi prima dei tre anni di vita il mio [&hellip;]<\/p>\n","protected":false},"author":1,"featured_media":24513,"comment_status":"open","ping_status":"open","sticky":false,"template":"","format":"standard","meta":{"_monsterinsights_skip_tracking":false,"_monsterinsights_sitenote_active":false,"_monsterinsights_sitenote_note":"","_monsterinsights_sitenote_category":0,"footnotes":""},"categories":[1],"tags":[15,34],"class_list":["post-24514","post","type-post","status-publish","format-standard","has-post-thumbnail","hentry","category-solo-un-istante","tag-diario","tag-ispirazioni"],"yoast_head":"<!-- This site is optimized with the Yoast SEO Premium plugin v26.8 (Yoast SEO v26.8) - https:\/\/yoast.com\/product\/yoast-seo-premium-wordpress\/ -->\n<title>Non sono timida, sono introversa. A volte - webnauta<\/title>\n<meta name=\"description\" content=\"Siete timidi o introversi? Scoprite la differenza e il potere degli introversi dalle ricerche di Susan Cain...webnauta - navigatore in un oceano di parole\" \/>\n<meta name=\"robots\" content=\"index, follow, max-snippet:-1, max-image-preview:large, max-video-preview:-1\" \/>\n<link rel=\"canonical\" href=\"https:\/\/www.webnauta.it\/wordpress\/timidezza-introversione-quiet-power\/\" \/>\n<meta property=\"og:locale\" content=\"it_IT\" \/>\n<meta property=\"og:type\" content=\"article\" \/>\n<meta property=\"og:title\" content=\"Non sono timida, sono introversa. A volte\" \/>\n<meta property=\"og:description\" content=\"Siete timidi o introversi? Scoprite la differenza e il potere degli introversi dalle ricerche di Susan Cain...webnauta - navigatore in un oceano di parole\" \/>\n<meta property=\"og:url\" content=\"https:\/\/www.webnauta.it\/wordpress\/timidezza-introversione-quiet-power\/\" \/>\n<meta property=\"og:site_name\" content=\"webnauta\" \/>\n<meta property=\"article:publisher\" content=\"http:\/\/www.facebook.com\/barbara.businaro.9\" \/>\n<meta property=\"article:author\" content=\"http:\/\/www.facebook.com\/barbara.businaro.9\" \/>\n<meta property=\"article:published_time\" content=\"2021-04-18T14:55:25+00:00\" \/>\n<meta property=\"og:image\" content=\"https:\/\/www.webnauta.it\/wordpress\/wp-content\/uploads\/2021\/04\/Potere_degli_introversi.jpg\" \/>\n\t<meta property=\"og:image:width\" content=\"650\" \/>\n\t<meta property=\"og:image:height\" content=\"450\" \/>\n\t<meta property=\"og:image:type\" content=\"image\/jpeg\" \/>\n<meta name=\"author\" content=\"Barbara Businaro\" \/>\n<meta name=\"twitter:card\" content=\"summary_large_image\" \/>\n<meta name=\"twitter:creator\" content=\"@barbarawebnauta\" \/>\n<meta name=\"twitter:site\" content=\"@barbarawebnauta\" \/>\n<meta name=\"twitter:label1\" content=\"Scritto da\" \/>\n\t<meta name=\"twitter:data1\" content=\"Barbara Businaro\" \/>\n\t<meta name=\"twitter:label2\" content=\"Tempo di lettura stimato\" \/>\n\t<meta name=\"twitter:data2\" content=\"16 minuti\" \/>\n<script type=\"application\/ld+json\" class=\"yoast-schema-graph\">{\"@context\":\"https:\/\/schema.org\",\"@graph\":[{\"@type\":\"Article\",\"@id\":\"https:\/\/www.webnauta.it\/wordpress\/timidezza-introversione-quiet-power\/#article\",\"isPartOf\":{\"@id\":\"https:\/\/www.webnauta.it\/wordpress\/timidezza-introversione-quiet-power\/\"},\"author\":{\"name\":\"Barbara Businaro\",\"@id\":\"https:\/\/www.webnauta.it\/wordpress\/#\/schema\/person\/9a1f7a6e3b52bbe5b9d265d2d671d1a1\"},\"headline\":\"Non sono timida, sono introversa. A volte\",\"datePublished\":\"2021-04-18T14:55:25+00:00\",\"mainEntityOfPage\":{\"@id\":\"https:\/\/www.webnauta.it\/wordpress\/timidezza-introversione-quiet-power\/\"},\"wordCount\":3653,\"commentCount\":22,\"publisher\":{\"@id\":\"https:\/\/www.webnauta.it\/wordpress\/#\/schema\/person\/9a1f7a6e3b52bbe5b9d265d2d671d1a1\"},\"image\":{\"@id\":\"https:\/\/www.webnauta.it\/wordpress\/timidezza-introversione-quiet-power\/#primaryimage\"},\"thumbnailUrl\":\"https:\/\/www.webnauta.it\/wordpress\/wp-content\/uploads\/2021\/04\/Potere_degli_introversi.jpg\",\"keywords\":[\"diario di viaggio\",\"ispirazioni\"],\"articleSection\":[\"Solo un istante\"],\"inLanguage\":\"it-IT\",\"potentialAction\":[{\"@type\":\"CommentAction\",\"name\":\"Comment\",\"target\":[\"https:\/\/www.webnauta.it\/wordpress\/timidezza-introversione-quiet-power\/#respond\"]}]},{\"@type\":\"WebPage\",\"@id\":\"https:\/\/www.webnauta.it\/wordpress\/timidezza-introversione-quiet-power\/\",\"url\":\"https:\/\/www.webnauta.it\/wordpress\/timidezza-introversione-quiet-power\/\",\"name\":\"Non sono timida, sono introversa. A volte - webnauta\",\"isPartOf\":{\"@id\":\"https:\/\/www.webnauta.it\/wordpress\/#website\"},\"primaryImageOfPage\":{\"@id\":\"https:\/\/www.webnauta.it\/wordpress\/timidezza-introversione-quiet-power\/#primaryimage\"},\"image\":{\"@id\":\"https:\/\/www.webnauta.it\/wordpress\/timidezza-introversione-quiet-power\/#primaryimage\"},\"thumbnailUrl\":\"https:\/\/www.webnauta.it\/wordpress\/wp-content\/uploads\/2021\/04\/Potere_degli_introversi.jpg\",\"datePublished\":\"2021-04-18T14:55:25+00:00\",\"description\":\"Siete timidi o introversi? Scoprite la differenza e il potere degli introversi dalle ricerche di Susan Cain...webnauta - navigatore in un oceano di parole\",\"breadcrumb\":{\"@id\":\"https:\/\/www.webnauta.it\/wordpress\/timidezza-introversione-quiet-power\/#breadcrumb\"},\"inLanguage\":\"it-IT\",\"potentialAction\":[{\"@type\":\"ReadAction\",\"target\":[\"https:\/\/www.webnauta.it\/wordpress\/timidezza-introversione-quiet-power\/\"]}]},{\"@type\":\"ImageObject\",\"inLanguage\":\"it-IT\",\"@id\":\"https:\/\/www.webnauta.it\/wordpress\/timidezza-introversione-quiet-power\/#primaryimage\",\"url\":\"https:\/\/www.webnauta.it\/wordpress\/wp-content\/uploads\/2021\/04\/Potere_degli_introversi.jpg\",\"contentUrl\":\"https:\/\/www.webnauta.it\/wordpress\/wp-content\/uploads\/2021\/04\/Potere_degli_introversi.jpg\",\"width\":650,\"height\":450,\"caption\":\"Quiet: Il potere degli introversi in un mondo che non sa smettere di parlare. Di Susan Cain\"},{\"@type\":\"BreadcrumbList\",\"@id\":\"https:\/\/www.webnauta.it\/wordpress\/timidezza-introversione-quiet-power\/#breadcrumb\",\"itemListElement\":[{\"@type\":\"ListItem\",\"position\":1,\"name\":\"Home\",\"item\":\"https:\/\/www.webnauta.it\/wordpress\/\"},{\"@type\":\"ListItem\",\"position\":2,\"name\":\"Non sono timida, sono introversa. A volte\"}]},{\"@type\":\"WebSite\",\"@id\":\"https:\/\/www.webnauta.it\/wordpress\/#website\",\"url\":\"https:\/\/www.webnauta.it\/wordpress\/\",\"name\":\"webnauta\",\"description\":\"navigatore in un oceano di parole\",\"publisher\":{\"@id\":\"https:\/\/www.webnauta.it\/wordpress\/#\/schema\/person\/9a1f7a6e3b52bbe5b9d265d2d671d1a1\"},\"potentialAction\":[{\"@type\":\"SearchAction\",\"target\":{\"@type\":\"EntryPoint\",\"urlTemplate\":\"https:\/\/www.webnauta.it\/wordpress\/?s={search_term_string}\"},\"query-input\":{\"@type\":\"PropertyValueSpecification\",\"valueRequired\":true,\"valueName\":\"search_term_string\"}}],\"inLanguage\":\"it-IT\"},{\"@type\":[\"Person\",\"Organization\"],\"@id\":\"https:\/\/www.webnauta.it\/wordpress\/#\/schema\/person\/9a1f7a6e3b52bbe5b9d265d2d671d1a1\",\"name\":\"Barbara Businaro\",\"image\":{\"@type\":\"ImageObject\",\"inLanguage\":\"it-IT\",\"@id\":\"https:\/\/www.webnauta.it\/wordpress\/#\/schema\/person\/image\/\",\"url\":\"https:\/\/www.webnauta.it\/wordpress\/wp-content\/uploads\/2020\/02\/BarbaraBusinaro2020_rounded.png\",\"contentUrl\":\"https:\/\/www.webnauta.it\/wordpress\/wp-content\/uploads\/2020\/02\/BarbaraBusinaro2020_rounded.png\",\"width\":500,\"height\":512,\"caption\":\"Barbara Businaro\"},\"logo\":{\"@id\":\"https:\/\/www.webnauta.it\/wordpress\/#\/schema\/person\/image\/\"},\"description\":\"webnauta.it \u2022 Blog personale di Barbara Businaro \u2022 Scrivo, tra una tempesta e l''altra. Chiunque pu\u00f2 tenere il timone quando il mare \u00e8 calmo.\",\"sameAs\":[\"http:\/\/www.webnauta.it\",\"http:\/\/www.facebook.com\/barbara.businaro.9\",\"https:\/\/www.instagram.com\/barbarawebnauta\/\",\"https:\/\/x.com\/barbarawebnauta\"],\"url\":\"https:\/\/www.webnauta.it\/wordpress\/author\/maxadmin\/\"}]}<\/script>\n<!-- \/ Yoast SEO Premium plugin. -->","yoast_head_json":{"title":"Non sono timida, sono introversa. A volte - webnauta","description":"Siete timidi o introversi? Scoprite la differenza e il potere degli introversi dalle ricerche di Susan Cain...webnauta - navigatore in un oceano di parole","robots":{"index":"index","follow":"follow","max-snippet":"max-snippet:-1","max-image-preview":"max-image-preview:large","max-video-preview":"max-video-preview:-1"},"canonical":"https:\/\/www.webnauta.it\/wordpress\/timidezza-introversione-quiet-power\/","og_locale":"it_IT","og_type":"article","og_title":"Non sono timida, sono introversa. A volte","og_description":"Siete timidi o introversi? Scoprite la differenza e il potere degli introversi dalle ricerche di Susan Cain...webnauta - navigatore in un oceano di parole","og_url":"https:\/\/www.webnauta.it\/wordpress\/timidezza-introversione-quiet-power\/","og_site_name":"webnauta","article_publisher":"http:\/\/www.facebook.com\/barbara.businaro.9","article_author":"http:\/\/www.facebook.com\/barbara.businaro.9","article_published_time":"2021-04-18T14:55:25+00:00","og_image":[{"width":650,"height":450,"url":"https:\/\/www.webnauta.it\/wordpress\/wp-content\/uploads\/2021\/04\/Potere_degli_introversi.jpg","type":"image\/jpeg"}],"author":"Barbara Businaro","twitter_card":"summary_large_image","twitter_creator":"@barbarawebnauta","twitter_site":"@barbarawebnauta","twitter_misc":{"Scritto da":"Barbara Businaro","Tempo di lettura stimato":"16 minuti"},"schema":{"@context":"https:\/\/schema.org","@graph":[{"@type":"Article","@id":"https:\/\/www.webnauta.it\/wordpress\/timidezza-introversione-quiet-power\/#article","isPartOf":{"@id":"https:\/\/www.webnauta.it\/wordpress\/timidezza-introversione-quiet-power\/"},"author":{"name":"Barbara Businaro","@id":"https:\/\/www.webnauta.it\/wordpress\/#\/schema\/person\/9a1f7a6e3b52bbe5b9d265d2d671d1a1"},"headline":"Non sono timida, sono introversa. A volte","datePublished":"2021-04-18T14:55:25+00:00","mainEntityOfPage":{"@id":"https:\/\/www.webnauta.it\/wordpress\/timidezza-introversione-quiet-power\/"},"wordCount":3653,"commentCount":22,"publisher":{"@id":"https:\/\/www.webnauta.it\/wordpress\/#\/schema\/person\/9a1f7a6e3b52bbe5b9d265d2d671d1a1"},"image":{"@id":"https:\/\/www.webnauta.it\/wordpress\/timidezza-introversione-quiet-power\/#primaryimage"},"thumbnailUrl":"https:\/\/www.webnauta.it\/wordpress\/wp-content\/uploads\/2021\/04\/Potere_degli_introversi.jpg","keywords":["diario di viaggio","ispirazioni"],"articleSection":["Solo un istante"],"inLanguage":"it-IT","potentialAction":[{"@type":"CommentAction","name":"Comment","target":["https:\/\/www.webnauta.it\/wordpress\/timidezza-introversione-quiet-power\/#respond"]}]},{"@type":"WebPage","@id":"https:\/\/www.webnauta.it\/wordpress\/timidezza-introversione-quiet-power\/","url":"https:\/\/www.webnauta.it\/wordpress\/timidezza-introversione-quiet-power\/","name":"Non sono timida, sono introversa. A volte - webnauta","isPartOf":{"@id":"https:\/\/www.webnauta.it\/wordpress\/#website"},"primaryImageOfPage":{"@id":"https:\/\/www.webnauta.it\/wordpress\/timidezza-introversione-quiet-power\/#primaryimage"},"image":{"@id":"https:\/\/www.webnauta.it\/wordpress\/timidezza-introversione-quiet-power\/#primaryimage"},"thumbnailUrl":"https:\/\/www.webnauta.it\/wordpress\/wp-content\/uploads\/2021\/04\/Potere_degli_introversi.jpg","datePublished":"2021-04-18T14:55:25+00:00","description":"Siete timidi o introversi? Scoprite la differenza e il potere degli introversi dalle ricerche di Susan Cain...webnauta - navigatore in un oceano di parole","breadcrumb":{"@id":"https:\/\/www.webnauta.it\/wordpress\/timidezza-introversione-quiet-power\/#breadcrumb"},"inLanguage":"it-IT","potentialAction":[{"@type":"ReadAction","target":["https:\/\/www.webnauta.it\/wordpress\/timidezza-introversione-quiet-power\/"]}]},{"@type":"ImageObject","inLanguage":"it-IT","@id":"https:\/\/www.webnauta.it\/wordpress\/timidezza-introversione-quiet-power\/#primaryimage","url":"https:\/\/www.webnauta.it\/wordpress\/wp-content\/uploads\/2021\/04\/Potere_degli_introversi.jpg","contentUrl":"https:\/\/www.webnauta.it\/wordpress\/wp-content\/uploads\/2021\/04\/Potere_degli_introversi.jpg","width":650,"height":450,"caption":"Quiet: Il potere degli introversi in un mondo che non sa smettere di parlare. Di Susan Cain"},{"@type":"BreadcrumbList","@id":"https:\/\/www.webnauta.it\/wordpress\/timidezza-introversione-quiet-power\/#breadcrumb","itemListElement":[{"@type":"ListItem","position":1,"name":"Home","item":"https:\/\/www.webnauta.it\/wordpress\/"},{"@type":"ListItem","position":2,"name":"Non sono timida, sono introversa. A volte"}]},{"@type":"WebSite","@id":"https:\/\/www.webnauta.it\/wordpress\/#website","url":"https:\/\/www.webnauta.it\/wordpress\/","name":"webnauta","description":"navigatore in un oceano di parole","publisher":{"@id":"https:\/\/www.webnauta.it\/wordpress\/#\/schema\/person\/9a1f7a6e3b52bbe5b9d265d2d671d1a1"},"potentialAction":[{"@type":"SearchAction","target":{"@type":"EntryPoint","urlTemplate":"https:\/\/www.webnauta.it\/wordpress\/?s={search_term_string}"},"query-input":{"@type":"PropertyValueSpecification","valueRequired":true,"valueName":"search_term_string"}}],"inLanguage":"it-IT"},{"@type":["Person","Organization"],"@id":"https:\/\/www.webnauta.it\/wordpress\/#\/schema\/person\/9a1f7a6e3b52bbe5b9d265d2d671d1a1","name":"Barbara Businaro","image":{"@type":"ImageObject","inLanguage":"it-IT","@id":"https:\/\/www.webnauta.it\/wordpress\/#\/schema\/person\/image\/","url":"https:\/\/www.webnauta.it\/wordpress\/wp-content\/uploads\/2020\/02\/BarbaraBusinaro2020_rounded.png","contentUrl":"https:\/\/www.webnauta.it\/wordpress\/wp-content\/uploads\/2020\/02\/BarbaraBusinaro2020_rounded.png","width":500,"height":512,"caption":"Barbara Businaro"},"logo":{"@id":"https:\/\/www.webnauta.it\/wordpress\/#\/schema\/person\/image\/"},"description":"webnauta.it \u2022 Blog personale di Barbara Businaro \u2022 Scrivo, tra una tempesta e l''altra. Chiunque pu\u00f2 tenere il timone quando il mare \u00e8 calmo.","sameAs":["http:\/\/www.webnauta.it","http:\/\/www.facebook.com\/barbara.businaro.9","https:\/\/www.instagram.com\/barbarawebnauta\/","https:\/\/x.com\/barbarawebnauta"],"url":"https:\/\/www.webnauta.it\/wordpress\/author\/maxadmin\/"}]}},"_links":{"self":[{"href":"https:\/\/www.webnauta.it\/wordpress\/wp-json\/wp\/v2\/posts\/24514","targetHints":{"allow":["GET"]}}],"collection":[{"href":"https:\/\/www.webnauta.it\/wordpress\/wp-json\/wp\/v2\/posts"}],"about":[{"href":"https:\/\/www.webnauta.it\/wordpress\/wp-json\/wp\/v2\/types\/post"}],"author":[{"embeddable":true,"href":"https:\/\/www.webnauta.it\/wordpress\/wp-json\/wp\/v2\/users\/1"}],"replies":[{"embeddable":true,"href":"https:\/\/www.webnauta.it\/wordpress\/wp-json\/wp\/v2\/comments?post=24514"}],"version-history":[{"count":2,"href":"https:\/\/www.webnauta.it\/wordpress\/wp-json\/wp\/v2\/posts\/24514\/revisions"}],"predecessor-version":[{"id":24518,"href":"https:\/\/www.webnauta.it\/wordpress\/wp-json\/wp\/v2\/posts\/24514\/revisions\/24518"}],"wp:featuredmedia":[{"embeddable":true,"href":"https:\/\/www.webnauta.it\/wordpress\/wp-json\/wp\/v2\/media\/24513"}],"wp:attachment":[{"href":"https:\/\/www.webnauta.it\/wordpress\/wp-json\/wp\/v2\/media?parent=24514"}],"wp:term":[{"taxonomy":"category","embeddable":true,"href":"https:\/\/www.webnauta.it\/wordpress\/wp-json\/wp\/v2\/categories?post=24514"},{"taxonomy":"post_tag","embeddable":true,"href":"https:\/\/www.webnauta.it\/wordpress\/wp-json\/wp\/v2\/tags?post=24514"}],"curies":[{"name":"wp","href":"https:\/\/api.w.org\/{rel}","templated":true}]}}