{"id":23900,"date":"2021-02-16T08:50:56","date_gmt":"2021-02-16T07:50:56","guid":{"rendered":"https:\/\/www.webnauta.it\/wordpress\/?p=23900"},"modified":"2021-02-16T08:47:51","modified_gmt":"2021-02-16T07:47:51","slug":"confidenze-dietro-la-mascherina","status":"publish","type":"post","link":"https:\/\/www.webnauta.it\/wordpress\/confidenze-dietro-la-mascherina\/","title":{"rendered":"Dietro la mascherina <br> In edicola su Confidenze"},"content":{"rendered":"<p>Dopo la precedente esperienza di <a href=\"https:\/\/www.webnauta.it\/wordpress\/confidenze-ultimo-sorriso\/\" target=\"_blank\" rel=\"noopener noreferrer\"><em>scrivere una storia vera per Confidenze<\/em><\/a>\u00a0all&#8217;interno dell&#8217;ultima edizione del laboratorio ConfyLab, che ha portato poi alla pubblicazione de &#8220;L&#8217;ultimo sorriso&#8221; in edicola lo scorso giugno, la redazione mi aveva lasciato con la disponibilit\u00e0 di leggere e considerare altre storie vere che avessi proposto loro per la rivista femminile.<br \/>\nSono capace io di raccogliere le testimonianze dalla viva voce del\/della protagonista e scriverne una storia vera con le parole adeguate, sia per il lettore ma soprattutto per le persone coinvolte in quella storia, rispettando i sentimenti e le emozioni di tutti? <span style=\"color: #ff0000;\"><strong>Scrivere una storia vera non \u00e8 come scrivere un racconto.<\/strong><\/span><\/p>\n<p>Incuriosita per\u00f2 da cosa potesse venirne fuori, mi sono messa a caccia di storie, perch\u00e9 non \u00e8 affatto semplice trovare delle storie vere e pure interessanti per il pubblico. La prima volta \u00e8 andata bene, ma le storie vere non entrano dalle finestre come farfalle tutti i giorni!<br \/>\nVoglio dire: \u00e8 storia vera, verissima che proprio il giorno di San Valentino mi si \u00e8 rotto il caricatore dell&#8217;aspirapolvere senza fili e, per le temibili leggi di Murphy sempre in agguato, l&#8217;aspirapolvere era ovviamente scarico nel momento in cui mi serviva di pi\u00f9. Cos\u00ec come \u00e8 storia vera che solo poche ore dopo si \u00e8 bloccata la lavatrice durante il lavaggio (s\u00ec, ancora lei, protagonista indiscussa de <a href=\"https:\/\/www.webnauta.it\/wordpress\/il-mistero-della-lavatrice\/\" target=\"_blank\" rel=\"noopener noreferrer\"><em>Il mistero della lavatrice<\/em><\/a>) e ho passato la domenica sera a svuotare l&#8217;acqua dal cestello, allagando il pavimento, e ancora nessuno ha capito che cosa le avesse dato fastidio durante il terzo carico della giornata. Storia verissima e probabilmente condivisa da gran parte del mondo femminile.<br \/>\nMa a chi diamine importa una storia vera del genere?!<\/p>\n<p>D&#8217;altro canto sono a conoscenza di storie vere intriganti e succulente, come di quel mio amico che si ostina a intrattenere rapporti amorosi con due fidanzate non ufficiali, battezzate &#8220;la mora&#8221; e &#8220;la rossa&#8221;, residenti in citt\u00e0 equidistanti da lui ma sufficientemente lontane tra di loro per sentirsi al sicuro, luoghi dove pu\u00f2 agevolmente spostarsi per lavoro senza destare il ben che minimo sospetto. Ma di una storia vera cos\u00ec non potrei andare oltre queste tre righe, senza dover aggiungere dei particolari piccanti che metterebbero quel disgraziato del mio amico in serio pericolo di vita&#8230; E probabilmente anche la sottoscritta!<br \/>\nChe non pu\u00f2 continuare una vitaccia del genere l&#8217;ha gi\u00e0 capito da solo, il castello di bugie aumenta e le fondamenta non sono solide per reggerne il peso. Magari attender\u00f2 l&#8217;epilogo (io ho pronosticato che sia la mora che la rossa lo pianteranno e lui si ritrover\u00e0 improvvisamente single, questioni di karma) e vedremo se la storia vera sar\u00e0 pubblicabile senza danni. \ud83d\ude09<\/p>\n<p>In questi mesi, <span style=\"color: #ff0000;\"><strong>mentre ricercavo la storia vera giusta, ne avevo una perfetta sotto il naso!<\/strong><\/span> Proprio dietro la mascherina! \ud83d\ude00<br \/>\nEra cominciata con me che continuavo a dire &#8220;Mollalo! Mollalo prima che ti molli lui!&#8221;, proseguita sempre con me che in chat scrivevo &#8220;Beh, \u00e8 meglio cos\u00ec. E comunque non mi \u00e8 mai piaciuto&#8221;, poi sempre con me che&#8230;<\/p>\n<p><!--more--><\/p>\n<h2><span style=\"color: #ff0000;\">Scrivere una storia vera<\/span><br \/>\n<span style=\"color: #ff0000;\">\u00e8 un po&#8217; come fare la psicologa<\/span><\/h2>\n<p>Gi\u00e0 con la prima storia vera, mi ero resa conto che questo tipo di scrittura assomiglia un po&#8217; al lavoro della psicologa: <span style=\"color: #ff0000;\"><strong>ti accomodi e ascolti quello che ti raccontano<\/strong><\/span>, ogni tanto poni delle domande per focalizzare meglio l&#8217;argomento, prendi degli appunti su ci\u00f2 che viene detto e termini con un riepilogo delle tue sensazioni in merito alla storia, per vedere se hai ben compreso.<br \/>\nPer riuscire a scrivere la storia completa c&#8217;\u00e8 bisogno di pi\u00f9 sedute di racconto-scrittura e ogni volta si rivede insieme qual \u00e8 la &#8220;terapia&#8221;, cosa prendere e cosa lasciare di tutti i particolari che compongono la trama di quella vita reale, quali aspetti approfondire perch\u00e9 c&#8217;\u00e8 dell&#8217;altro, apparentemente insignificante per il paziente, che invece ha avuto un ruolo decisivo. <span style=\"color: #ff0000;\"><strong>Viste da fuori, le nostre vite hanno tutto un altro sapore, ricco e speziato.<\/strong><\/span><\/p>\n<p>In questo caso particolare, mi stavo gi\u00e0 impegnando in tutto ci\u00f2 senza ancora sapere che ne avrei scritto una storia!<br \/>\nDurante il primo lockdown dello scorso anno ho conosciuto molte persone e stretto nuove amicizie, anche grazie ad altre attivit\u00e0 collaterali trasportate tutte online dalla pandemia. Abbiamo anche guadagnato pi\u00f9 tempo per conversare, togliendo di mezzo le difficolt\u00e0 di spostamento (per\u00f2 un bel caff\u00e8 vis-\u00e0-vis mi manca parecchio).<br \/>\n&#8220;Dietro la mascherina&#8221; \u00e8 una storia vera che ho raccolto partendo proprio da quel periodo, seguendola praticamente giorno per giorno lungo quei mesi, scoccando frecce da Cupido per tutta l&#8217;estate, attendendo e sospirando un lieto fine per i protagonisti.<br \/>\nI fatti risalgono a quasi un anno fa oramai, con la prima chiusura nazionale, e poi via via fino all&#8217;epilogo, praticamente lo scorso settembre. Non stavo prendendo appunti, nel mezzo delle nostre attivit\u00e0 mi capitava di chiedere solo &#8220;Come va?&#8221; e l\u00ec iniziavano le nostre lunghe chiacchierate.<\/p>\n<p>Solo quando ho realizzato che comunque le vite di ognuno si erano sistemate positivamente, ho immaginato di poter scrivere questa storia vera. Se un racconto \u00e8 uno sfogo libero della fantasia, dove puoi permetterti di mettere in cattiva luce un personaggio senza ferirne i sentimenti, perch\u00e9 esiste solo sulla carta, con la vita reale non si pu\u00f2. Anche chi non \u00e8 protagonista merita rispetto.<br \/>\nCos\u00ec a settembre, quando tutti ci preparavamo per quella che sembrava una ripartenza della normalit\u00e0, ho chiesto a Marta di condividere la sua esperienza, anche come testimonianza di quanto avevamo passato tutti.<br \/>\n&#8220;Senti, io te la butto l\u00ec, puoi anche dirmi di no. Posso scrivere la tua storia? La vostra storia?&#8221;<\/p>\n<p>Certo non immaginavamo di leggerla sulla rivista ancora immerse in questo caos pandemico. Confidavamo entrambe che questa storia vera potesse rappresentare la fine dell&#8217;uso delle mascherine. Anche se, nel suo caso, la mascherina rimarr\u00e0 un ricordo romantico. \ud83d\ude09<\/p>\n<p>&nbsp;<\/p>\n<h2><span style=\"color: #ff0000;\">Dietro la mascherina in edicola<\/span><\/h2>\n<p><em>&#8220;Che questo fosse un anno particolare lo sapevo, anzi ci speravo, perch\u00e9 doveva essere quello del mio matrimonio.<\/em><br \/>\n<em>Con tre anni di convivenza dopo quattro di relazione, il rapporto con Simone era abbastanza stabile e solido per costruire una famiglia nostra. Durante le feste natalizie, genitori, zii e cugini si erano avvicendati a chiederci cosa stessimo aspettando ancora, cos\u00ec la sera di Capodanno, complice un calice di troppo di spumante, me l&#8217;aveva sussurrato all&#8217;orecchio. &#8220;Sposiamoci&#8221; mi aveva detto Simone con uno sguardo luccicante di passione.<\/em><br \/>\n<em>Avevamo gi\u00e0 visitato un paio di ristoranti rinomati per i pranzi di nozze e stavamo considerando alcune date. Impresa non facile, visto che dovevamo mettere insieme i nostri impegni lavorativi con le date disponibili per la chiesa e per il banchetto, senza dimenticare il viaggio della luna di miele. Ma poi \u00e8 arrivata la chiusura di tutta la nazione e un virus giunto da lontano ha interrotto i nostri progetti.<\/em><br \/>\n<em>Di pi\u00f9, ha sconvolto le nostre vite.&#8221;<\/em><\/p>\n<p>La storia vera continua sul numero 9 di Confidenze in edicola questa settimana, da oggi marted\u00ec 16 febbraio.<br \/>\nSe passate di qui dopo la lettura, fatemi sapere che ne pensate!<br \/>\n&#8230;ho gi\u00e0 ricevuto stamattina presto un vocale urlante di Marta, la protagonista della storia. Stanno tutti bene, benissimo. \ud83d\ude42<\/p>\n<p>&nbsp;<\/p>\n<p><img loading=\"lazy\" decoding=\"async\" class=\"size-full wp-image-23905 aligncenter\" src=\"https:\/\/www.webnauta.it\/wordpress\/wp-content\/uploads\/2021\/02\/Confidenze_09_2021_Businaro.jpg\" alt=\"Confidenze numero 09-2021 - Una storia vera in edicola\" width=\"646\" height=\"485\" srcset=\"https:\/\/www.webnauta.it\/wordpress\/wp-content\/uploads\/2021\/02\/Confidenze_09_2021_Businaro.jpg 646w, https:\/\/www.webnauta.it\/wordpress\/wp-content\/uploads\/2021\/02\/Confidenze_09_2021_Businaro-300x225.jpg 300w\" sizes=\"auto, (max-width: 646px) 100vw, 646px\" \/><\/p>\n","protected":false},"excerpt":{"rendered":"<p>Dopo la precedente esperienza di scrivere una storia vera per Confidenze\u00a0all&#8217;interno dell&#8217;ultima edizione del laboratorio ConfyLab, che ha portato poi alla pubblicazione de &#8220;L&#8217;ultimo sorriso&#8221; in edicola lo scorso giugno, la redazione mi aveva lasciato con la disponibilit\u00e0 di leggere e considerare altre storie vere che avessi proposto loro per la rivista femminile. Sono capace [&hellip;]<\/p>\n","protected":false},"author":1,"featured_media":23906,"comment_status":"open","ping_status":"open","sticky":false,"template":"","format":"standard","meta":{"_monsterinsights_skip_tracking":false,"_monsterinsights_sitenote_active":false,"_monsterinsights_sitenote_note":"","_monsterinsights_sitenote_category":0,"footnotes":""},"categories":[3],"tags":[4185,21,4184],"class_list":["post-23900","post","type-post","status-publish","format-standard","has-post-thumbnail","hentry","category-racconti-poesie","tag-confidenze","tag-racconti","tag-storie-vere"],"yoast_head":"<!-- This site is optimized with the Yoast SEO Premium plugin v26.8 (Yoast SEO v26.8) - https:\/\/yoast.com\/product\/yoast-seo-premium-wordpress\/ -->\n<title>Dietro la mascherina  In edicola su Confidenze - webnauta<\/title>\n<meta name=\"description\" content=\"In edicola su Confidenze, la storia vera Dietro la mascherina raccolta da me durante il primo lockdown...webnauta - navigatore in un oceano di parole\" \/>\n<meta name=\"robots\" content=\"index, follow, max-snippet:-1, max-image-preview:large, max-video-preview:-1\" \/>\n<link rel=\"canonical\" href=\"https:\/\/www.webnauta.it\/wordpress\/confidenze-dietro-la-mascherina\/\" \/>\n<meta property=\"og:locale\" content=\"it_IT\" \/>\n<meta property=\"og:type\" content=\"article\" \/>\n<meta property=\"og:title\" content=\"Dietro la mascherina  In edicola su Confidenze\" \/>\n<meta property=\"og:description\" content=\"In edicola su Confidenze, la storia vera Dietro la mascherina raccolta da me durante il primo lockdown...webnauta - navigatore in un oceano di parole\" \/>\n<meta property=\"og:url\" content=\"https:\/\/www.webnauta.it\/wordpress\/confidenze-dietro-la-mascherina\/\" \/>\n<meta property=\"og:site_name\" content=\"webnauta\" \/>\n<meta property=\"article:publisher\" content=\"http:\/\/www.facebook.com\/barbara.businaro.9\" \/>\n<meta property=\"article:author\" content=\"http:\/\/www.facebook.com\/barbara.businaro.9\" \/>\n<meta property=\"article:published_time\" content=\"2021-02-16T07:50:56+00:00\" \/>\n<meta property=\"og:image\" content=\"https:\/\/www.webnauta.it\/wordpress\/wp-content\/uploads\/2021\/02\/Confidenze_09_2021_Dietro_la_mascherina_Businaro_small.jpg\" \/>\n\t<meta property=\"og:image:width\" content=\"646\" \/>\n\t<meta property=\"og:image:height\" content=\"485\" \/>\n\t<meta property=\"og:image:type\" content=\"image\/jpeg\" \/>\n<meta name=\"author\" content=\"Barbara Businaro\" \/>\n<meta name=\"twitter:card\" content=\"summary_large_image\" \/>\n<meta name=\"twitter:creator\" content=\"@barbarawebnauta\" \/>\n<meta name=\"twitter:site\" content=\"@barbarawebnauta\" \/>\n<meta name=\"twitter:label1\" content=\"Scritto da\" \/>\n\t<meta name=\"twitter:data1\" content=\"Barbara Businaro\" \/>\n\t<meta name=\"twitter:label2\" content=\"Tempo di lettura stimato\" \/>\n\t<meta name=\"twitter:data2\" content=\"6 minuti\" \/>\n<script type=\"application\/ld+json\" class=\"yoast-schema-graph\">{\"@context\":\"https:\/\/schema.org\",\"@graph\":[{\"@type\":\"Article\",\"@id\":\"https:\/\/www.webnauta.it\/wordpress\/confidenze-dietro-la-mascherina\/#article\",\"isPartOf\":{\"@id\":\"https:\/\/www.webnauta.it\/wordpress\/confidenze-dietro-la-mascherina\/\"},\"author\":{\"name\":\"Barbara Businaro\",\"@id\":\"https:\/\/www.webnauta.it\/wordpress\/#\/schema\/person\/9a1f7a6e3b52bbe5b9d265d2d671d1a1\"},\"headline\":\"Dietro la mascherina In edicola su Confidenze\",\"datePublished\":\"2021-02-16T07:50:56+00:00\",\"mainEntityOfPage\":{\"@id\":\"https:\/\/www.webnauta.it\/wordpress\/confidenze-dietro-la-mascherina\/\"},\"wordCount\":1180,\"commentCount\":23,\"publisher\":{\"@id\":\"https:\/\/www.webnauta.it\/wordpress\/#\/schema\/person\/9a1f7a6e3b52bbe5b9d265d2d671d1a1\"},\"image\":{\"@id\":\"https:\/\/www.webnauta.it\/wordpress\/confidenze-dietro-la-mascherina\/#primaryimage\"},\"thumbnailUrl\":\"https:\/\/www.webnauta.it\/wordpress\/wp-content\/uploads\/2021\/02\/Confidenze_09_2021_Dietro_la_mascherina_Businaro_small.jpg\",\"keywords\":[\"Confidenze\",\"racconti\",\"storie vere\"],\"articleSection\":[\"Racconti e poesie\"],\"inLanguage\":\"it-IT\",\"potentialAction\":[{\"@type\":\"CommentAction\",\"name\":\"Comment\",\"target\":[\"https:\/\/www.webnauta.it\/wordpress\/confidenze-dietro-la-mascherina\/#respond\"]}]},{\"@type\":\"WebPage\",\"@id\":\"https:\/\/www.webnauta.it\/wordpress\/confidenze-dietro-la-mascherina\/\",\"url\":\"https:\/\/www.webnauta.it\/wordpress\/confidenze-dietro-la-mascherina\/\",\"name\":\"Dietro la mascherina In edicola su Confidenze - webnauta\",\"isPartOf\":{\"@id\":\"https:\/\/www.webnauta.it\/wordpress\/#website\"},\"primaryImageOfPage\":{\"@id\":\"https:\/\/www.webnauta.it\/wordpress\/confidenze-dietro-la-mascherina\/#primaryimage\"},\"image\":{\"@id\":\"https:\/\/www.webnauta.it\/wordpress\/confidenze-dietro-la-mascherina\/#primaryimage\"},\"thumbnailUrl\":\"https:\/\/www.webnauta.it\/wordpress\/wp-content\/uploads\/2021\/02\/Confidenze_09_2021_Dietro_la_mascherina_Businaro_small.jpg\",\"datePublished\":\"2021-02-16T07:50:56+00:00\",\"description\":\"In edicola su Confidenze, la storia vera Dietro la mascherina raccolta da me durante il primo lockdown...webnauta - navigatore in un oceano di parole\",\"breadcrumb\":{\"@id\":\"https:\/\/www.webnauta.it\/wordpress\/confidenze-dietro-la-mascherina\/#breadcrumb\"},\"inLanguage\":\"it-IT\",\"potentialAction\":[{\"@type\":\"ReadAction\",\"target\":[\"https:\/\/www.webnauta.it\/wordpress\/confidenze-dietro-la-mascherina\/\"]}]},{\"@type\":\"ImageObject\",\"inLanguage\":\"it-IT\",\"@id\":\"https:\/\/www.webnauta.it\/wordpress\/confidenze-dietro-la-mascherina\/#primaryimage\",\"url\":\"https:\/\/www.webnauta.it\/wordpress\/wp-content\/uploads\/2021\/02\/Confidenze_09_2021_Dietro_la_mascherina_Businaro_small.jpg\",\"contentUrl\":\"https:\/\/www.webnauta.it\/wordpress\/wp-content\/uploads\/2021\/02\/Confidenze_09_2021_Dietro_la_mascherina_Businaro_small.jpg\",\"width\":646,\"height\":485,\"caption\":\"Confidenze numero 09-2021 - Dietro la mascherina - Storia vera di Marta L. Raccolta da Barbara Businaro\"},{\"@type\":\"BreadcrumbList\",\"@id\":\"https:\/\/www.webnauta.it\/wordpress\/confidenze-dietro-la-mascherina\/#breadcrumb\",\"itemListElement\":[{\"@type\":\"ListItem\",\"position\":1,\"name\":\"Home\",\"item\":\"https:\/\/www.webnauta.it\/wordpress\/\"},{\"@type\":\"ListItem\",\"position\":2,\"name\":\"Dietro la mascherina In edicola su Confidenze\"}]},{\"@type\":\"WebSite\",\"@id\":\"https:\/\/www.webnauta.it\/wordpress\/#website\",\"url\":\"https:\/\/www.webnauta.it\/wordpress\/\",\"name\":\"webnauta\",\"description\":\"navigatore in un oceano di parole\",\"publisher\":{\"@id\":\"https:\/\/www.webnauta.it\/wordpress\/#\/schema\/person\/9a1f7a6e3b52bbe5b9d265d2d671d1a1\"},\"potentialAction\":[{\"@type\":\"SearchAction\",\"target\":{\"@type\":\"EntryPoint\",\"urlTemplate\":\"https:\/\/www.webnauta.it\/wordpress\/?s={search_term_string}\"},\"query-input\":{\"@type\":\"PropertyValueSpecification\",\"valueRequired\":true,\"valueName\":\"search_term_string\"}}],\"inLanguage\":\"it-IT\"},{\"@type\":[\"Person\",\"Organization\"],\"@id\":\"https:\/\/www.webnauta.it\/wordpress\/#\/schema\/person\/9a1f7a6e3b52bbe5b9d265d2d671d1a1\",\"name\":\"Barbara Businaro\",\"image\":{\"@type\":\"ImageObject\",\"inLanguage\":\"it-IT\",\"@id\":\"https:\/\/www.webnauta.it\/wordpress\/#\/schema\/person\/image\/\",\"url\":\"https:\/\/www.webnauta.it\/wordpress\/wp-content\/uploads\/2020\/02\/BarbaraBusinaro2020_rounded.png\",\"contentUrl\":\"https:\/\/www.webnauta.it\/wordpress\/wp-content\/uploads\/2020\/02\/BarbaraBusinaro2020_rounded.png\",\"width\":500,\"height\":512,\"caption\":\"Barbara Businaro\"},\"logo\":{\"@id\":\"https:\/\/www.webnauta.it\/wordpress\/#\/schema\/person\/image\/\"},\"description\":\"webnauta.it \u2022 Blog personale di Barbara Businaro \u2022 Scrivo, tra una tempesta e l''altra. Chiunque pu\u00f2 tenere il timone quando il mare \u00e8 calmo.\",\"sameAs\":[\"http:\/\/www.webnauta.it\",\"http:\/\/www.facebook.com\/barbara.businaro.9\",\"https:\/\/www.instagram.com\/barbarawebnauta\/\",\"https:\/\/x.com\/barbarawebnauta\"],\"url\":\"https:\/\/www.webnauta.it\/wordpress\/author\/maxadmin\/\"}]}<\/script>\n<!-- \/ Yoast SEO Premium plugin. -->","yoast_head_json":{"title":"Dietro la mascherina  In edicola su Confidenze - webnauta","description":"In edicola su Confidenze, la storia vera Dietro la mascherina raccolta da me durante il primo lockdown...webnauta - navigatore in un oceano di parole","robots":{"index":"index","follow":"follow","max-snippet":"max-snippet:-1","max-image-preview":"max-image-preview:large","max-video-preview":"max-video-preview:-1"},"canonical":"https:\/\/www.webnauta.it\/wordpress\/confidenze-dietro-la-mascherina\/","og_locale":"it_IT","og_type":"article","og_title":"Dietro la mascherina  In edicola su Confidenze","og_description":"In edicola su Confidenze, la storia vera Dietro la mascherina raccolta da me durante il primo lockdown...webnauta - navigatore in un oceano di parole","og_url":"https:\/\/www.webnauta.it\/wordpress\/confidenze-dietro-la-mascherina\/","og_site_name":"webnauta","article_publisher":"http:\/\/www.facebook.com\/barbara.businaro.9","article_author":"http:\/\/www.facebook.com\/barbara.businaro.9","article_published_time":"2021-02-16T07:50:56+00:00","og_image":[{"width":646,"height":485,"url":"https:\/\/www.webnauta.it\/wordpress\/wp-content\/uploads\/2021\/02\/Confidenze_09_2021_Dietro_la_mascherina_Businaro_small.jpg","type":"image\/jpeg"}],"author":"Barbara Businaro","twitter_card":"summary_large_image","twitter_creator":"@barbarawebnauta","twitter_site":"@barbarawebnauta","twitter_misc":{"Scritto da":"Barbara Businaro","Tempo di lettura stimato":"6 minuti"},"schema":{"@context":"https:\/\/schema.org","@graph":[{"@type":"Article","@id":"https:\/\/www.webnauta.it\/wordpress\/confidenze-dietro-la-mascherina\/#article","isPartOf":{"@id":"https:\/\/www.webnauta.it\/wordpress\/confidenze-dietro-la-mascherina\/"},"author":{"name":"Barbara Businaro","@id":"https:\/\/www.webnauta.it\/wordpress\/#\/schema\/person\/9a1f7a6e3b52bbe5b9d265d2d671d1a1"},"headline":"Dietro la mascherina In edicola su Confidenze","datePublished":"2021-02-16T07:50:56+00:00","mainEntityOfPage":{"@id":"https:\/\/www.webnauta.it\/wordpress\/confidenze-dietro-la-mascherina\/"},"wordCount":1180,"commentCount":23,"publisher":{"@id":"https:\/\/www.webnauta.it\/wordpress\/#\/schema\/person\/9a1f7a6e3b52bbe5b9d265d2d671d1a1"},"image":{"@id":"https:\/\/www.webnauta.it\/wordpress\/confidenze-dietro-la-mascherina\/#primaryimage"},"thumbnailUrl":"https:\/\/www.webnauta.it\/wordpress\/wp-content\/uploads\/2021\/02\/Confidenze_09_2021_Dietro_la_mascherina_Businaro_small.jpg","keywords":["Confidenze","racconti","storie vere"],"articleSection":["Racconti e poesie"],"inLanguage":"it-IT","potentialAction":[{"@type":"CommentAction","name":"Comment","target":["https:\/\/www.webnauta.it\/wordpress\/confidenze-dietro-la-mascherina\/#respond"]}]},{"@type":"WebPage","@id":"https:\/\/www.webnauta.it\/wordpress\/confidenze-dietro-la-mascherina\/","url":"https:\/\/www.webnauta.it\/wordpress\/confidenze-dietro-la-mascherina\/","name":"Dietro la mascherina In edicola su Confidenze - webnauta","isPartOf":{"@id":"https:\/\/www.webnauta.it\/wordpress\/#website"},"primaryImageOfPage":{"@id":"https:\/\/www.webnauta.it\/wordpress\/confidenze-dietro-la-mascherina\/#primaryimage"},"image":{"@id":"https:\/\/www.webnauta.it\/wordpress\/confidenze-dietro-la-mascherina\/#primaryimage"},"thumbnailUrl":"https:\/\/www.webnauta.it\/wordpress\/wp-content\/uploads\/2021\/02\/Confidenze_09_2021_Dietro_la_mascherina_Businaro_small.jpg","datePublished":"2021-02-16T07:50:56+00:00","description":"In edicola su Confidenze, la storia vera Dietro la mascherina raccolta da me durante il primo lockdown...webnauta - navigatore in un oceano di parole","breadcrumb":{"@id":"https:\/\/www.webnauta.it\/wordpress\/confidenze-dietro-la-mascherina\/#breadcrumb"},"inLanguage":"it-IT","potentialAction":[{"@type":"ReadAction","target":["https:\/\/www.webnauta.it\/wordpress\/confidenze-dietro-la-mascherina\/"]}]},{"@type":"ImageObject","inLanguage":"it-IT","@id":"https:\/\/www.webnauta.it\/wordpress\/confidenze-dietro-la-mascherina\/#primaryimage","url":"https:\/\/www.webnauta.it\/wordpress\/wp-content\/uploads\/2021\/02\/Confidenze_09_2021_Dietro_la_mascherina_Businaro_small.jpg","contentUrl":"https:\/\/www.webnauta.it\/wordpress\/wp-content\/uploads\/2021\/02\/Confidenze_09_2021_Dietro_la_mascherina_Businaro_small.jpg","width":646,"height":485,"caption":"Confidenze numero 09-2021 - Dietro la mascherina - Storia vera di Marta L. Raccolta da Barbara Businaro"},{"@type":"BreadcrumbList","@id":"https:\/\/www.webnauta.it\/wordpress\/confidenze-dietro-la-mascherina\/#breadcrumb","itemListElement":[{"@type":"ListItem","position":1,"name":"Home","item":"https:\/\/www.webnauta.it\/wordpress\/"},{"@type":"ListItem","position":2,"name":"Dietro la mascherina In edicola su Confidenze"}]},{"@type":"WebSite","@id":"https:\/\/www.webnauta.it\/wordpress\/#website","url":"https:\/\/www.webnauta.it\/wordpress\/","name":"webnauta","description":"navigatore in un oceano di parole","publisher":{"@id":"https:\/\/www.webnauta.it\/wordpress\/#\/schema\/person\/9a1f7a6e3b52bbe5b9d265d2d671d1a1"},"potentialAction":[{"@type":"SearchAction","target":{"@type":"EntryPoint","urlTemplate":"https:\/\/www.webnauta.it\/wordpress\/?s={search_term_string}"},"query-input":{"@type":"PropertyValueSpecification","valueRequired":true,"valueName":"search_term_string"}}],"inLanguage":"it-IT"},{"@type":["Person","Organization"],"@id":"https:\/\/www.webnauta.it\/wordpress\/#\/schema\/person\/9a1f7a6e3b52bbe5b9d265d2d671d1a1","name":"Barbara Businaro","image":{"@type":"ImageObject","inLanguage":"it-IT","@id":"https:\/\/www.webnauta.it\/wordpress\/#\/schema\/person\/image\/","url":"https:\/\/www.webnauta.it\/wordpress\/wp-content\/uploads\/2020\/02\/BarbaraBusinaro2020_rounded.png","contentUrl":"https:\/\/www.webnauta.it\/wordpress\/wp-content\/uploads\/2020\/02\/BarbaraBusinaro2020_rounded.png","width":500,"height":512,"caption":"Barbara Businaro"},"logo":{"@id":"https:\/\/www.webnauta.it\/wordpress\/#\/schema\/person\/image\/"},"description":"webnauta.it \u2022 Blog personale di Barbara Businaro \u2022 Scrivo, tra una tempesta e l''altra. Chiunque pu\u00f2 tenere il timone quando il mare \u00e8 calmo.","sameAs":["http:\/\/www.webnauta.it","http:\/\/www.facebook.com\/barbara.businaro.9","https:\/\/www.instagram.com\/barbarawebnauta\/","https:\/\/x.com\/barbarawebnauta"],"url":"https:\/\/www.webnauta.it\/wordpress\/author\/maxadmin\/"}]}},"_links":{"self":[{"href":"https:\/\/www.webnauta.it\/wordpress\/wp-json\/wp\/v2\/posts\/23900","targetHints":{"allow":["GET"]}}],"collection":[{"href":"https:\/\/www.webnauta.it\/wordpress\/wp-json\/wp\/v2\/posts"}],"about":[{"href":"https:\/\/www.webnauta.it\/wordpress\/wp-json\/wp\/v2\/types\/post"}],"author":[{"embeddable":true,"href":"https:\/\/www.webnauta.it\/wordpress\/wp-json\/wp\/v2\/users\/1"}],"replies":[{"embeddable":true,"href":"https:\/\/www.webnauta.it\/wordpress\/wp-json\/wp\/v2\/comments?post=23900"}],"version-history":[{"count":3,"href":"https:\/\/www.webnauta.it\/wordpress\/wp-json\/wp\/v2\/posts\/23900\/revisions"}],"predecessor-version":[{"id":24590,"href":"https:\/\/www.webnauta.it\/wordpress\/wp-json\/wp\/v2\/posts\/23900\/revisions\/24590"}],"wp:featuredmedia":[{"embeddable":true,"href":"https:\/\/www.webnauta.it\/wordpress\/wp-json\/wp\/v2\/media\/23906"}],"wp:attachment":[{"href":"https:\/\/www.webnauta.it\/wordpress\/wp-json\/wp\/v2\/media?parent=23900"}],"wp:term":[{"taxonomy":"category","embeddable":true,"href":"https:\/\/www.webnauta.it\/wordpress\/wp-json\/wp\/v2\/categories?post=23900"},{"taxonomy":"post_tag","embeddable":true,"href":"https:\/\/www.webnauta.it\/wordpress\/wp-json\/wp\/v2\/tags?post=23900"}],"curies":[{"name":"wp","href":"https:\/\/api.w.org\/{rel}","templated":true}]}}