{"id":14184,"date":"2018-09-13T06:00:19","date_gmt":"2018-09-13T04:00:19","guid":{"rendered":"https:\/\/www.webnauta.it\/wordpress\/?p=14184"},"modified":"2021-01-06T16:35:30","modified_gmt":"2021-01-06T15:35:30","slug":"racconti-da-spiaggia-chi-vince-la-sfida","status":"publish","type":"post","link":"https:\/\/www.webnauta.it\/wordpress\/racconti-da-spiaggia-chi-vince-la-sfida\/","title":{"rendered":"Racconti da spiaggia, chi vince la sfida?"},"content":{"rendered":"<p>Ebbene si, siamo giunti al gran finale di stagione!<br \/>\nDopo ben tre mesi, <span style=\"color: #007add;\"><strong>il contest Racconti da spiaggia oggi si chiude e proclamiamo i vincitori sul podio.<\/strong><\/span> Non \u00e8 stato affatto semplice, con ben 16 racconti in gara e tutti di ottimo livello: i nostri giudici Daniela, Alessandro, Simona e mozzo Federico, dopo una lunga battaglia senza esclusione di colpi (e stelline), sono faticosamente giunti ad un accordo.<\/p>\n<p><em>&#8220;Si dai ragazzi, il cannone \u00e8 scarico, tranquilli. Questa \u00e8 la lista dei vincitori? Bravi, cos\u00ec mi piace.&#8221;<\/em><\/p>\n<p>Al contest precedente, in occasione del primo compleanno del blog, i giudici avevano un solo premio da assegnare al racconto migliore, ma i testi pervenuti erano cos\u00ec buoni che all&#8217;ultimo minuto decidemmo di conferire delle menzioni speciali per il secondo e terzo classificato. Potete leggere qui come termin\u00f2 quel contest: <a href=\"https:\/\/www.webnauta.it\/wordpress\/vincitore-contest-primo-compleanno\/\" target=\"_blank\" rel=\"noopener noreferrer\"><em>Un compleanno e un vincitore<\/em><\/a><\/p>\n<p>Memori di quell&#8217;esperienza, <span style=\"color: #007add;\"><strong>questa volta abbiamo messo in palio tre premi distinti,<\/strong><\/span> impegnandoci anche per un primo premio in denaro, con una gift card libraria (nei limiti concessi dalla legge per non rientrare in una manifestazione a premi, che mi ci manca solo il Notaio da tenere a bada&#8230; quattro giudici sono pi\u00f9 che sufficienti, garantisco! \ud83d\ude00 )<br \/>\nTre premi per i tre mesi di apertura del contest, da giugno a settembre. Tre premi per dare l&#8217;occasione anche ai giovanissimi scrittori, in vacanza dalle scuole, di concorrere con un&#8217;attivit\u00e0 divertente ma interessante. Tre premi che avrebbero dovuto facilitare il compito ai giudici, mettendoli d&#8217;accordo su almeno tre vincitori diversi, come i loro gusti.<br \/>\nE invece \u00e8 stata durissima lo stesso.<\/p>\n<p><em>&#8220;Ognuno di noi dovrebbe valutare il testo come valuterebbe un libro letto nella normalit\u00e0 della propria vita da lettore. Se tu prediligi una cosa diversa \u00e8 giusto che valuti per quella cosa.&#8221;<\/em><\/p>\n<p><em>&#8220;Per quello la giuria \u00e8 plurima e variegata. Mi piace anche chi, con un racconto breve, ben scritto, ha lasciato un languore nel mio cuore. Non \u00e8 mica sempre una questione di lunghezza.&#8221;<\/em><\/p>\n<p><em>&#8220;Io propongo di dare le stelline, da 0 a 5, ai racconti che leggiamo, da sommare a quelle date dagli altri concorrenti.&#8221;<\/em><\/p>\n<p><em>&#8220;E alla fine chiamiamo Alessandro Borghese. Ma ricordate: il suo voto potr\u00e0 confermare o ribaltare il risultato&#8230;&#8221;<\/em><\/p>\n<p><em>&#8220;No, no, devo essere pi\u00f9 cerebrale. Se continuo cos\u00ec regalo stelline a tutti, chi per un motivo chi per un altro!&#8221;<\/em><\/p>\n<p><em>&#8220;&#8230;ma volete anche il Golden Buzzer la prossima volta?!&#8221;<\/em><\/p>\n<p><!--more--><\/p>\n<p>&nbsp;<\/p>\n<h2><span style=\"color: #007add;\">Le Parole Coordinate e le Parole Impreviste<\/span><\/h2>\n<p>Le regole per la partecipazione erano poche, ma semplici: scrivere un racconto breve (max 10.000 caratteri, spazi inclusi) o una poesia, che contenessero le Parole Coordinate per tracciare la rotta di navigazione, iscriversi alla newsletter per ricevere le Parole Impreviste, inviare il racconto o pubblicarlo sul proprio blog entro le ore 24 del 10 settembre 2018. Le avevamo scritte tutte qui:\u00a0<a href=\"https:\/\/www.webnauta.it\/wordpress\/racconti-da-spiaggia-contest\/\" target=\"_blank\" rel=\"noopener noreferrer\"><em>Racconti da spiaggia, un contest letterario per l\u2019estate!<\/em><\/a><\/p>\n<p>Queste erano le Parole Coordinate da rispettare:<\/p>\n<blockquote><p>Ondivago &#8211; Bardo &#8211; Clafoutis &#8211; Brillante<\/p><\/blockquote>\n<p>e queste le Parole Impreviste inviate nel mese di luglio, in due date casuali (e agli iscritti successivamente su richiesta):<\/p>\n<blockquote><p>ENTROPIA &#8211; ADAMANTINO<\/p><\/blockquote>\n<p>Non era necessario che le parole fossero in questo ordine nel testo, su questo abbiamo dato massima libert\u00e0. E tutte le parole potevano essere intese in uno dei loro diversi significati, ove ne esistano pi\u00f9 d&#8217;uno.<br \/>\nSi trattava quindi di scrivere una storia lasciandosi ispirare da una matrice di prompt, di cui avevamo parlato qui: <a href=\"http:\/\/www.webnauta.it\/wordpress\/scrittura-matrici-di-prompt\/\" target=\"_blank\" rel=\"noopener noreferrer\"><em>Che cosa sono le Matrici di prompt<\/em>\u00a0<\/a><\/p>\n<p>Abbiamo avuto <span style=\"color: #007add;\"><strong>una maggior partecipazione da parte di scrittori non blogger,<\/strong><\/span> forse perch\u00e9 dal primo contest i numeri di webnauta sono triplicati almeno e quindi raggiungiamo molte pi\u00f9 persone che scrivono, ma non si pubblicizzano con un sito personale. Tra l&#8217;altro molti blogger entrano in pausa d&#8217;estate e questo anzich\u00e9 giovare alla loro partecipazione, li ha fatti perdere un po&#8217; per strada, o per mare. Il sacro fuoco della scrittura non va d&#8217;accordo con la calura d&#8217;agosto.<br \/>\nContrariamente alle nostre aspettative, abbiamo avuto <span style=\"color: #007add;\"><strong>pochissimi concorrenti tra i ragazzi,<\/strong><\/span> nonostante ben tre mesi per elaborare uno scritto, quando in classe hanno solo poche ore per un tema d&#8217;Italiano, non sempre a scelta libera. Svogliatezza estiva anche per loro? L&#8217;autorizzazione dei genitori, d&#8217;obbligo per i minorenni, li ha messi in difficolt\u00e0? Intimoriti dal gareggiare con scrittori adulti?<br \/>\nIn ogni caso, siamo molto soddisfatti delle belle storie che tutti hanno inviato.<\/p>\n<p>Ecco la lista dei sedici magnifici racconti in gara, in ordine di arrivo, se volete rileggerli tutti:<\/p>\n<ol>\n<li><a href=\"https:\/\/newwhitebear.wordpress.com\/2018\/08\/05\/disegna-la-tua-storia-contest-di-webnauta-una-storia-da-spiaggia-1\/\" target=\"_blank\" rel=\"noopener noreferrer\"><em>Disegna la tua storia \u2013 Contest di webnauta \u2013 una storia da spiaggia -1<\/em><\/a> di <strong>Gian Paolo Marcolongo<\/strong> dal suo\u00a0<a href=\"https:\/\/newwhitebear.wordpress.com\/2018\/08\/05\/disegna-la-tua-storia-contest-di-webnauta-una-storia-da-spiaggia-1\/\" target=\"_blank\" rel=\"noopener noreferrer\"><em>newwhitebear&#8217;s Blog<\/em><\/a><\/li>\n<li><a href=\"http:\/\/www.nadiabanaudi.it\/la-scelta-di-clarisse-il-mio-racconto-da-spiaggia-del-contest-di-webnauta-per-lestate\" target=\"_blank\" rel=\"noopener noreferrer\"><em>La scelta di Clarisse. Il mio racconto da spiaggia del contest di Webnauta per l\u2019estate<\/em><\/a> di <strong>Nadia Banaudi<\/strong> dal suo blog <a href=\"http:\/\/www.nadiabanaudi.it\/la-scelta-di-clarisse-il-mio-racconto-da-spiaggia-del-contest-di-webnauta-per-lestate\" target=\"_blank\" rel=\"noopener noreferrer\"><em>svolazzi e scritture<\/em><\/a><\/li>\n<li><a href=\"https:\/\/retroblog.dariustred.it\/le-leggende-di-annecy\/\" target=\"_blank\" rel=\"noopener noreferrer\"><em>Le leggende di Annecy<\/em><\/a> di <strong>Darius Tred<\/strong> dal suo <a href=\"https:\/\/retroblog.dariustred.it\/le-leggende-di-annecy\/\" target=\"_blank\" rel=\"noopener noreferrer\"><em>Darius Tred Retro Blog<\/em><\/a><\/li>\n<li><a href=\"https:\/\/www.elenaferro.it\/bernardo-da-limoges\/\" target=\"_blank\" rel=\"noopener noreferrer\"><em>Bernardo da Limoges<\/em><\/a> di <strong>Elena Ferro<\/strong> dal suo blog <a href=\"https:\/\/www.elenaferro.it\/bernardo-da-limoges\/\" target=\"_blank\" rel=\"noopener noreferrer\"><em>Volpi che camminano sul ghiaccio<\/em><\/a><\/li>\n<li><a href=\"https:\/\/www.webnauta.it\/wordpress\/racconti-contest-2018\/#fermarsiallovvio\" target=\"_blank\" rel=\"noopener noreferrer\"><em>Fermarsi all&#8217;ovvio<\/em><\/a> di <strong>Vecchio viaggiatore di panchine<\/strong><\/li>\n<li><a href=\"https:\/\/animadicarta.blogspot.com\/2018\/08\/come-bonnie-e-clyde-racconto-noir.html\" target=\"_blank\" rel=\"noopener noreferrer\"><em>Come Bonnie e Clyde<\/em><\/a> di <strong>Maria Teresa Steri<\/strong> dal suo blog <a href=\"https:\/\/animadicarta.blogspot.com\/2018\/08\/come-bonnie-e-clyde-racconto-noir.html\" target=\"_blank\" rel=\"noopener noreferrer\"><em>Anima di carta<\/em><\/a><\/li>\n<li><a href=\"https:\/\/www.webnauta.it\/wordpress\/racconti-contest-2018\/#bardo\" target=\"_blank\" rel=\"noopener noreferrer\"><em>Il Bardo<\/em><\/a> di <strong>Daniel Cutroth<\/strong><\/li>\n<li><a href=\"https:\/\/liberamentegiulia.blogspot.com\/2018\/09\/il-mio-racconto-da-spiaggia.html\" target=\"_blank\" rel=\"noopener noreferrer\"><em>Luce d&#8217;estate<\/em><\/a> di <strong>Giulia Mancini<\/strong> dal suo blog <a href=\"https:\/\/liberamentegiulia.blogspot.com\/2018\/09\/il-mio-racconto-da-spiaggia.html\" target=\"_blank\" rel=\"noopener noreferrer\"><em>Liberamente Giulia<\/em><\/a><\/li>\n<li><a href=\"http:\/\/scriverelavita.altervista.org\/schema-libero-racconto\" target=\"_blank\" rel=\"noopener noreferrer\"><em>Schema libero<\/em><\/a> di <strong>Rosalia Pucci<\/strong> dal suo blog <a href=\"http:\/\/scriverelavita.altervista.org\/schema-libero-racconto\" target=\"_blank\" rel=\"noopener noreferrer\"><em>Scrivere la vita<\/em><\/a><\/li>\n<li><a href=\"https:\/\/www.webnauta.it\/wordpress\/racconti-contest-2018\/#ossian\" target=\"_blank\" rel=\"noopener noreferrer\"><em>Il sonno di Ossian<\/em><\/a> di <strong>Agata Minucci<\/strong><\/li>\n<li><a href=\"https:\/\/www.webnauta.it\/wordpress\/racconti-contest-2018\/#distopia\" target=\"_blank\" rel=\"noopener noreferrer\"><em>Distopia paradossale<\/em><\/a> di <strong>Calogero Salvaggio<\/strong><\/li>\n<li><a href=\"https:\/\/www.webnauta.it\/wordpress\/racconti-contest-2018\/#caldo\" target=\"_blank\" rel=\"noopener noreferrer\"><em>Settembre caldo<\/em><\/a> di <strong>Minnie<\/strong><\/li>\n<li><a href=\"https:\/\/www.webnauta.it\/wordpress\/racconti-contest-2018\/#tormenta\" target=\"_blank\" rel=\"noopener noreferrer\"><em>La tormenta<\/em><\/a> di <strong>Filippo Ferraretto<\/strong><\/li>\n<li><a href=\"https:\/\/www.webnauta.it\/wordpress\/racconti-contest-2018\/#colonia\" target=\"_blank\" rel=\"noopener noreferrer\"><em>Colonia estiva: il racconto di una prigionia<\/em><\/a> di <strong>Marco Bottaro<\/strong><\/li>\n<li><a href=\"https:\/\/www.webnauta.it\/wordpress\/racconti-contest-2018\/#crudele\" target=\"_blank\" rel=\"noopener noreferrer\"><em>La fine di una crudele<\/em><\/a> di <strong>Riccardo Moncada<\/strong><\/li>\n<li><a href=\"https:\/\/www.webnauta.it\/wordpress\/racconti-contest-2018\/#gattobardo\" target=\"_blank\" rel=\"noopener noreferrer\"><em>Il Gatto Bardo<\/em><\/a> di <strong>Lucia Filetti<\/strong><\/li>\n<\/ol>\n<p>&nbsp;<\/p>\n<h2><span style=\"color: #007add;\">E i vincitori sono&#8230;<\/span><\/h2>\n<p>I signori giudici avevano a disposizione un voto da 1 a 5 stelle per ogni racconto. C&#8217;\u00e8 chi ha valutato lo stile, il linguaggio, la struttura, i dialoghi della storia, in maniera minuziosa, e chi ha invece deciso di lasciarsi andare all&#8217;emozione, di esprimere con un voto quanto quel testo gli aveva suscitato dentro, senza guardare la trama, il genere, la lunghezza dello scritto. Un po&#8217; come i libri: non sempre sappiamo perch\u00e9 proprio quel libro l\u00ec ci \u00e8 entrato nel cuore, contro ogni aspettativa. Alla fine non hanno tenuto conto solo del totale finale delle stelline ricevute da ognuno, ma anche della variabilit\u00e0 dei loro giudizi: chi riusciva a metterli d&#8217;accordo nonostante i loro gusti diversissimi.<br \/>\nEcco dunque i tre vincitori:<\/p>\n<h3 style=\"text-align: center;\"><span style=\"color: #007add;\">3\u00b0 classificato: il cappellino del Mozzo<\/span><\/h3>\n<h3 style=\"text-align: center;\"><span style=\"color: #007add;\"><a style=\"color: #007add;\" href=\"https:\/\/retroblog.dariustred.it\/le-leggende-di-annecy\/\" target=\"_blank\" rel=\"noopener noreferrer\"><em>Le leggende di Annecy<\/em><\/a> di <strong>Darius Tred<\/strong> dal suo <a style=\"color: #007add;\" href=\"https:\/\/retroblog.dariustred.it\/le-leggende-di-annecy\/\" target=\"_blank\" rel=\"noopener noreferrer\"><em>Darius Tred Retro Blog<\/em><\/a><\/span><\/h3>\n<p><a href=\"http:\/\/www.webnauta.it\/wordpress\/wp-content\/uploads\/2018\/06\/cappellino-webnauta.png\"><img loading=\"lazy\" decoding=\"async\" class=\" wp-image-13023 aligncenter\" src=\"http:\/\/www.webnauta.it\/wordpress\/wp-content\/uploads\/2018\/06\/cappellino-webnauta.png\" alt=\"Racconti da spiaggia - Terzo premio: cappellino webnauta\" width=\"377\" height=\"315\" srcset=\"https:\/\/www.webnauta.it\/wordpress\/wp-content\/uploads\/2018\/06\/cappellino-webnauta.png 432w, https:\/\/www.webnauta.it\/wordpress\/wp-content\/uploads\/2018\/06\/cappellino-webnauta-300x251.png 300w\" sizes=\"auto, (max-width: 377px) 100vw, 377px\" \/><\/a><\/p>\n<h3 style=\"text-align: center;\"><span style=\"color: #007add;\">2\u00b0 classificato: la tazza del Navigatore<\/span><\/h3>\n<h3 style=\"text-align: center;\"><a href=\"https:\/\/animadicarta.blogspot.com\/2018\/08\/come-bonnie-e-clyde-racconto-noir.html\" target=\"_blank\" rel=\"noopener noreferrer\"><em><span style=\"color: #007add;\">Come Bonnie e Clyde<\/span><\/em><\/a><span style=\"color: #007add;\"> di <strong>Maria Teresa Steri<\/strong> dal suo blog <a style=\"color: #007add;\" href=\"https:\/\/animadicarta.blogspot.com\/2018\/08\/come-bonnie-e-clyde-racconto-noir.html\" target=\"_blank\" rel=\"noopener noreferrer\"><em>Anima di carta<\/em><\/a><\/span><\/h3>\n<p><a href=\"http:\/\/www.webnauta.it\/wordpress\/wp-content\/uploads\/2018\/06\/tazza-webnauta.png\"><img loading=\"lazy\" decoding=\"async\" class=\" wp-image-13026 aligncenter\" src=\"http:\/\/www.webnauta.it\/wordpress\/wp-content\/uploads\/2018\/06\/tazza-webnauta.png\" alt=\"Racconti da spiaggia - Secondo premio: tazza webnauta\" width=\"390\" height=\"268\" srcset=\"https:\/\/www.webnauta.it\/wordpress\/wp-content\/uploads\/2018\/06\/tazza-webnauta.png 657w, https:\/\/www.webnauta.it\/wordpress\/wp-content\/uploads\/2018\/06\/tazza-webnauta-300x206.png 300w\" sizes=\"auto, (max-width: 390px) 100vw, 390px\" \/><\/a><\/p>\n<h3 style=\"text-align: center;\"><span style=\"color: #ff0000;\">1\u00b0 classificato: gift card di Libri<\/span><\/h3>\n<h3 style=\"text-align: center;\"><span style=\"color: #ff0000;\"><a style=\"color: #ff0000;\" href=\"https:\/\/www.webnauta.it\/wordpress\/racconti-contest-2018\/#tormenta\" target=\"_blank\" rel=\"noopener noreferrer\"><em>La tormenta<\/em><\/a> di <strong>Filippo Ferraretto<\/strong><\/span><a href=\"http:\/\/www.webnauta.it\/wordpress\/wp-content\/uploads\/2018\/06\/gift_card_20.png\"><img loading=\"lazy\" decoding=\"async\" class=\" wp-image-13025 aligncenter\" src=\"http:\/\/www.webnauta.it\/wordpress\/wp-content\/uploads\/2018\/06\/gift_card_20.png\" alt=\"Racconti da spiaggia - Primo premio: gift card da 20 euro\" width=\"457\" height=\"342\" srcset=\"https:\/\/www.webnauta.it\/wordpress\/wp-content\/uploads\/2018\/06\/gift_card_20.png 640w, https:\/\/www.webnauta.it\/wordpress\/wp-content\/uploads\/2018\/06\/gift_card_20-300x225.png 300w\" sizes=\"auto, (max-width: 457px) 100vw, 457px\" \/><\/a><\/h3>\n<p>Per quanto mi sar\u00e0 possibile, cercher\u00f2 di consegnare personalmente i premi. Altrimenti saranno recapitati a mezzo posta e magari i vincitori ci faranno onore di una foto con il premio ricevuto. \ud83d\ude09<\/p>\n<p>&nbsp;<\/p>\n<h2><span style=\"color: #007add;\">Ringraziamenti<\/span><\/h2>\n<p><span style=\"color: #007add;\"><strong>A tutte le persone che si sono messe in gioco<\/strong><\/span>, perch\u00e9 scrivere con una matrice di prompt ed un limite di caratteri non \u00e8 affatto semplice. Tagliare poi quando le parole sforano la lunghezza consentita pu\u00f2 risultare un vero dramma per l&#8217;autore, lo sappiamo bene! Perci\u00f2 ringrazio tutti i partecipanti che hanno reso entusiasmante e viva la sfida. Noi vi abbiamo letto con onore.<\/p>\n<p><span style=\"color: #007add;\"><strong>Un applauso anche ai giovanissimi<\/strong><\/span>, perch\u00e9 fino all&#8217;ultimo non ne volevano sapere. Troppo difficile: &#8220;Ma sono tutti scrittori veri!&#8221; mi sono sentita rispondere. Il che implica che da qualche parte esistono degli scrittori finti (?!) e che per loro ragazzi, fuori dagli schemi editoriali, che tu sia pubblicato, non pubblicato, self-publisher o pubblicato con l&#8217;EAP, solo per il fatto che scrivi storie, e storie belle, sei uno scrittore.<br \/>\nTutto il resto \u00e8 noia.<\/p>\n<p><span style=\"color: #007add;\"><strong>E poi a tutti i lettori<\/strong><\/span>, perch\u00e9 anche se non vi iscrivete alla newsletter, anche se non mi seguite sui social e non commentate apertamente qui sul blog, molti di voi mi scrivono privatamente, e comunque le statistiche dicono che ci siete e non siete proprio quattro gatti! Se webnauta \u00e8 qui, \u00e8 per merito vostro, nessuno escluso. Vorrei foste meno intimoriti dal dire la vostra (non mangio nessuno, lo giuro! sono pure a dieta!), ma magari un giorno arriver\u00f2 a lamentarmi di avere troppi commenti. \ud83d\ude00<\/p>\n<p><span style=\"color: #007add;\"><strong>Infine, il grazie con lacrimuccia va anche ai signori giudici<\/strong><\/span>, perch\u00e9 non ci pu\u00f2 essere nessun capitano senza una ciurma.<br \/>\nPer ringraziarli di aver letto cos\u00ec assiduamente l&#8217;ultima settimana, ma anche per l&#8217;impegno profuso durante tutti i tre mesi per pubblicizzare il contest sia sui social che nella propria citt\u00e0, ci sono 4 cappellini di webnauta speciali in arrivo! E con la borsa del primo contest, siete attrezzati per qualsiasi avventura adesso!<br \/>\nAnche questi speravo di poterglieli consegnare personalmente, e contavo su una foto tutti insieme del team webnauta, ma non riusciamo mai a metterci d&#8217;accordo per un weekend in comune! O hanno una paura fottuta di incontrare il Capitano&#8230;<\/p>\n<p>&nbsp;<\/p>\n<h2><span style=\"color: #007add;\">E per finire&#8230;<\/span><\/h2>\n<p>Direi che ci siamo meritati tutti una fetta di quella tanto ricercata Clafoutis, no?<br \/>\nLa classica prevede le ciliege sommerse nella crema, ma sono ugualmente gradite la clafoutis alle fragole, alle pesche, all&#8217;uva e ai frutti di bosco. Ecco, io preferisco quest&#8217;ultima versione. Bon App\u00e9tit!<\/p>\n<p>E fate i Bardi! \ud83d\ude09<\/p>\n<p>&nbsp;<\/p>\n<p><a href=\"https:\/\/www.webnauta.it\/wordpress\/wp-content\/uploads\/2018\/09\/Clafoutis_frutti_bosco.jpg\"><img loading=\"lazy\" decoding=\"async\" class=\" wp-image-14182 aligncenter\" src=\"https:\/\/www.webnauta.it\/wordpress\/wp-content\/uploads\/2018\/09\/Clafoutis_frutti_bosco.jpg\" alt=\"Racconti da spiaggia - una fetta di Clafoutis\" width=\"733\" height=\"486\" srcset=\"https:\/\/www.webnauta.it\/wordpress\/wp-content\/uploads\/2018\/09\/Clafoutis_frutti_bosco.jpg 1000w, https:\/\/www.webnauta.it\/wordpress\/wp-content\/uploads\/2018\/09\/Clafoutis_frutti_bosco-300x199.jpg 300w, https:\/\/www.webnauta.it\/wordpress\/wp-content\/uploads\/2018\/09\/Clafoutis_frutti_bosco-768x510.jpg 768w\" sizes=\"auto, (max-width: 733px) 100vw, 733px\" \/><\/a><\/p>\n<p>&nbsp;<\/p>\n","protected":false},"excerpt":{"rendered":"<p>Ebbene si, siamo giunti al gran finale di stagione! Dopo ben tre mesi, il contest Racconti da spiaggia oggi si chiude e proclamiamo i vincitori sul podio. Non \u00e8 stato affatto semplice, con ben 16 racconti in gara e tutti di ottimo livello: i nostri giudici Daniela, Alessandro, Simona e mozzo Federico, dopo una lunga [&hellip;]<\/p>\n","protected":false},"author":1,"featured_media":14183,"comment_status":"open","ping_status":"open","sticky":false,"template":"","format":"standard","meta":{"_monsterinsights_skip_tracking":false,"_monsterinsights_sitenote_active":false,"_monsterinsights_sitenote_note":"","_monsterinsights_sitenote_category":0,"footnotes":""},"categories":[1],"tags":[15],"class_list":["post-14184","post","type-post","status-publish","format-standard","has-post-thumbnail","hentry","category-solo-un-istante","tag-diario"],"yoast_head":"<!-- This site is optimized with the Yoast SEO Premium plugin v26.8 (Yoast SEO v26.8) - https:\/\/yoast.com\/product\/yoast-seo-premium-wordpress\/ -->\n<title>Racconti da spiaggia, chi vince la sfida? - webnauta<\/title>\n<meta name=\"description\" content=\"L&#039;estate sta finendo, la scuola riprende e si chiude il contest Racconti da spiaggia! Chi saranno i vincitori?..webnauta - navigatore in un oceano di parole\" \/>\n<meta name=\"robots\" content=\"index, follow, max-snippet:-1, max-image-preview:large, max-video-preview:-1\" \/>\n<link rel=\"canonical\" href=\"https:\/\/www.webnauta.it\/wordpress\/racconti-da-spiaggia-chi-vince-la-sfida\/\" \/>\n<meta property=\"og:locale\" content=\"it_IT\" \/>\n<meta property=\"og:type\" content=\"article\" \/>\n<meta property=\"og:title\" content=\"Racconti da spiaggia, chi vince la sfida?\" \/>\n<meta property=\"og:description\" content=\"L&#039;estate sta finendo, la scuola riprende e si chiude il contest Racconti da spiaggia! Chi saranno i vincitori?..webnauta - navigatore in un oceano di parole\" \/>\n<meta property=\"og:url\" content=\"https:\/\/www.webnauta.it\/wordpress\/racconti-da-spiaggia-chi-vince-la-sfida\/\" \/>\n<meta property=\"og:site_name\" content=\"webnauta\" \/>\n<meta property=\"article:publisher\" content=\"http:\/\/www.facebook.com\/barbara.businaro.9\" \/>\n<meta property=\"article:author\" content=\"http:\/\/www.facebook.com\/barbara.businaro.9\" \/>\n<meta property=\"article:published_time\" content=\"2018-09-13T04:00:19+00:00\" \/>\n<meta property=\"article:modified_time\" content=\"2021-01-06T15:35:30+00:00\" \/>\n<meta property=\"og:image\" content=\"https:\/\/www.webnauta.it\/wordpress\/wp-content\/uploads\/2018\/09\/Contest_estivo_2018_vincitori.png\" \/>\n\t<meta property=\"og:image:width\" content=\"700\" \/>\n\t<meta property=\"og:image:height\" content=\"426\" \/>\n\t<meta property=\"og:image:type\" content=\"image\/png\" \/>\n<meta name=\"author\" content=\"Barbara Businaro\" \/>\n<meta name=\"twitter:card\" content=\"summary_large_image\" \/>\n<meta name=\"twitter:creator\" content=\"@barbarawebnauta\" \/>\n<meta name=\"twitter:site\" content=\"@barbarawebnauta\" \/>\n<meta name=\"twitter:label1\" content=\"Scritto da\" \/>\n\t<meta name=\"twitter:data1\" content=\"Barbara Businaro\" \/>\n\t<meta name=\"twitter:label2\" content=\"Tempo di lettura stimato\" \/>\n\t<meta name=\"twitter:data2\" content=\"7 minuti\" \/>\n<script type=\"application\/ld+json\" class=\"yoast-schema-graph\">{\"@context\":\"https:\/\/schema.org\",\"@graph\":[{\"@type\":\"Article\",\"@id\":\"https:\/\/www.webnauta.it\/wordpress\/racconti-da-spiaggia-chi-vince-la-sfida\/#article\",\"isPartOf\":{\"@id\":\"https:\/\/www.webnauta.it\/wordpress\/racconti-da-spiaggia-chi-vince-la-sfida\/\"},\"author\":{\"name\":\"Barbara Businaro\",\"@id\":\"https:\/\/www.webnauta.it\/wordpress\/#\/schema\/person\/9a1f7a6e3b52bbe5b9d265d2d671d1a1\"},\"headline\":\"Racconti da spiaggia, chi vince la sfida?\",\"datePublished\":\"2018-09-13T04:00:19+00:00\",\"dateModified\":\"2021-01-06T15:35:30+00:00\",\"mainEntityOfPage\":{\"@id\":\"https:\/\/www.webnauta.it\/wordpress\/racconti-da-spiaggia-chi-vince-la-sfida\/\"},\"wordCount\":1507,\"commentCount\":27,\"publisher\":{\"@id\":\"https:\/\/www.webnauta.it\/wordpress\/#\/schema\/person\/9a1f7a6e3b52bbe5b9d265d2d671d1a1\"},\"image\":{\"@id\":\"https:\/\/www.webnauta.it\/wordpress\/racconti-da-spiaggia-chi-vince-la-sfida\/#primaryimage\"},\"thumbnailUrl\":\"https:\/\/www.webnauta.it\/wordpress\/wp-content\/uploads\/2018\/09\/Contest_estivo_2018_vincitori.png\",\"keywords\":[\"diario di viaggio\"],\"articleSection\":[\"Solo un istante\"],\"inLanguage\":\"it-IT\",\"potentialAction\":[{\"@type\":\"CommentAction\",\"name\":\"Comment\",\"target\":[\"https:\/\/www.webnauta.it\/wordpress\/racconti-da-spiaggia-chi-vince-la-sfida\/#respond\"]}]},{\"@type\":\"WebPage\",\"@id\":\"https:\/\/www.webnauta.it\/wordpress\/racconti-da-spiaggia-chi-vince-la-sfida\/\",\"url\":\"https:\/\/www.webnauta.it\/wordpress\/racconti-da-spiaggia-chi-vince-la-sfida\/\",\"name\":\"Racconti da spiaggia, chi vince la sfida? - webnauta\",\"isPartOf\":{\"@id\":\"https:\/\/www.webnauta.it\/wordpress\/#website\"},\"primaryImageOfPage\":{\"@id\":\"https:\/\/www.webnauta.it\/wordpress\/racconti-da-spiaggia-chi-vince-la-sfida\/#primaryimage\"},\"image\":{\"@id\":\"https:\/\/www.webnauta.it\/wordpress\/racconti-da-spiaggia-chi-vince-la-sfida\/#primaryimage\"},\"thumbnailUrl\":\"https:\/\/www.webnauta.it\/wordpress\/wp-content\/uploads\/2018\/09\/Contest_estivo_2018_vincitori.png\",\"datePublished\":\"2018-09-13T04:00:19+00:00\",\"dateModified\":\"2021-01-06T15:35:30+00:00\",\"description\":\"L'estate sta finendo, la scuola riprende e si chiude il contest Racconti da spiaggia! Chi saranno i vincitori?..webnauta - navigatore in un oceano di parole\",\"breadcrumb\":{\"@id\":\"https:\/\/www.webnauta.it\/wordpress\/racconti-da-spiaggia-chi-vince-la-sfida\/#breadcrumb\"},\"inLanguage\":\"it-IT\",\"potentialAction\":[{\"@type\":\"ReadAction\",\"target\":[\"https:\/\/www.webnauta.it\/wordpress\/racconti-da-spiaggia-chi-vince-la-sfida\/\"]}]},{\"@type\":\"ImageObject\",\"inLanguage\":\"it-IT\",\"@id\":\"https:\/\/www.webnauta.it\/wordpress\/racconti-da-spiaggia-chi-vince-la-sfida\/#primaryimage\",\"url\":\"https:\/\/www.webnauta.it\/wordpress\/wp-content\/uploads\/2018\/09\/Contest_estivo_2018_vincitori.png\",\"contentUrl\":\"https:\/\/www.webnauta.it\/wordpress\/wp-content\/uploads\/2018\/09\/Contest_estivo_2018_vincitori.png\",\"width\":700,\"height\":426,\"caption\":\"Racconti da spiaggia - I vincitori del contest letterario estivo\"},{\"@type\":\"BreadcrumbList\",\"@id\":\"https:\/\/www.webnauta.it\/wordpress\/racconti-da-spiaggia-chi-vince-la-sfida\/#breadcrumb\",\"itemListElement\":[{\"@type\":\"ListItem\",\"position\":1,\"name\":\"Home\",\"item\":\"https:\/\/www.webnauta.it\/wordpress\/\"},{\"@type\":\"ListItem\",\"position\":2,\"name\":\"Racconti da spiaggia, chi vince la sfida?\"}]},{\"@type\":\"WebSite\",\"@id\":\"https:\/\/www.webnauta.it\/wordpress\/#website\",\"url\":\"https:\/\/www.webnauta.it\/wordpress\/\",\"name\":\"webnauta\",\"description\":\"navigatore in un oceano di parole\",\"publisher\":{\"@id\":\"https:\/\/www.webnauta.it\/wordpress\/#\/schema\/person\/9a1f7a6e3b52bbe5b9d265d2d671d1a1\"},\"potentialAction\":[{\"@type\":\"SearchAction\",\"target\":{\"@type\":\"EntryPoint\",\"urlTemplate\":\"https:\/\/www.webnauta.it\/wordpress\/?s={search_term_string}\"},\"query-input\":{\"@type\":\"PropertyValueSpecification\",\"valueRequired\":true,\"valueName\":\"search_term_string\"}}],\"inLanguage\":\"it-IT\"},{\"@type\":[\"Person\",\"Organization\"],\"@id\":\"https:\/\/www.webnauta.it\/wordpress\/#\/schema\/person\/9a1f7a6e3b52bbe5b9d265d2d671d1a1\",\"name\":\"Barbara Businaro\",\"image\":{\"@type\":\"ImageObject\",\"inLanguage\":\"it-IT\",\"@id\":\"https:\/\/www.webnauta.it\/wordpress\/#\/schema\/person\/image\/\",\"url\":\"https:\/\/www.webnauta.it\/wordpress\/wp-content\/uploads\/2020\/02\/BarbaraBusinaro2020_rounded.png\",\"contentUrl\":\"https:\/\/www.webnauta.it\/wordpress\/wp-content\/uploads\/2020\/02\/BarbaraBusinaro2020_rounded.png\",\"width\":500,\"height\":512,\"caption\":\"Barbara Businaro\"},\"logo\":{\"@id\":\"https:\/\/www.webnauta.it\/wordpress\/#\/schema\/person\/image\/\"},\"description\":\"webnauta.it \u2022 Blog personale di Barbara Businaro \u2022 Scrivo, tra una tempesta e l''altra. Chiunque pu\u00f2 tenere il timone quando il mare \u00e8 calmo.\",\"sameAs\":[\"http:\/\/www.webnauta.it\",\"http:\/\/www.facebook.com\/barbara.businaro.9\",\"https:\/\/www.instagram.com\/barbarawebnauta\/\",\"https:\/\/x.com\/barbarawebnauta\"],\"url\":\"https:\/\/www.webnauta.it\/wordpress\/author\/maxadmin\/\"}]}<\/script>\n<!-- \/ Yoast SEO Premium plugin. -->","yoast_head_json":{"title":"Racconti da spiaggia, chi vince la sfida? - webnauta","description":"L'estate sta finendo, la scuola riprende e si chiude il contest Racconti da spiaggia! Chi saranno i vincitori?..webnauta - navigatore in un oceano di parole","robots":{"index":"index","follow":"follow","max-snippet":"max-snippet:-1","max-image-preview":"max-image-preview:large","max-video-preview":"max-video-preview:-1"},"canonical":"https:\/\/www.webnauta.it\/wordpress\/racconti-da-spiaggia-chi-vince-la-sfida\/","og_locale":"it_IT","og_type":"article","og_title":"Racconti da spiaggia, chi vince la sfida?","og_description":"L'estate sta finendo, la scuola riprende e si chiude il contest Racconti da spiaggia! Chi saranno i vincitori?..webnauta - navigatore in un oceano di parole","og_url":"https:\/\/www.webnauta.it\/wordpress\/racconti-da-spiaggia-chi-vince-la-sfida\/","og_site_name":"webnauta","article_publisher":"http:\/\/www.facebook.com\/barbara.businaro.9","article_author":"http:\/\/www.facebook.com\/barbara.businaro.9","article_published_time":"2018-09-13T04:00:19+00:00","article_modified_time":"2021-01-06T15:35:30+00:00","og_image":[{"width":700,"height":426,"url":"https:\/\/www.webnauta.it\/wordpress\/wp-content\/uploads\/2018\/09\/Contest_estivo_2018_vincitori.png","type":"image\/png"}],"author":"Barbara Businaro","twitter_card":"summary_large_image","twitter_creator":"@barbarawebnauta","twitter_site":"@barbarawebnauta","twitter_misc":{"Scritto da":"Barbara Businaro","Tempo di lettura stimato":"7 minuti"},"schema":{"@context":"https:\/\/schema.org","@graph":[{"@type":"Article","@id":"https:\/\/www.webnauta.it\/wordpress\/racconti-da-spiaggia-chi-vince-la-sfida\/#article","isPartOf":{"@id":"https:\/\/www.webnauta.it\/wordpress\/racconti-da-spiaggia-chi-vince-la-sfida\/"},"author":{"name":"Barbara Businaro","@id":"https:\/\/www.webnauta.it\/wordpress\/#\/schema\/person\/9a1f7a6e3b52bbe5b9d265d2d671d1a1"},"headline":"Racconti da spiaggia, chi vince la sfida?","datePublished":"2018-09-13T04:00:19+00:00","dateModified":"2021-01-06T15:35:30+00:00","mainEntityOfPage":{"@id":"https:\/\/www.webnauta.it\/wordpress\/racconti-da-spiaggia-chi-vince-la-sfida\/"},"wordCount":1507,"commentCount":27,"publisher":{"@id":"https:\/\/www.webnauta.it\/wordpress\/#\/schema\/person\/9a1f7a6e3b52bbe5b9d265d2d671d1a1"},"image":{"@id":"https:\/\/www.webnauta.it\/wordpress\/racconti-da-spiaggia-chi-vince-la-sfida\/#primaryimage"},"thumbnailUrl":"https:\/\/www.webnauta.it\/wordpress\/wp-content\/uploads\/2018\/09\/Contest_estivo_2018_vincitori.png","keywords":["diario di viaggio"],"articleSection":["Solo un istante"],"inLanguage":"it-IT","potentialAction":[{"@type":"CommentAction","name":"Comment","target":["https:\/\/www.webnauta.it\/wordpress\/racconti-da-spiaggia-chi-vince-la-sfida\/#respond"]}]},{"@type":"WebPage","@id":"https:\/\/www.webnauta.it\/wordpress\/racconti-da-spiaggia-chi-vince-la-sfida\/","url":"https:\/\/www.webnauta.it\/wordpress\/racconti-da-spiaggia-chi-vince-la-sfida\/","name":"Racconti da spiaggia, chi vince la sfida? - webnauta","isPartOf":{"@id":"https:\/\/www.webnauta.it\/wordpress\/#website"},"primaryImageOfPage":{"@id":"https:\/\/www.webnauta.it\/wordpress\/racconti-da-spiaggia-chi-vince-la-sfida\/#primaryimage"},"image":{"@id":"https:\/\/www.webnauta.it\/wordpress\/racconti-da-spiaggia-chi-vince-la-sfida\/#primaryimage"},"thumbnailUrl":"https:\/\/www.webnauta.it\/wordpress\/wp-content\/uploads\/2018\/09\/Contest_estivo_2018_vincitori.png","datePublished":"2018-09-13T04:00:19+00:00","dateModified":"2021-01-06T15:35:30+00:00","description":"L'estate sta finendo, la scuola riprende e si chiude il contest Racconti da spiaggia! Chi saranno i vincitori?..webnauta - navigatore in un oceano di parole","breadcrumb":{"@id":"https:\/\/www.webnauta.it\/wordpress\/racconti-da-spiaggia-chi-vince-la-sfida\/#breadcrumb"},"inLanguage":"it-IT","potentialAction":[{"@type":"ReadAction","target":["https:\/\/www.webnauta.it\/wordpress\/racconti-da-spiaggia-chi-vince-la-sfida\/"]}]},{"@type":"ImageObject","inLanguage":"it-IT","@id":"https:\/\/www.webnauta.it\/wordpress\/racconti-da-spiaggia-chi-vince-la-sfida\/#primaryimage","url":"https:\/\/www.webnauta.it\/wordpress\/wp-content\/uploads\/2018\/09\/Contest_estivo_2018_vincitori.png","contentUrl":"https:\/\/www.webnauta.it\/wordpress\/wp-content\/uploads\/2018\/09\/Contest_estivo_2018_vincitori.png","width":700,"height":426,"caption":"Racconti da spiaggia - I vincitori del contest letterario estivo"},{"@type":"BreadcrumbList","@id":"https:\/\/www.webnauta.it\/wordpress\/racconti-da-spiaggia-chi-vince-la-sfida\/#breadcrumb","itemListElement":[{"@type":"ListItem","position":1,"name":"Home","item":"https:\/\/www.webnauta.it\/wordpress\/"},{"@type":"ListItem","position":2,"name":"Racconti da spiaggia, chi vince la sfida?"}]},{"@type":"WebSite","@id":"https:\/\/www.webnauta.it\/wordpress\/#website","url":"https:\/\/www.webnauta.it\/wordpress\/","name":"webnauta","description":"navigatore in un oceano di parole","publisher":{"@id":"https:\/\/www.webnauta.it\/wordpress\/#\/schema\/person\/9a1f7a6e3b52bbe5b9d265d2d671d1a1"},"potentialAction":[{"@type":"SearchAction","target":{"@type":"EntryPoint","urlTemplate":"https:\/\/www.webnauta.it\/wordpress\/?s={search_term_string}"},"query-input":{"@type":"PropertyValueSpecification","valueRequired":true,"valueName":"search_term_string"}}],"inLanguage":"it-IT"},{"@type":["Person","Organization"],"@id":"https:\/\/www.webnauta.it\/wordpress\/#\/schema\/person\/9a1f7a6e3b52bbe5b9d265d2d671d1a1","name":"Barbara Businaro","image":{"@type":"ImageObject","inLanguage":"it-IT","@id":"https:\/\/www.webnauta.it\/wordpress\/#\/schema\/person\/image\/","url":"https:\/\/www.webnauta.it\/wordpress\/wp-content\/uploads\/2020\/02\/BarbaraBusinaro2020_rounded.png","contentUrl":"https:\/\/www.webnauta.it\/wordpress\/wp-content\/uploads\/2020\/02\/BarbaraBusinaro2020_rounded.png","width":500,"height":512,"caption":"Barbara Businaro"},"logo":{"@id":"https:\/\/www.webnauta.it\/wordpress\/#\/schema\/person\/image\/"},"description":"webnauta.it \u2022 Blog personale di Barbara Businaro \u2022 Scrivo, tra una tempesta e l''altra. Chiunque pu\u00f2 tenere il timone quando il mare \u00e8 calmo.","sameAs":["http:\/\/www.webnauta.it","http:\/\/www.facebook.com\/barbara.businaro.9","https:\/\/www.instagram.com\/barbarawebnauta\/","https:\/\/x.com\/barbarawebnauta"],"url":"https:\/\/www.webnauta.it\/wordpress\/author\/maxadmin\/"}]}},"_links":{"self":[{"href":"https:\/\/www.webnauta.it\/wordpress\/wp-json\/wp\/v2\/posts\/14184","targetHints":{"allow":["GET"]}}],"collection":[{"href":"https:\/\/www.webnauta.it\/wordpress\/wp-json\/wp\/v2\/posts"}],"about":[{"href":"https:\/\/www.webnauta.it\/wordpress\/wp-json\/wp\/v2\/types\/post"}],"author":[{"embeddable":true,"href":"https:\/\/www.webnauta.it\/wordpress\/wp-json\/wp\/v2\/users\/1"}],"replies":[{"embeddable":true,"href":"https:\/\/www.webnauta.it\/wordpress\/wp-json\/wp\/v2\/comments?post=14184"}],"version-history":[{"count":2,"href":"https:\/\/www.webnauta.it\/wordpress\/wp-json\/wp\/v2\/posts\/14184\/revisions"}],"predecessor-version":[{"id":23420,"href":"https:\/\/www.webnauta.it\/wordpress\/wp-json\/wp\/v2\/posts\/14184\/revisions\/23420"}],"wp:featuredmedia":[{"embeddable":true,"href":"https:\/\/www.webnauta.it\/wordpress\/wp-json\/wp\/v2\/media\/14183"}],"wp:attachment":[{"href":"https:\/\/www.webnauta.it\/wordpress\/wp-json\/wp\/v2\/media?parent=14184"}],"wp:term":[{"taxonomy":"category","embeddable":true,"href":"https:\/\/www.webnauta.it\/wordpress\/wp-json\/wp\/v2\/categories?post=14184"},{"taxonomy":"post_tag","embeddable":true,"href":"https:\/\/www.webnauta.it\/wordpress\/wp-json\/wp\/v2\/tags?post=14184"}],"curies":[{"name":"wp","href":"https:\/\/api.w.org\/{rel}","templated":true}]}}