{"id":12380,"date":"2018-05-11T06:00:11","date_gmt":"2018-05-11T04:00:11","guid":{"rendered":"http:\/\/www.webnauta.it\/wordpress\/?p=12380"},"modified":"2018-12-28T15:48:34","modified_gmt":"2018-12-28T14:48:34","slug":"manteniamociforte","status":"publish","type":"post","link":"https:\/\/www.webnauta.it\/wordpress\/manteniamociforte\/","title":{"rendered":"ManteniamociForte, un libro per ricostruire la biblioteca di Amatrice"},"content":{"rendered":"<p>Sono orgogliosa di presentarvi questo progetto oggi, perch\u00e9 questo libro mi \u00e8 capitato tra le mani, per caso, tramite amici di amici. Una di quelle straordinarie combinazioni che ti fanno davvero credere che siano i libri a trovare te, e mai viceversa. E che ci sia un buon motivo per cui si presentano al tuo cospetto. Non sempre sei tu lettore che hai bisogno di loro, <strong><span style=\"color: #eb212f;\">qualche rara volta sono proprio i libri a chiedere il tuo aiuto.<\/span><\/strong><\/p>\n<p>Ero solo a 70 chilometri in linea d&#8217;aria da Amatrice quel fatidico 24 agosto di due anni fa, e oltre alla paura ci ho lasciato il cuore in quella zona bellissima e cos\u00ec terribilmente martoriata, ricca di persone meravigliose e gentili. Per questo ho partecipato alle antologie solidali di <a href=\"http:\/\/www.webnauta.it\/wordpress\/buck-e-il-terremoto\/\" target=\"_blank\" rel=\"noopener\"><em>Buck e il terremoto<\/em><\/a>, donando anche un mio racconto per il secondo volume <a href=\"http:\/\/www.webnauta.it\/wordpress\/storie-di-gatti\/\" target=\"_blank\" rel=\"noopener\"><em>Storie di gatti<\/em><\/a>, e contribuendo cos\u00ec alla raccolta fondi per gli interventi della Croce Rossa Italiana l\u00ec nelle zone colpite dal sisma del Centro Italia.<\/p>\n<p>Poi qualche settimana fa mi presentano questo libro, <strong><span style=\"color: #eb212f;\">Manteniamoci Forte<\/span><\/strong>, un titolo di per s\u00e9 gi\u00e0 molto evocativo, che riunisce la bellezza di 58 autori di assoluto prestigio, nomi importanti del tessuto lavorativo italiano, con un progetto pi\u00f9 che ambizioso. Quando mi hanno detto infatti che questo piccolo oggetto di carta <strong><span style=\"color: #eb212f;\">si propone di costruire la nuova Biblioteca di Amatrice<\/span><\/strong> (della vecchia sono rimaste solo pietre e calcinacci), potevo io rimanere in disparte a guardare? Lasciarlo da solo in questo arduo compito?<br \/>\nSenza contare che nella bellissima prefazione di Angelo Deiana, Presidente di Confassociazioni (Confederazione Associazioni Professionali) e ANPIB (Associazione Nazionale Private &amp; Investment Bankers) ho trovato le parole giuste: <em>&#8220;Perch\u00e9 andare alla deriva portati dalla corrente quando possiamo governare la nave? Dobbiamo provare a riprendere il mare aperto e trovare una nuova sponda.&#8221;<\/em> Questa \u00e8 una chiamata proprio per i navigatori come noi!<\/p>\n<p>Perch\u00e9 dopo aver soccorso il fisico, dobbiamo ora ricostruire l&#8217;anima. E quale modo migliore se non ripartire dai libri e proprio dalla Biblioteca di Amatrice?<br \/>\nUn libro per i libri. Perch\u00e9 quando l&#8217;ora \u00e8 buia, ci vuole un libro per accendere la luce giusta, un faro che ci guidi nella direzione del domani.<\/p>\n<p><!--more--><\/p>\n<h2><\/h2>\n<h2><span style=\"color: #eb212f;\">Cos&#8217;\u00e8 Formazione Alla Amatriciana<\/span><\/h2>\n<p>All&#8217;alba del terremoto del 24 agosto, vedendo la tragedia scorrere nei collegamenti video sul posto, Sergio Gaglianese capisce che questa volta non si devono commettere gli stessi errori de L&#8217;Aquila del 2009, <strong><span style=\"color: #eb212f;\">occorre portare aiuto subito alle migliaia di sfollati<\/span><\/strong> la cui vita \u00e8 cambiata per sempre in un istante. Dalla sua Calabria, terra che il terremoto lo conosce altrettanto bene, lancia un messaggio in rete sui social, chiedendo collaborazione a colleghi e amici, e a chiunque voglia dare una mano concretamente. Il loro ambiente \u00e8 quello della formazione alle piccole medie imprese, che costituiscono la maggior parte dell&#8217;economia italiana.<br \/>\nE se \u00e8 vero che ci vuole un tetto sulla testa per ripartire a vivere, dobbiamo anche avere uno scopo, un lavoro che ci senta realizzati. E diventa difficile quando anche la tua azienda \u00e8 andata in frantumi!<\/p>\n<p>Questa voce corale di intenti si \u00e8 data un nome, <span style=\"color: #eb212f;\"><strong>Formazione Alla Amatriciana<\/strong><\/span>, proprio per dare valore alla citt\u00e0 cos\u00ec brutalmente distrutta e alla pasta che con pochi e semplici ingredienti diventa un piatto ricco e vigoroso. E proprio dalla formazione sono partiti, con il primo forum svoltosi all&#8217;Hotel Glam di Milano l&#8217;8 ottobre 2016, dove tredici fantastici speaker hanno illustrato le loro idee per ripartire dopo un evento cos\u00ec disastroso.<br \/>\nA questo incontro ne \u00e8 seguito uno proprio ad Amatrice: l&#8217;8 luglio 217 un pullman con il brand Formazione Alla Amatriciana ha portato tutti loro a vedere e toccare con mano quanto \u00e8 andato distrutto del paesaggio, del tessuto lavorativo e del cuore delle persone, e quanto c&#8217;\u00e8 da lavorare per ripartire. Una giornata che tutti raccontano come estremamente emozionante, tra lacrime, sorrisi, abbracci.<\/p>\n<p>Con rinnovato entusiasmo e volont\u00e0 di sovvertire il destino, si sono riuniti nuovamente a Roma il 13 dicembre per il terzo forum di formazione, questa volta addirittura nell&#8217;Aula dei Gruppi Parlamentari e nella Pinacoteca del Tesoriere, con la partecipazione straordinaria della cantante Lighea. Sedi prestigiose perch\u00e9 sono soprattutto le istituzioni che vanno coinvolte per accelerare la ricostruzione. Anche per questo si sono aggiunti pi\u00f9 formatori e imprenditori, per portare maggiori contributi in termini di competenze e esperienza.<br \/>\nOgnuno ha messo un po&#8217; di s\u00e9 in questa iniziativa e <strong><span style=\"color: #eb212f;\">il risultato lo si legge negli occhi di chi vi ha partecipato<\/span><\/strong> di volta in volta.<br \/>\nE poi hanno deciso di convogliare tutte queste esperienze in un libro.<\/p>\n<p><a href=\"http:\/\/www.webnauta.it\/wordpress\/wp-content\/uploads\/2018\/05\/Manteniamociforte-copertina.jpg\"><img loading=\"lazy\" decoding=\"async\" class=\"aligncenter wp-image-12378\" src=\"http:\/\/www.webnauta.it\/wordpress\/wp-content\/uploads\/2018\/05\/Manteniamociforte-copertina-824x1024.jpg\" alt=\"ManteniamociForte - Formazione Alla Amatriciana\" width=\"400\" height=\"497\" srcset=\"https:\/\/www.webnauta.it\/wordpress\/wp-content\/uploads\/2018\/05\/Manteniamociforte-copertina-824x1024.jpg 824w, https:\/\/www.webnauta.it\/wordpress\/wp-content\/uploads\/2018\/05\/Manteniamociforte-copertina-242x300.jpg 242w, https:\/\/www.webnauta.it\/wordpress\/wp-content\/uploads\/2018\/05\/Manteniamociforte-copertina-768x954.jpg 768w, https:\/\/www.webnauta.it\/wordpress\/wp-content\/uploads\/2018\/05\/Manteniamociforte-copertina-600x745.jpg 600w, https:\/\/www.webnauta.it\/wordpress\/wp-content\/uploads\/2018\/05\/Manteniamociforte-copertina.jpg 975w\" sizes=\"auto, (max-width: 400px) 100vw, 400px\" \/><\/a><\/p>\n<h2><\/h2>\n<h2><span style=\"color: #eb212f;\">ManteniamociForte e ricostruiamoci!<\/span><\/h2>\n<p>Da questi bellissimi incontri alla carta stampata, il passo \u00e8 stato breve. Ma ce lo facciamo raccontare direttamente dallo stesso Sergio Gaglianese, Vice Presidente Nazionale di Confassociazioni, nonch\u00e9 artefice di tutto questo progetto. Sergio, che cosa ti ha spinto in questa impresa di raccogliere idee e formazione per Amatrice?<\/p>\n<p><em>L&#8217;idea diciamo che \u00e8 nata, nel mio prologo lo spiego, quando ho visto le prime immagini del terremoto su Sky. E sono rimasto veramente sbigottito perch\u00e9 sembrava la terza guerra mondiale. Ho pensato: dobbiamo portare un aiuto! E soprattutto la mia idea era di continuare a portarne. Sapevo gi\u00e0 come succede in questi casi: all&#8217;inizio tutti corrono, tutti si fanno vedere, tutti si fanno fotografare. E poi dopo se ne dimenticano in fretta.<\/em><br \/>\n<em> Quindi dobbiamo fare <strong><span style=\"color: #eb212f;\">un progetto che possa stare al fianco di queste persone<\/span><\/strong>, non tanto nell&#8217;immediato quando arrivano tutti, ma proprio nel momento in cui calano i riflettori. E poi devo dire che non lo pensavo nemmeno io che la burocrazia colpisse ancora cos\u00ec in maniera indicibile. Oggi sono quasi due anni e non sono stati in grado di consegnare tutte le casette in legno, c&#8217;\u00e8 ancora il 30% delle macerie l\u00ec sul posto, dal giorno del terremoto.<\/em><\/p>\n<p>In effetti anch&#8217;io vedo spesso qualche reportage dalle zone colpite e le notizie non sono ancora buone per le esigenze abitative.<\/p>\n<p><em>E&#8217; per quello che attraverso questo forum ho voluto creare un aiuto concreto, pratico. Ho voluto coinvolgere anche gli startuppers perch\u00e9 se c&#8217;\u00e8 gente che vuole ripartire con il lavoro, possono usufruire dell&#8217;ausilio e dell&#8217;esperienza anche di questi ragazzi che ce l&#8217;hanno fatta. Ovviamente questi giovani imprenditori sono pronti a dare sostegno, anche qualche contributo e soprattutto a stargli vicino. Come Stefano Versace, che ha invaso di gelaterie italiane l&#8217;America, o come Luca Quagliano di NIO Cocktails, che ha anche realizzato il cocktail per Amatrice, che presenteremo presto assieme al libro ManteniamociForte.<\/em><br \/>\n<em> E poi chiaramente ho coinvolto anche la mia sfera personale, Deiana, Cianciotta, Furlan e Lighea, Paneforte, il professor Regina, segretario generale di Confcommercio di Cremona nonch\u00e9 un docente di marketing, Roberto De Donno, esperto delle De.Co. Denominazione Comunale, che si \u00e8 prodigato anche per le De.Co. degli ingredienti della Amatriciana. Ho coinvolto, anche se nel libro non l&#8217;ho scritto, Celestino Ciocca che ha partecipato a due dei tre forum, sia ad Amatrice che a Roma, dove gli ho fatto presentare il brand AmatriC\u2019\u00e8 &#8211; Una terra che non trema.<\/em><br \/>\n<em> Celestino lo conobbi un paio di anni fa, leggendo il suo libro &#8220;<a href=\"https:\/\/www.amazon.it\/dp\/8883912675\" target=\"_blank\" rel=\"noopener\">Eataly mi piace ma io preferisco gli eatalians<\/a>&#8220;. Lui era il fondatore del marchio Eataly, poi venduto a Farinetti. In questa occasione ho chiesto a Celestino di creare un brand per Amatrice, ma un vero City brand, per tutte le attivit\u00e0 correlate che possano servire alla ricostruzione e valorizzazione della cittadina.<\/em><\/p>\n<p>Ad esempio? Quali idee siete pronti a realizzare?<\/p>\n<p><em>Ho parlato l&#8217;altro giorno con Gabriele Conte, il fondatore di <a href=\"https:\/\/www.clioedu.it\/\" target=\"_blank\" rel=\"noopener\">Clioedu<\/a>, quella piattaforma per elearning in streaming. All&#8217;interno del sito noi vorremmo fare non solo riunioni istituzionali, ma anche dei webinar, dando la possibilit\u00e0 di fare formazione a distanza. Poi attraverso una sede fisica l\u00ec ad Amatrice diffondere la formazione anche verso l&#8217;esterno.<\/em><br \/>\n<em> C&#8217;\u00e8 quindi questo concetto di Formazione alla Amatriciana che diventa uno standard qualitativo elevato. Cerchiamo di prendere persone di livello, nei vari settori, per le varie competenze, e creare qualcosa di concreto e utile. E utilizzare questo brand di Amatrice anche con un risvolto solidale.<\/em><br \/>\n<em> Il libro \u00e8 completamente solidale, perch\u00e9 eccetto i costi di stampa e spedizione, l&#8217;intero ricavato va al Comune di Amatrice per la biblioteca. <span style=\"color: #eb212f;\"><strong>Da marzo ad oggi siamo a circa 1000 copie gi\u00e0 vendute.<\/strong><\/span> Ma vorremmo venderne ancora per aumentare il contributo alla biblioteca.<\/em><\/p>\n<p>(Glielo dico che hanno venduto di pi\u00f9 dell\u2019ultimo romanzo di\u2026 no, \u00e8 meglio che sto zitta \ud83d\ude00 )<\/p>\n<p><em>Da oggi il libro ManteniamociForte \u00e8 al Salone del libro di Torino, sabato 12 maggio sar\u00e0 presentato a San Michele di Bari, il 30 maggio a Bari proprio, i primi di giugno a Catanzaro, il 23 giugno a Rimini. Il 30 giugno poi c&#8217;\u00e8 il quarto forum di Formazione alla Amatriciana, durante il quale presenteremo il libro a Napoli.<\/em><\/p>\n<p>Non vorrei dare l&#8217;idea ai lettori per\u00f2 che questa antologia sia solo per imprenditori. Questo \u00e8 un libro per tutti!<\/p>\n<p><em>No no, non \u00e8 solo per imprenditori! Parla anche della resilienza. C&#8217;\u00e8 secondo me un&#8217;eterogeneit\u00e0 di argomenti trattati, che spaziano a 360\u00b0 dal mondo immobiliare al mondo del marketing, alla formazione personale. Ci sono le startup che sono tutti ragazzi giovani. Si va dal mondo digitale all&#8217;economia. Ci sono storie di rinascita non solo lavorativa. E quindi c&#8217;\u00e8 tutto. <strong><span style=\"color: #eb212f;\">\u00c8 un manuale di resilienza.<\/span><\/strong><\/em><\/p>\n<p>Che era in effetti una delle mie <a href=\"http:\/\/www.webnauta.it\/wordpress\/tre-parole-per-una-rotta\/\" target=\"_blank\" rel=\"noopener\"><em>tre parole per il 2016<\/em><\/a>, quelle parole che scelgo a gennaio come guida lungo il corso dei mesi sia come sviluppo personale che come scrittura creativa. Resilienza \u00e8 una parola a me molto cara, conosciuta in circostanze avverse ovviamente, ma che mi ha aiutato molto. Webnauta \u00e8 direi il simbolo della mia resilienza.<br \/>\nCome mai avete deciso di passare dalle esperienze dei forum alla stampa del libro cartaceo?<\/p>\n<p><em>Io l&#8217;idea del libro ce l&#8217;ho avuta gi\u00e0 al primo forum. \u00c8 stata una mia iniziativa, e poi ho coinvolto un po&#8217; il mondo di Confassociazioni, le persone che conoscevo, che a loro volta conoscevano altri, e si \u00e8 creata la rete. Per\u00f2 questa idea del libro per me c\u2019era da subito. Ho avuto la fortuna di trovare Giulia Reina, perch\u00e9 scrivere un libro in tante mani non \u00e8 una cosa semplice. Certi libri scritti da numerosi autori mettono insieme varie storie, ma rischiano di essere sfilacciate. Invece qui Giulia \u00e8 stata molto brava, ha fatto un capolavoro dico io, perch\u00e9 ha legato molto bene ogni contributo.<\/em><\/p>\n<p>In effetti in lettura non si sente un salto tra un testo e l\u2019altro, si avverte un filo nascosto che lega ogni capitolo, pur spaziando dai formatori, agli imprenditori, un po\u2019 di storie personali e racconti di vita. E&#8217; molto armonico nel suo complesso.<\/p>\n<p><em>Alcuni capitoli li ha fatti correggere. Mi viene in mente quello di Paolo Righi, ex presidente di Fiaip degli agenti immobiliari, nel gota dell\u2019immobiliare italiano. Lui \u00e8 molto critico nel suo intervento. Giulia ha detto: &#8220;L\u2019aspetto critico mi piace, ma alla fine mi devi dare qualcosa di costruttivo, perch\u00e9 noi dobbiamo dire s\u00ec quello che non va, per\u00f2 dobbiamo poi dalla protesta andare alla proposta&#8221;. Cos\u00ec Paolo ha indicato i dieci punti, che poi sono divenuti il manifesto immobiliare che hanno presentato anche in Confedilizia e Confassociazioni.<\/em><br \/>\n<em> Comunque abbiamo scritto un libro che sia veramente un manuale della resilienza. <strong><span style=\"color: #eb212f;\">Soprattutto ci sono anche racconti di gente che il terremoto lo ha vissuto in prima persona.<\/span><\/strong><\/em><\/p>\n<p>Perch\u00e8 ManteniamociForte e non ManteniamociForti al plurale?<\/p>\n<p><em>Una vera spiegazione non c\u2019\u00e8, nel senso che quando ci siamo confrontati con Silvio Valzani per il titolo, io ho detto che Formazione Alla Amatriciana deve essere la matrice del progetto, per\u00f2 al libro dobbiamo dare un altro significato, quello di mantenersi forte per poi ripartire. <strong><span style=\"color: #eb212f;\">Quindi Manteniamoci forte, mi mantengo singolarmente forte, per\u00f2 \u00e8 riferito anche alla collettivit\u00e0.<\/span><\/strong><\/em><\/p>\n<p>Perch\u00e9 comunque parte dal singolo il primo scatto di mantenersi forte.<br \/>\n(sono solo io che ci vedo un parallelismo con l\u2019idea del <a href=\"http:\/\/www.webnauta.it\/wordpress\/statistiche-2017\/\" target=\"_blank\" rel=\"noopener\"><em>My Peak Challenge<\/em><\/a>? mantenersi forte nel fisico e nella mente, in gruppo per raggiungere pi\u00f9 risultati? \ud83d\ude09 )<br \/>\nTutto quello che viene raccolto con la vendita del libro va per la costruzione della biblioteca di Amatrice, corretto?<\/p>\n<p><em>Della vecchia biblioteca non \u00e8 rimasto niente. Hanno una nuova biblioteca ora, regalata da Amazon, per\u00f2 \u00e8 un container dove hanno messo dei libri e dei kindle, ma come l\u2019area food sono spazi provvisori, lo stretto necessario prima che possano ripartire tutte le attivit\u00e0. Certo se non tolgono le macerie non possono ancora andare a ricostruire. Devono ancora progettare urbanisticamente come sistemeranno tutta la zona, per capirci.<\/em><br \/>\n<em> Sul sito del Comune c\u2019\u00e8 gi\u00e0 il capitolo di &#8220;<a href=\"https:\/\/www.comune.amatrice.rieti.it\/elenco-adotta-unopera\/\" target=\"_blank\" rel=\"noopener\">Adotta un\u2019opera<\/a>&#8220;: tu scegli l\u2019opera che c&#8217;\u00e8, di cui \u00e8 prevista la costruzione o ristrutturazione, e gi\u00e0 inizi a versare i fondi. Resteranno l\u00ec finch\u00e9 il comune stesso non sar\u00e0 pronto, e infatti adesso inizieremo a versare direttamente a loro.<\/em><\/p>\n<p>C&#8217;\u00e8 una previsione di quando andr\u00e0 costruita la biblioteca? C&#8217;\u00e8 un&#8217;ipotesi sui tempi?<\/p>\n<p><em>Guarda al momento credo nessuno sia in grado di dire se si partir\u00e0 tra sei mesi o un anno, io per\u00f2 penso che da qui ad un anno cominceranno. Per\u00f2 conoscendo i tempi della burocrazia\u2026 Noi avevamo un fiore all\u2019occhiello che ci invidiavano in tutto il mondo, la Protezione Civile, ma sono riusciti a burocratizzare anche quella.<\/em><\/p>\n<p>All&#8217;interno del libro ho trovato un po&#8217; di errori di stampa e qualche refuso, per\u00f2 ho anche letto che siete stati velocissimi ad andare in pubblicazione, poco pi\u00f9 di un mese!<\/p>\n<p><em>Ci siamo dati una tempistica veloce per l\u2019obiettivo della solidariet\u00e0, raccogliere fondi per qualcosa di concreto. Poi mettere insieme 58 autori, che sono anche professionisti impegnati, con dei sovraccarichi di lavoro notevoli, non \u00e8 stato semplice. Il materiale \u00e8 arrivato in fretta e furia. Io gli sfornavo una persona al giorno da aggiungere, dovevamo essere in 13 e abbiamo finito per essere in 58! E se mi davano un altro po\u2019 di tempo arrivavamo a 70! Abbiamo rischiato di scrivere la Divina Commedia!<\/em><br \/>\n<em> Presuntuosamente per\u00f2 dico che sono riuscito a mettere insieme una bella squadra, sono un bel gruppo, soprattutto si \u00e8 creato uno spirito di collaborazione molto bello, costruttivo.<\/em><\/p>\n<p>Pensate di tornare ad Amatrice quest\u2019estate, dopo il quarto forum previsto a Napoli il 30 giugno?<\/p>\n<p><em>Stiamo verificando col vice sindaco Filippo Palombini, perch\u00e9 Pirozzi si \u00e8 dovuto dimettere per incompatibilit\u00e0 con la carica di consigliere regionale, quale potrebbe essere la data migliore per un evento in tal senso. Ma sicuramente <strong><span style=\"color: #eb212f;\">presenteremo ad Amatrice il nostro libro e il cocktail creato da NIO Cocktails sempre per Amatrice.<\/span><\/strong><\/em><\/p>\n<p>Ringrazio Sergio Gaglianese per la bella chiacchierata, che mi ha fatto apprezzare subito lo spirito di unione che aleggia in questo bel progetto.<br \/>\nUna curiosit\u00e0: questa intervista \u00e8 stata trascritta con <a href=\"http:\/\/www.webnauta.it\/wordpress\/voice-typing-scrivere-parlando\/\" target=\"_blank\" rel=\"noopener\"><em>Google Voice Typing<\/em><\/a>, mentre io e Sergio chiacchieravamo al telefono. Questo \u00e8 un esempio di come le innovazioni aiutino a lavorare meglio e velocemente, proprio come alcuni imprenditori spiegano nel libro.<\/p>\n<p>&nbsp;<\/p>\n<p><a href=\"http:\/\/www.webnauta.it\/wordpress\/wp-content\/uploads\/2018\/05\/SergioGaglianese.jpg\"><img loading=\"lazy\" decoding=\"async\" class=\"aligncenter wp-image-12379\" src=\"http:\/\/www.webnauta.it\/wordpress\/wp-content\/uploads\/2018\/05\/SergioGaglianese.jpg\" alt=\"ManteniamociForte - Da un'idea di Sergio Gaglianese\" width=\"400\" height=\"560\" srcset=\"https:\/\/www.webnauta.it\/wordpress\/wp-content\/uploads\/2018\/05\/SergioGaglianese.jpg 1463w, https:\/\/www.webnauta.it\/wordpress\/wp-content\/uploads\/2018\/05\/SergioGaglianese-214x300.jpg 214w, https:\/\/www.webnauta.it\/wordpress\/wp-content\/uploads\/2018\/05\/SergioGaglianese-768x1075.jpg 768w, https:\/\/www.webnauta.it\/wordpress\/wp-content\/uploads\/2018\/05\/SergioGaglianese-732x1024.jpg 732w, https:\/\/www.webnauta.it\/wordpress\/wp-content\/uploads\/2018\/05\/SergioGaglianese-600x840.jpg 600w\" sizes=\"auto, (max-width: 400px) 100vw, 400px\" \/><\/a><\/p>\n<p>E allora vediamola questa meravigliosa squadra di autori. In ordine di apparizione, in questo libro possiamo leggere:<\/p>\n<ul>\n<li>Sergio Pirozzi, Sindaco di Amatrice, oggi consigliere regionale Lazio<\/li>\n<li>Angelo Deiana, Presidente di Confassociazioni e ANPIB<\/li>\n<li>Stefano Cianciotta, Presidente dell&#8217;Osservatorio Nazionale sulle infrastrutture di Confassociazioni, opinionista dei quotidiani Il Foglio e Il Messaggero e delle trasmissioni Uno Mattina (Rai Uno) e Studio 24 (Rai News 24)<\/li>\n<li>Sergio Gaglianese, Vice Presidente Nazionale di Confassociazioni, Responsabile Relazioni Istituzionali Unicasa Italia SpA e FIGIAC<\/li>\n<li>Giulia Reina, curatrice del libro, coordinatrice di progetti sociali nel mondo delle associazioni, socio fondatore dell\u2019associazione culturale ViviAmo le parole.<\/li>\n<li>Enrico Molinari, Portavoce del Presidente di Confassociazioni<\/li>\n<li>Paolo Righi, Presidente di Confassociazioni Immobiliare, componente del Comitato tecnico scientifico di Tecnoborsa<\/li>\n<li>Riccardo Alemanno, Presidente Nazionale dell&#8217;Istituto Nazionale Tributaristi e Presidente dell&#8217;Osservatorio Nazionale sulla fiscalit\u00e0 di Confassociazioni<\/li>\n<li>Adriana Apicella, Direttore Generale Confassociazioni e Vice Presidente Esecutivo Confassociazioni Cultura Spettacolo Moda, giornalista pubblicista che ha lavorato per Rai, Mediaset e SKY<\/li>\n<li>Luca Campagnari (Monte), imprenditore nel settore Real Estate e consulente per Open Source Management<\/li>\n<li>Roberto De Donno, consulente di marketing e comunicazione, massimo esperto delle De.Co. (Denominazioni Comunali)<\/li>\n<li>Stefano De Iaco, consulente di marketing e fotografo professionista<\/li>\n<li>Mara Favaro, Segretario Generale di Confassociazioni Immobiliare, consulente in materia condominiale e immobiliare<\/li>\n<li>Francesco Iuliano, giornalista per la testata Il Quotidiano del Sud, dirigente della FIGC<\/li>\n<li>Emma Moriconi, giornalista per Il Giornale d&#8217;Italia, scrittrice e membro di Radio Amatrice<\/li>\n<li>Clara Trama, event e wedding planner<\/li>\n<li>Mary Troiano, docente e consulente nel Master E-Government e Management della Pubblica Amministrazione presso l&#8217;Universit\u00e0 di Bari<\/li>\n<li>Silvio Valzani, consulente in marketing e comunicazione, sviluppa progettazione grafica, fotografia, videomaking e socialmedia per le aziende<\/li>\n<li>Daniela Zeba, amministratore immobiliare, esperto contabile e formatore nell&#8217;ambito condominiale<\/li>\n<li>Lorenzo Ait, &#8220;Liquidpreneur&#8221; ovvero sviluppo imprenditoriale &#8220;liquido&#8221; in assenza di costi fissi<\/li>\n<li>Giuseppe Arditi, imprenditore fondatore di Ristopi\u00f9 Lombardia, prodotti alimentari per il canale HoReCa<\/li>\n<li>Paola Aronne, membro fondatore di BNi Italia in Romagna, esperta di referral marketing strategico<\/li>\n<li>Barbara Bartoli, Dottore di ricerca in Ingegneria Edilizia e Territoriale, laurea in Architettura, Real Result Coach, PNL Coach e PNL Business Master Practioner<\/li>\n<li>Claudio Cal\u00ec, relazioni pubbliche e comunicazione relazionale, ha lavorato con personaggi del mondo dello spettacolo e prodotto programmi per Rai e SKY<\/li>\n<li>Roberto Carboni, fondatore di NM Magazine, prima rivista nel Network Marketing, ha collaborato con la rivista Millionaire<\/li>\n<li>Andrea Condello, management, strategia di vendita e gestione delle risorse umane, cofondatore di Open Source Management<\/li>\n<li>Virginio De Maio, autore e ricercatore indipendente, fondatore dei portali &#8220;Il Cinema Insegna&#8221; e &#8220;Training with movies&#8221;<\/li>\n<li>Isania Forgione, senior Real Result Coach, specializzata in Life e Team coaching, autrice di saggi, docente di Spagnolo e Inglese<\/li>\n<li>Federica Frasconi, master in Business Process Manager, autrice del metodo Chimera delle &#8220;personalit\u00e0 animali&#8221;<\/li>\n<li>Amadeo Furlan, professore di psicologia comportamentale, ideatore della metodica Psico Health Coaching per le disarmonie psico somatiche<\/li>\n<li>Lucio Gardin, comico, sceneggiatore (anche per Casa Vianello), attore e regista, giornalista satirico per il quotidiano L&#8217;Adige, ha lavorato in radio per Sei Uno Zero con Lillo e Greg<\/li>\n<li>Lighea, cantautrice marchigiana, ha partecipato a Sanremo, al Festivalbar, alla sigla del telefilm &#8220;Dio vede e provvede&#8221; e la colonna sonora di &#8220;Principessa Sissi&#8221;, vocal coach e soul trainer<\/li>\n<li>Alessandro Lo Russo, Presidente di Confassociazioni Coaching, Professional e Master Corporate Coach<\/li>\n<li>Barbara Nipoti, consulente in comunicazione e certificazione di Qualit\u00e0, formazione e coaching, Life-Business e Team<\/li>\n<li>Stefano Paneforte, professore di Organizzazione e gestione Risorse Umane presso l&#8217;Universit\u00e0 Tor Vergata, Presidente emerito del Comitato Scientifico di Confassociazioni<\/li>\n<li>Simone Piperno, counsellor organizzativo specializzato in Analisi Transazionale e PNL<\/li>\n<li>Massimo Del Monte, psicologo, psicoterapeuta, specializzato in Coaching Creativo<\/li>\n<li>Paolo Domenico Regina, Segretario Generale di Confcommercio Cremona, esperto di comunicazione<\/li>\n<li>Michele Sacchetti, socio fondatore e amministratore di Unicasa Italia SpA<\/li>\n<li>Stefano Santori, Master Coach e Trainer di PNL, docente LUISS per i Master e docente per Universitas Mercatorum, responsabile sviluppo e formazione di Assoimprese<\/li>\n<li>Raffaella Scorrano, specializzata in Comunicazione attitudinale e comportamentale, Valorizzazione del territorio, scrive di antropologia e filosofia per la rivista N.O.A.<\/li>\n<li>Paolo Svegli, ingegnere gestionale, coach aziendale e trainer di PNL sistemica<\/li>\n<li>Romano Ugolini, Direttore Commerciale e Marketing della Koch Technology Westfalia, ideatore di Impresa Ecoarea better Living e del Centro polivalente Ecoarea, incubatore di start up innovative<\/li>\n<li>Alessandro Vella, consulente per la crescita personale e del business, ideatore del metodo &#8220;Hack&#8221; per la formazione esperenziale<\/li>\n<li>Marco Vigini, Responsabile Nazionale presso Orienta della business line e della selezione permanente, consulente senior di Eupragma, Presidente AIDP Lombardia<\/li>\n<li>Alessandro Zaltron, giornalista e scrittore, ha collaborato con il Giornale di Vicenza, Il Sole 24 Ore, Confidenze e Donna Moderna, ha inventato i Romanzi d&#8217;Impresa, libri che raccolgono storie di aziende di successo<\/li>\n<li>Sebastiano Zanolli, responsabile commerciale e marketing, \u00e8 stato amministratore delegato di Adidas e Diesel, consulente di personal branding, leadership, motivazione e gestione del tempo<\/li>\n<li>Danilo Beltrante, coach e formatore con la sua azienda Vivere di turismo, ha creato FamilyApartments, franchisign di case vacanze, ha fondato Property Managers Italia che raggruppa i professionisti del turismo residenziale<\/li>\n<li>Stafano Caccavari, ha realizzato il progetto agricolo &#8220;Orto di famiglia&#8221; e sta lavorando per il progetto &#8220;Mulinum&#8221;, riportare a coltivazione i grani antichi e macinarli nei vecchi mulini a pietra rinnovati, con un forno a legna per la produzione di pane e pizza<\/li>\n<li>Roberta Caruso, ceo del progetto Home for Creativity, per la creazione di una rete di strutture colinving, incubatori residenziali per remote worker, coordinatrice della rivista online CalabriaCult<\/li>\n<li>Menia Cutrupi, cofondatore della Dreamlab e ideatrice della piattaforma Cofanetti di coccole, per la creazione di pacchetti emozionali<\/li>\n<li>Vittorio Del Re, fondatore di Promo Retail Group societ\u00e0 specializzata nello sviluppo di reti franchising, \u00e8 stato retail manager di Original Marines e Amplifon<\/li>\n<li>Giuseppe Nappi, consulente aziendale, fiscale e direzionale applicata al Retail, cofondatore di Franchising Manager e Accademia del Franchising<\/li>\n<li>Massimo M. Lucidi, giornalista, esperto di comunicazione e marketing internazionale, ideatore del Premio Eccellenza Italiana a Washington DC<\/li>\n<li>Salvatore Dolce, dottore in Geometria Algebrica presso l&#8217;Universit\u00e0 di Edimburgo e La Sapienza di Roma, fondatore del progetto Laserwall per costruire una piattaforma di interscambio tra il condominio e il quartiere<\/li>\n<li>Paolo Giacovelli, ha fondato una societ\u00e0 di servizi con due riviste mensili all&#8217;attivo (Gazzettino della Valle d&#8217;Itria) ed ha aperto la casa editrice Giacovelli Editore (la stessa con cui viene pubblicato questo libro)<\/li>\n<li>Giuseppe Naccarato, amministratore unico di Altrama Italia, realizzatore del progetto ViaggiArt, migliore startup italiana nel 2014<\/li>\n<li>Eliana Iorfida, responsabile di redazione di Altrama Italia, nel 2013 vince il Premio Letterario Rai &#8220;La Giara&#8221;<\/li>\n<li>Luca Quagliano, key account manager, ha lavorato per Benetton, Calzedonia, Kiko, Levi&#8217;s e Vodafone, ha fondato la startup NIO Cocktails<\/li>\n<li>Stefano Versace, esperto di finanza applicata, ha lavorato per anni come broker prima di fondare la Stefano Versace Gelato che ha ricevuto il premio come migliore gelateria degli Stati Uniti<\/li>\n<\/ul>\n<p>Un elenco di autori di tutto rispetto con cui lustrarsi gli occhi!<br \/>\nPotete richiedere l&#8217;antologia nella vostra libreria di fiducia o ordinarlo online tramite questi canali:<\/p>\n<p><a href=\"http:\/\/www.giacovellieditore.com\/amatrice\" target=\"_blank\" rel=\"noopener\"><em>Giacovelli Editore<\/em><\/a> (con piego di libri raccomandato, arriva in 3 giorni netti! testato e garantito da webnauta \ud83d\ude09 )<br \/>\n<a href=\"https:\/\/www.ibs.it\/manteniamociforte-formazione-alla-amatriciana-libro-vari\/e\/9788899967116\" target=\"_blank\" rel=\"noopener\"><em>IBS.it<\/em><\/a><br \/>\n<a href=\"https:\/\/www.lafeltrinelli.it\/libri\/manteniamociforte-formazione-alla-amatriciana\/9788899967116\" target=\"_blank\" rel=\"noopener\"><em>Feltrinelli<\/em><\/a><br \/>\n<a href=\"http:\/\/www.mondadoristore.it\/manteniamociforte-na\/eai978889996711\/\" target=\"_blank\" rel=\"noopener\"><em>Mondadori<\/em><\/a><br \/>\n<a href=\"https:\/\/www.hoepli.it\/libro\/manteniamociforte-formazione-alla-amatriciana\/9788899967116.html\" target=\"_blank\" rel=\"noopener\"><em>Hoepli<\/em><\/a><br \/>\n<a href=\"https:\/\/www.libreriauniversitaria.it\/manteniamociforte-formazione-amatriciana-giacovelli\/libro\/9788899967116\" target=\"_blank\" rel=\"noopener\"><em>Libreria Universitaria<\/em><\/a><br \/>\n<a href=\"https:\/\/www.amazon.it\/manteniamociforte-Formazione-alla-Amatriciana\/dp\/8899967113\" target=\"_blank\" rel=\"noopener\"><em>Amazon<\/em><\/a><\/p>\n<p>Se volete rimanere aggiornati su questo progetto e sulle presentazioni itineranti del libro, ci sono il sito internet ufficiale <em><a href=\"http:\/\/www.formazioneallamatriciana.it\/\">FormazioneAllaAmatriciana.it<\/a><\/em> e il gruppo Facebook <a href=\"https:\/\/www.facebook.com\/manteniamociforte\/\" target=\"_blank\" rel=\"noopener\"><em>ManteniamociForte\u00a0<\/em><\/a><\/p>\n<h2><span style=\"color: #eb212f;\">Oltre al libro, coccole e cocktail<\/span><\/h2>\n<p>ManteniamociForte non \u00e8 solo il libro, ma anche un insieme di proposte parallele per sostenere, direttamente o indirettamente, Amatrice.<\/p>\n<h4><span style=\"color: #eb212f;\">La casa capovolta di Lighea<\/span><\/h4>\n<p>A breve uscir\u00e0 il libro <em>Vivere in tutte le sue stagioni<\/em> di Amedeo Furlan, con allegato il cd del brano <em>&#8220;La casa capovolta&#8221;<\/em> scritto e interpretato dalla cantante Lighea, all&#8217;interno del progetto Sincerus (&#8220;sine&#8221; senza &#8220;cera&#8221; ossia puro): <em>&#8220;Sincerus affonda le radici nella certezza che sia fondamentale conoscere se stessi, il proprio passato ed il presente, per crescere nell&#8217;evoluzione di ogni propria esistenza, affrontando ogni trauma e ogni difficolt\u00e0 con nuovi occhi e anima rinnovata, che spingono alla bellezza del vivere&#8221;<\/em> dice lei stessa.<br \/>\nIl ricavato di questa edizione cartacea con cd andr\u00e0 sempre alle popolazioni terremotate del Centro Italia. In questi giorni stanno girando anche il videoclip con la partecipazione dell&#8217;attore Arturo Sepe (Gomorra, Squadra Antimafia).<\/p>\n<h4><span style=\"color: #eb212f;\">Mulinum di Stefano Caccavari<\/span><\/h4>\n<p><a href=\"https:\/\/www.mulinum.it\/il-progetto\/\" target=\"_blank\" rel=\"noopener\"><em>Mulinum<\/em><\/a> \u00e8 un progetto con l&#8217;obiettivo di riportare alla semina i grani antichi, col minore contenuto di glutine, da filiera corta e controllata, rilanciando il proprio territorio partendo dall&#8217;agricoltura. Stefano Caccavari \u00e8 partito da San Floro (CZ), dove si trova il primo mulino acquistato grazie al crowdfunding (500 mila euro in tre mesi).<br \/>\nMulinum produce oggi grano, farina e prodotti da forno dolci e salati. A fianco della macina, trova posto anche un piccola ma richiestissima pizzeria. I cento chili di pane Brunetto, sfornati quotidianamente secondo l&#8217;antica ricetta locale, vengono spediti anche in tutta Italia.<br \/>\nNel frattempo, \u00e8 stato acquistato un secondo mulino in Toscana, a Buonconvento (SI), ma l&#8217;idea \u00e8 di espandere l&#8217;iniziativa in tutto il territorio italiano.<\/p>\n<p>&nbsp;<\/p>\n<p><iframe loading=\"lazy\" title=\"il progetto Mulinum - San Floro\" width=\"500\" height=\"281\" src=\"https:\/\/www.youtube.com\/embed\/fwYsWCuLpYE?start=139&#038;feature=oembed\" frameborder=\"0\" allow=\"accelerometer; autoplay; clipboard-write; encrypted-media; gyroscope; picture-in-picture; web-share\" referrerpolicy=\"strict-origin-when-cross-origin\" allowfullscreen><\/iframe><\/p>\n<p><em>Questo contributo video l&#8217;ho inserito in onore del Nostromo Alex di webnauta, toscano e grande guerriero della cucina bio! \ud83d\ude09<\/em><\/p>\n<h4><span style=\"color: #eb212f;\">Home for creativity di Roberta Caruso<\/span><\/h4>\n<p><a href=\"http:\/\/www.homeforcreativity.com\/\" target=\"_blank\" rel=\"noopener\"><em>Home for creativity<\/em><\/a> \u00e8 una residenza (e che paradiso!) per gli artisti, per rallentare il ritmo, ritrovare la musa ispiratrice, lasciarsi andare alla creativit\u00e0. Chi non vorrebbe andarci subito?<br \/>\nSi tratta di un&#8217;esperienza di colinving, dove i viaggiatori, i remote workers, i creativi possano incontrarsi e sviluppare nuove idee e progetti. C&#8217;\u00e8 armonia tra cultura e natura, dove lavorare diventa pure un piacere, lontano dal traffico e dal caos della citt\u00e0. Ma Home for creativity \u00e8 anche un format che pu\u00f2 essere esteso in qualsiasi luogo adatto all&#8217;ispirazione, anche casa vostra se avete gli spazi adeguati.<\/p>\n<h4><span style=\"color: #eb212f;\">Cofanetti di coccole di Menia Cutrupi<\/span><\/h4>\n<p>Menia Cutrupi ha inventato i Cofanetti di coccole, non semplici gift box, ma coccole mirate alla valorizzazione del territorio, esperienze emozionali personalizzate, dal mazzo di fiori alla dolcissima colazione consegnata a casa.<br \/>\nLa <a href=\"https:\/\/www.cofanettidicoccole.it\/cofanetto\/scatola-dei-sogni-amatrice\/\" target=\"_blank\" rel=\"noopener\"><em>Scatola dei Sogni \u201cAmatrice\u201d<\/em><\/a> \u00e8 uno speciale cofanetto dedicato ai piccoli fabbricanti di Sogni, contiene il kit per colorare il quaderno dei sogni e la sacca portasogni per portarlo ovunque.<br \/>\nAnche le aziende possono partecipare all&#8217;iniziativa <a href=\"https:\/\/www.cofanettidicoccole.it\/un-cofanetto-per-amatrice\/\" target=\"_blank\" rel=\"noopener\"><em>&#8220;Un cofanetto per Amatrice&#8221;<\/em><\/a>, acquistando kit di scatole dei sogni personalizzate con il proprio logo.<br \/>\nFino al 31 Dicembre 2018, l\u2019intero ricavato delle vendite della \u201cScatola dei Sogni\u201d sar\u00e0 totalmente destinato alla ricostruzione della Biblioteca Comunale di Amatrice e le scatole acquistate dalle aziende, saranno consegnate fisicamente ai bambini di Amatrice, in occasione della Festa dell\u2019Epifania.<\/p>\n<h4><span style=\"color: #eb212f;\">NIO Cocktails di Luca Quagliano<\/span><\/h4>\n<p><a href=\"https:\/\/nio-cocktails.com\/\" target=\"_blank\" rel=\"noopener\"><em>NIO Cocktails<\/em><\/a> (dove NIO sta per Needs Ice Only, ti serve solo il ghiaccio) \u00e8 l&#8217;idea di poter gustare un buon cocktail tra le pareti domestiche, dove non possiamo sempre avere un barman preparato a servirci. Grazie ad internet e alle consegne a domicilio, la casa \u00e8 diventata la nostra fonte di svago al riparo dallo stress e dai rumori dei locali affollati. Home theater, dirette streaming, qualsiasi tipologia di food italiano o internazionale possono essere ordinati con un click. Mancavano solo un buon Daiquiri o un Mahnattan fresco con ghiaccio. Voi mettete solo il ghiaccio, NIO Cocktails fa il resto.<br \/>\nA breve (si aspettano gli ultimi ingredienti della primavera) sar\u00e0 disponibile all&#8217;acquisto <em>Let the flow start<\/em>, un cocktail speciale realizzato per il Comune di Amatrice e per la sua ricostruzione.<\/p>\n<p>Non so voi, ma questa \u00e8 l&#8217;Italia che mi piace, e ne vorrei decisamente di pi\u00f9!<\/p>\n<p>&nbsp;<\/p>\n<h2><span style=\"color: #eb212f;\">Soprattutto molto cuore<\/span><\/h2>\n<p>Come diceva Sergio, questo non \u00e8 un manuale solo per imprenditori. Non ci sono solo formazione e idee economiche, ma c&#8217;\u00e8 anche molto cuore.<br \/>\nPersonalmente mi sono ritrovata spesso con gli occhi luccicanti per l&#8217;intensit\u00e0 di alcuni interventi. Penso al racconto di Adriana Apicella, che in seguito ad un trauma cranico per incidente perse buona parte della memoria, ma decise di prendere a schiaffi la sua condizione e uscirne rinforzata, con un&#8217;ironia disarmante.<br \/>\nOppure a Luca Campagnari che ha fotografato da vicino i danni del terremoto in Emilia Romagna nel 2012, portando un abbraccio ad un anziano che muto osservava le macerie della sua vita. Ho riletto pi\u00f9 volte le pagine di Emma Moriconi, giornalista, scrittrice e mamma che ha lasciato famiglia e tre romanzi a met\u00e0 per trasferirsi proprio l\u00ec, ad Amatrice, e sostenere anche con la sua voce gli abitanti attraverso Radio Amatrice. C&#8217;\u00e8 poi il contributo di Paolo Svegli, che spiega come la depressione e la malattia mentale della madre l&#8217;hanno portato a mantenersi forte e studiare PNL Programmazione Neuro Linguistica, per mantenere forti anche gli altri.<br \/>\nStraordinario anche come l&#8217;impatto con un Linfoma di Hodgkin abbia trasformato, in meglio, la vita di Danilo Beltrante che decise di scommettere tutto sul suo piccolo bed&amp;breakfast (oggi diventato un franchising per tutto il territorio).<br \/>\nCi sono poi anche le splendide parole di Alessandro Zaltron, giornalista e scrittore di Bassano del Grappa (praticamente qui dietro casa mia! \ud83d\ude42 ):<\/p>\n<blockquote><p>&#8220;I ricordi sono come i sassi di Amatrice che rimangono l\u00ec, dopo il terremoto, e che la coscienza collettiva cerca di spostare perch\u00e9 ingombranti, fastidiosi, confusamente ammassati. Le storie invece riportano quei sassi sulle facciate delle chiese, ricostruiscono le case, la strada principale, il camino del fornaio&#8230; Purtroppo non possono ridare la vita a coloro che sotto le macerie l&#8217;hanno persa, ma hanno il potere di rendere eterno il loro passaggio nel mondo.&#8221;<\/p><\/blockquote>\n<p>Che dirvi di pi\u00f9, se non di correre in libreria?<\/p>\n<p>&nbsp;<\/p>\n<h2><span style=\"color: #eb212f;\">Vi aspettiamo al Salone a Torino!<\/span><\/h2>\n<p>Questo fine settimana trovate il libro in esposizione, e vendita se volete contribuire anche voi, al Salone Internazionale del Libro a Torino, presso lo stand di Giacovelli Editore. Oggi ci trovate proprio Paolo Giacovelli, domenica invece ci sar\u00e0 la curatrice Giulia Reina e&#8230; potrei fare una visitina pure io! \ud83d\ude09<\/p>\n<p><a href=\"http:\/\/www.webnauta.it\/wordpress\/wp-content\/uploads\/2018\/05\/ManteniamociForte_Giacovelli_SaloneLibroTorino.jpg\"><img loading=\"lazy\" decoding=\"async\" class=\"aligncenter wp-image-12377\" src=\"http:\/\/www.webnauta.it\/wordpress\/wp-content\/uploads\/2018\/05\/ManteniamociForte_Giacovelli_SaloneLibroTorino.jpg\" alt=\"ManteniamociForte al Salone del Libro di Torino\" width=\"400\" height=\"566\" srcset=\"https:\/\/www.webnauta.it\/wordpress\/wp-content\/uploads\/2018\/05\/ManteniamociForte_Giacovelli_SaloneLibroTorino.jpg 1447w, https:\/\/www.webnauta.it\/wordpress\/wp-content\/uploads\/2018\/05\/ManteniamociForte_Giacovelli_SaloneLibroTorino-212x300.jpg 212w, https:\/\/www.webnauta.it\/wordpress\/wp-content\/uploads\/2018\/05\/ManteniamociForte_Giacovelli_SaloneLibroTorino-768x1087.jpg 768w, https:\/\/www.webnauta.it\/wordpress\/wp-content\/uploads\/2018\/05\/ManteniamociForte_Giacovelli_SaloneLibroTorino-724x1024.jpg 724w, https:\/\/www.webnauta.it\/wordpress\/wp-content\/uploads\/2018\/05\/ManteniamociForte_Giacovelli_SaloneLibroTorino-600x849.jpg 600w\" sizes=\"auto, (max-width: 400px) 100vw, 400px\" \/><\/a><\/p>\n","protected":false},"excerpt":{"rendered":"<p>Sono orgogliosa di presentarvi questo progetto oggi, perch\u00e9 questo libro mi \u00e8 capitato tra le mani, per caso, tramite amici di amici. Una di quelle straordinarie combinazioni che ti fanno davvero credere che siano i libri a trovare te, e mai viceversa. E che ci sia un buon motivo per cui si presentano al tuo [&hellip;]<\/p>\n","protected":false},"author":1,"featured_media":12376,"comment_status":"open","ping_status":"open","sticky":false,"template":"","format":"standard","meta":{"_monsterinsights_skip_tracking":false,"_monsterinsights_sitenote_active":false,"_monsterinsights_sitenote_note":"","_monsterinsights_sitenote_category":0,"footnotes":""},"categories":[1],"tags":[15,17],"class_list":["post-12380","post","type-post","status-publish","format-standard","has-post-thumbnail","hentry","category-solo-un-istante","tag-diario","tag-libri"],"yoast_head":"<!-- This site is optimized with the Yoast SEO Premium plugin v26.8 (Yoast SEO v26.8) - https:\/\/yoast.com\/product\/yoast-seo-premium-wordpress\/ -->\n<title>ManteniamociForte, un libro per ricostruire la biblioteca di Amatrice - webnauta<\/title>\n<meta name=\"description\" content=\"ManteniamociForte: dai forum Formazione Alla Amatriciana, un libro per ricostruire la biblioteca di Amatrice...webnauta - navigatore in un oceano di parole\" \/>\n<meta name=\"robots\" content=\"index, follow, max-snippet:-1, max-image-preview:large, max-video-preview:-1\" \/>\n<link rel=\"canonical\" href=\"https:\/\/www.webnauta.it\/wordpress\/manteniamociforte\/\" \/>\n<meta property=\"og:locale\" content=\"it_IT\" \/>\n<meta property=\"og:type\" content=\"article\" \/>\n<meta property=\"og:title\" content=\"ManteniamociForte, un libro per ricostruire la biblioteca di Amatrice\" \/>\n<meta property=\"og:description\" content=\"ManteniamociForte: dai forum Formazione Alla Amatriciana, un libro per ricostruire la biblioteca di Amatrice...webnauta - navigatore in un oceano di parole\" \/>\n<meta property=\"og:url\" content=\"https:\/\/www.webnauta.it\/wordpress\/manteniamociforte\/\" \/>\n<meta property=\"og:site_name\" content=\"webnauta\" \/>\n<meta property=\"article:publisher\" content=\"http:\/\/www.facebook.com\/barbara.businaro.9\" \/>\n<meta property=\"article:author\" content=\"http:\/\/www.facebook.com\/barbara.businaro.9\" \/>\n<meta property=\"article:published_time\" content=\"2018-05-11T04:00:11+00:00\" \/>\n<meta property=\"article:modified_time\" content=\"2018-12-28T14:48:34+00:00\" \/>\n<meta property=\"og:image\" content=\"https:\/\/www.webnauta.it\/wordpress\/wp-content\/uploads\/2018\/05\/LibroPerCostruireSogno_iocisono_cover.png\" \/>\n\t<meta property=\"og:image:width\" content=\"640\" \/>\n\t<meta property=\"og:image:height\" content=\"544\" \/>\n\t<meta property=\"og:image:type\" content=\"image\/png\" \/>\n<meta name=\"author\" content=\"Barbara Businaro\" \/>\n<meta name=\"twitter:card\" content=\"summary_large_image\" \/>\n<meta name=\"twitter:creator\" content=\"@barbarawebnauta\" \/>\n<meta name=\"twitter:site\" content=\"@barbarawebnauta\" \/>\n<meta name=\"twitter:label1\" content=\"Scritto da\" \/>\n\t<meta name=\"twitter:data1\" content=\"Barbara Businaro\" \/>\n\t<meta name=\"twitter:label2\" content=\"Tempo di lettura stimato\" \/>\n\t<meta name=\"twitter:data2\" content=\"23 minuti\" \/>\n<script type=\"application\/ld+json\" class=\"yoast-schema-graph\">{\"@context\":\"https:\/\/schema.org\",\"@graph\":[{\"@type\":\"Article\",\"@id\":\"https:\/\/www.webnauta.it\/wordpress\/manteniamociforte\/#article\",\"isPartOf\":{\"@id\":\"https:\/\/www.webnauta.it\/wordpress\/manteniamociforte\/\"},\"author\":{\"name\":\"Barbara Businaro\",\"@id\":\"https:\/\/www.webnauta.it\/wordpress\/#\/schema\/person\/9a1f7a6e3b52bbe5b9d265d2d671d1a1\"},\"headline\":\"ManteniamociForte, un libro per ricostruire la biblioteca di Amatrice\",\"datePublished\":\"2018-05-11T04:00:11+00:00\",\"dateModified\":\"2018-12-28T14:48:34+00:00\",\"mainEntityOfPage\":{\"@id\":\"https:\/\/www.webnauta.it\/wordpress\/manteniamociforte\/\"},\"wordCount\":4722,\"commentCount\":25,\"publisher\":{\"@id\":\"https:\/\/www.webnauta.it\/wordpress\/#\/schema\/person\/9a1f7a6e3b52bbe5b9d265d2d671d1a1\"},\"image\":{\"@id\":\"https:\/\/www.webnauta.it\/wordpress\/manteniamociforte\/#primaryimage\"},\"thumbnailUrl\":\"https:\/\/www.webnauta.it\/wordpress\/wp-content\/uploads\/2018\/05\/LibroPerCostruireSogno_iocisono_cover.png\",\"keywords\":[\"diario di viaggio\",\"libri\"],\"articleSection\":[\"Solo un istante\"],\"inLanguage\":\"it-IT\",\"potentialAction\":[{\"@type\":\"CommentAction\",\"name\":\"Comment\",\"target\":[\"https:\/\/www.webnauta.it\/wordpress\/manteniamociforte\/#respond\"]}]},{\"@type\":\"WebPage\",\"@id\":\"https:\/\/www.webnauta.it\/wordpress\/manteniamociforte\/\",\"url\":\"https:\/\/www.webnauta.it\/wordpress\/manteniamociforte\/\",\"name\":\"ManteniamociForte, un libro per ricostruire la biblioteca di Amatrice - webnauta\",\"isPartOf\":{\"@id\":\"https:\/\/www.webnauta.it\/wordpress\/#website\"},\"primaryImageOfPage\":{\"@id\":\"https:\/\/www.webnauta.it\/wordpress\/manteniamociforte\/#primaryimage\"},\"image\":{\"@id\":\"https:\/\/www.webnauta.it\/wordpress\/manteniamociforte\/#primaryimage\"},\"thumbnailUrl\":\"https:\/\/www.webnauta.it\/wordpress\/wp-content\/uploads\/2018\/05\/LibroPerCostruireSogno_iocisono_cover.png\",\"datePublished\":\"2018-05-11T04:00:11+00:00\",\"dateModified\":\"2018-12-28T14:48:34+00:00\",\"description\":\"ManteniamociForte: dai forum Formazione Alla Amatriciana, un libro per ricostruire la biblioteca di Amatrice...webnauta - navigatore in un oceano di parole\",\"breadcrumb\":{\"@id\":\"https:\/\/www.webnauta.it\/wordpress\/manteniamociforte\/#breadcrumb\"},\"inLanguage\":\"it-IT\",\"potentialAction\":[{\"@type\":\"ReadAction\",\"target\":[\"https:\/\/www.webnauta.it\/wordpress\/manteniamociforte\/\"]}]},{\"@type\":\"ImageObject\",\"inLanguage\":\"it-IT\",\"@id\":\"https:\/\/www.webnauta.it\/wordpress\/manteniamociforte\/#primaryimage\",\"url\":\"https:\/\/www.webnauta.it\/wordpress\/wp-content\/uploads\/2018\/05\/LibroPerCostruireSogno_iocisono_cover.png\",\"contentUrl\":\"https:\/\/www.webnauta.it\/wordpress\/wp-content\/uploads\/2018\/05\/LibroPerCostruireSogno_iocisono_cover.png\",\"width\":640,\"height\":544,\"caption\":\"ManteniamociForte - Un Libro Per Costruire Un Sogno\"},{\"@type\":\"BreadcrumbList\",\"@id\":\"https:\/\/www.webnauta.it\/wordpress\/manteniamociforte\/#breadcrumb\",\"itemListElement\":[{\"@type\":\"ListItem\",\"position\":1,\"name\":\"Home\",\"item\":\"https:\/\/www.webnauta.it\/wordpress\/\"},{\"@type\":\"ListItem\",\"position\":2,\"name\":\"ManteniamociForte, un libro per ricostruire la biblioteca di Amatrice\"}]},{\"@type\":\"WebSite\",\"@id\":\"https:\/\/www.webnauta.it\/wordpress\/#website\",\"url\":\"https:\/\/www.webnauta.it\/wordpress\/\",\"name\":\"webnauta\",\"description\":\"navigatore in un oceano di parole\",\"publisher\":{\"@id\":\"https:\/\/www.webnauta.it\/wordpress\/#\/schema\/person\/9a1f7a6e3b52bbe5b9d265d2d671d1a1\"},\"potentialAction\":[{\"@type\":\"SearchAction\",\"target\":{\"@type\":\"EntryPoint\",\"urlTemplate\":\"https:\/\/www.webnauta.it\/wordpress\/?s={search_term_string}\"},\"query-input\":{\"@type\":\"PropertyValueSpecification\",\"valueRequired\":true,\"valueName\":\"search_term_string\"}}],\"inLanguage\":\"it-IT\"},{\"@type\":[\"Person\",\"Organization\"],\"@id\":\"https:\/\/www.webnauta.it\/wordpress\/#\/schema\/person\/9a1f7a6e3b52bbe5b9d265d2d671d1a1\",\"name\":\"Barbara Businaro\",\"image\":{\"@type\":\"ImageObject\",\"inLanguage\":\"it-IT\",\"@id\":\"https:\/\/www.webnauta.it\/wordpress\/#\/schema\/person\/image\/\",\"url\":\"https:\/\/www.webnauta.it\/wordpress\/wp-content\/uploads\/2020\/02\/BarbaraBusinaro2020_rounded.png\",\"contentUrl\":\"https:\/\/www.webnauta.it\/wordpress\/wp-content\/uploads\/2020\/02\/BarbaraBusinaro2020_rounded.png\",\"width\":500,\"height\":512,\"caption\":\"Barbara Businaro\"},\"logo\":{\"@id\":\"https:\/\/www.webnauta.it\/wordpress\/#\/schema\/person\/image\/\"},\"description\":\"webnauta.it \u2022 Blog personale di Barbara Businaro \u2022 Scrivo, tra una tempesta e l''altra. Chiunque pu\u00f2 tenere il timone quando il mare \u00e8 calmo.\",\"sameAs\":[\"http:\/\/www.webnauta.it\",\"http:\/\/www.facebook.com\/barbara.businaro.9\",\"https:\/\/www.instagram.com\/barbarawebnauta\/\",\"https:\/\/x.com\/barbarawebnauta\"],\"url\":\"https:\/\/www.webnauta.it\/wordpress\/author\/maxadmin\/\"}]}<\/script>\n<!-- \/ Yoast SEO Premium plugin. -->","yoast_head_json":{"title":"ManteniamociForte, un libro per ricostruire la biblioteca di Amatrice - webnauta","description":"ManteniamociForte: dai forum Formazione Alla Amatriciana, un libro per ricostruire la biblioteca di Amatrice...webnauta - navigatore in un oceano di parole","robots":{"index":"index","follow":"follow","max-snippet":"max-snippet:-1","max-image-preview":"max-image-preview:large","max-video-preview":"max-video-preview:-1"},"canonical":"https:\/\/www.webnauta.it\/wordpress\/manteniamociforte\/","og_locale":"it_IT","og_type":"article","og_title":"ManteniamociForte, un libro per ricostruire la biblioteca di Amatrice","og_description":"ManteniamociForte: dai forum Formazione Alla Amatriciana, un libro per ricostruire la biblioteca di Amatrice...webnauta - navigatore in un oceano di parole","og_url":"https:\/\/www.webnauta.it\/wordpress\/manteniamociforte\/","og_site_name":"webnauta","article_publisher":"http:\/\/www.facebook.com\/barbara.businaro.9","article_author":"http:\/\/www.facebook.com\/barbara.businaro.9","article_published_time":"2018-05-11T04:00:11+00:00","article_modified_time":"2018-12-28T14:48:34+00:00","og_image":[{"width":640,"height":544,"url":"https:\/\/www.webnauta.it\/wordpress\/wp-content\/uploads\/2018\/05\/LibroPerCostruireSogno_iocisono_cover.png","type":"image\/png"}],"author":"Barbara Businaro","twitter_card":"summary_large_image","twitter_creator":"@barbarawebnauta","twitter_site":"@barbarawebnauta","twitter_misc":{"Scritto da":"Barbara Businaro","Tempo di lettura stimato":"23 minuti"},"schema":{"@context":"https:\/\/schema.org","@graph":[{"@type":"Article","@id":"https:\/\/www.webnauta.it\/wordpress\/manteniamociforte\/#article","isPartOf":{"@id":"https:\/\/www.webnauta.it\/wordpress\/manteniamociforte\/"},"author":{"name":"Barbara Businaro","@id":"https:\/\/www.webnauta.it\/wordpress\/#\/schema\/person\/9a1f7a6e3b52bbe5b9d265d2d671d1a1"},"headline":"ManteniamociForte, un libro per ricostruire la biblioteca di Amatrice","datePublished":"2018-05-11T04:00:11+00:00","dateModified":"2018-12-28T14:48:34+00:00","mainEntityOfPage":{"@id":"https:\/\/www.webnauta.it\/wordpress\/manteniamociforte\/"},"wordCount":4722,"commentCount":25,"publisher":{"@id":"https:\/\/www.webnauta.it\/wordpress\/#\/schema\/person\/9a1f7a6e3b52bbe5b9d265d2d671d1a1"},"image":{"@id":"https:\/\/www.webnauta.it\/wordpress\/manteniamociforte\/#primaryimage"},"thumbnailUrl":"https:\/\/www.webnauta.it\/wordpress\/wp-content\/uploads\/2018\/05\/LibroPerCostruireSogno_iocisono_cover.png","keywords":["diario di viaggio","libri"],"articleSection":["Solo un istante"],"inLanguage":"it-IT","potentialAction":[{"@type":"CommentAction","name":"Comment","target":["https:\/\/www.webnauta.it\/wordpress\/manteniamociforte\/#respond"]}]},{"@type":"WebPage","@id":"https:\/\/www.webnauta.it\/wordpress\/manteniamociforte\/","url":"https:\/\/www.webnauta.it\/wordpress\/manteniamociforte\/","name":"ManteniamociForte, un libro per ricostruire la biblioteca di Amatrice - webnauta","isPartOf":{"@id":"https:\/\/www.webnauta.it\/wordpress\/#website"},"primaryImageOfPage":{"@id":"https:\/\/www.webnauta.it\/wordpress\/manteniamociforte\/#primaryimage"},"image":{"@id":"https:\/\/www.webnauta.it\/wordpress\/manteniamociforte\/#primaryimage"},"thumbnailUrl":"https:\/\/www.webnauta.it\/wordpress\/wp-content\/uploads\/2018\/05\/LibroPerCostruireSogno_iocisono_cover.png","datePublished":"2018-05-11T04:00:11+00:00","dateModified":"2018-12-28T14:48:34+00:00","description":"ManteniamociForte: dai forum Formazione Alla Amatriciana, un libro per ricostruire la biblioteca di Amatrice...webnauta - navigatore in un oceano di parole","breadcrumb":{"@id":"https:\/\/www.webnauta.it\/wordpress\/manteniamociforte\/#breadcrumb"},"inLanguage":"it-IT","potentialAction":[{"@type":"ReadAction","target":["https:\/\/www.webnauta.it\/wordpress\/manteniamociforte\/"]}]},{"@type":"ImageObject","inLanguage":"it-IT","@id":"https:\/\/www.webnauta.it\/wordpress\/manteniamociforte\/#primaryimage","url":"https:\/\/www.webnauta.it\/wordpress\/wp-content\/uploads\/2018\/05\/LibroPerCostruireSogno_iocisono_cover.png","contentUrl":"https:\/\/www.webnauta.it\/wordpress\/wp-content\/uploads\/2018\/05\/LibroPerCostruireSogno_iocisono_cover.png","width":640,"height":544,"caption":"ManteniamociForte - Un Libro Per Costruire Un Sogno"},{"@type":"BreadcrumbList","@id":"https:\/\/www.webnauta.it\/wordpress\/manteniamociforte\/#breadcrumb","itemListElement":[{"@type":"ListItem","position":1,"name":"Home","item":"https:\/\/www.webnauta.it\/wordpress\/"},{"@type":"ListItem","position":2,"name":"ManteniamociForte, un libro per ricostruire la biblioteca di Amatrice"}]},{"@type":"WebSite","@id":"https:\/\/www.webnauta.it\/wordpress\/#website","url":"https:\/\/www.webnauta.it\/wordpress\/","name":"webnauta","description":"navigatore in un oceano di parole","publisher":{"@id":"https:\/\/www.webnauta.it\/wordpress\/#\/schema\/person\/9a1f7a6e3b52bbe5b9d265d2d671d1a1"},"potentialAction":[{"@type":"SearchAction","target":{"@type":"EntryPoint","urlTemplate":"https:\/\/www.webnauta.it\/wordpress\/?s={search_term_string}"},"query-input":{"@type":"PropertyValueSpecification","valueRequired":true,"valueName":"search_term_string"}}],"inLanguage":"it-IT"},{"@type":["Person","Organization"],"@id":"https:\/\/www.webnauta.it\/wordpress\/#\/schema\/person\/9a1f7a6e3b52bbe5b9d265d2d671d1a1","name":"Barbara Businaro","image":{"@type":"ImageObject","inLanguage":"it-IT","@id":"https:\/\/www.webnauta.it\/wordpress\/#\/schema\/person\/image\/","url":"https:\/\/www.webnauta.it\/wordpress\/wp-content\/uploads\/2020\/02\/BarbaraBusinaro2020_rounded.png","contentUrl":"https:\/\/www.webnauta.it\/wordpress\/wp-content\/uploads\/2020\/02\/BarbaraBusinaro2020_rounded.png","width":500,"height":512,"caption":"Barbara Businaro"},"logo":{"@id":"https:\/\/www.webnauta.it\/wordpress\/#\/schema\/person\/image\/"},"description":"webnauta.it \u2022 Blog personale di Barbara Businaro \u2022 Scrivo, tra una tempesta e l''altra. Chiunque pu\u00f2 tenere il timone quando il mare \u00e8 calmo.","sameAs":["http:\/\/www.webnauta.it","http:\/\/www.facebook.com\/barbara.businaro.9","https:\/\/www.instagram.com\/barbarawebnauta\/","https:\/\/x.com\/barbarawebnauta"],"url":"https:\/\/www.webnauta.it\/wordpress\/author\/maxadmin\/"}]}},"_links":{"self":[{"href":"https:\/\/www.webnauta.it\/wordpress\/wp-json\/wp\/v2\/posts\/12380","targetHints":{"allow":["GET"]}}],"collection":[{"href":"https:\/\/www.webnauta.it\/wordpress\/wp-json\/wp\/v2\/posts"}],"about":[{"href":"https:\/\/www.webnauta.it\/wordpress\/wp-json\/wp\/v2\/types\/post"}],"author":[{"embeddable":true,"href":"https:\/\/www.webnauta.it\/wordpress\/wp-json\/wp\/v2\/users\/1"}],"replies":[{"embeddable":true,"href":"https:\/\/www.webnauta.it\/wordpress\/wp-json\/wp\/v2\/comments?post=12380"}],"version-history":[{"count":1,"href":"https:\/\/www.webnauta.it\/wordpress\/wp-json\/wp\/v2\/posts\/12380\/revisions"}],"predecessor-version":[{"id":12392,"href":"https:\/\/www.webnauta.it\/wordpress\/wp-json\/wp\/v2\/posts\/12380\/revisions\/12392"}],"wp:featuredmedia":[{"embeddable":true,"href":"https:\/\/www.webnauta.it\/wordpress\/wp-json\/wp\/v2\/media\/12376"}],"wp:attachment":[{"href":"https:\/\/www.webnauta.it\/wordpress\/wp-json\/wp\/v2\/media?parent=12380"}],"wp:term":[{"taxonomy":"category","embeddable":true,"href":"https:\/\/www.webnauta.it\/wordpress\/wp-json\/wp\/v2\/categories?post=12380"},{"taxonomy":"post_tag","embeddable":true,"href":"https:\/\/www.webnauta.it\/wordpress\/wp-json\/wp\/v2\/tags?post=12380"}],"curies":[{"name":"wp","href":"https:\/\/api.w.org\/{rel}","templated":true}]}}