{"id":10897,"date":"2018-03-09T06:00:33","date_gmt":"2018-03-09T05:00:33","guid":{"rendered":"http:\/\/www.webnauta.it\/wordpress\/?p=10897"},"modified":"2018-12-28T16:31:42","modified_gmt":"2018-12-28T15:31:42","slug":"una-famiglia-per-claudine","status":"publish","type":"post","link":"https:\/\/www.webnauta.it\/wordpress\/una-famiglia-per-claudine\/","title":{"rendered":"Una famiglia per Claudine"},"content":{"rendered":"<p><em>Questo \u00e8 un &#8220;racconto in divenire&#8221;, nel senso che non sono del tutto convinta su come l&#8217;ho scritto e su come lo dovrei revisionare. Si tratta di uno degli esercizi di scrittura libera dati durante il corso che ho seguito lo scorso novembre: ci venivano date delle immagini, tra cui sceglierne una per nostra ispirazione, e un tema o un incipit su cui lasciar correre la penna per quindici minuti. L&#8217;immagine che avevo scelto \u00e8 questo particolare sguardo malinconico preso dal dipinto &#8220;Girl with the red hat&#8221; di Vermeer e l&#8217;argomento della libera scrittura era &#8220;l&#8217;oggetto del desiderio&#8221;, muovere un personaggio ossessionato da un desiderio incessante. Mi chiesi dove erano rivolti gli occhi di questa fanciulla e quale potesse essere questa ossessione velata di tristezza.<\/em><br \/>\n<em>Ne usc\u00ec il primo paragrafo di questo testo, qualcosa ma non molto. E sono sempre critica con le libere scritture: se come dice Stephen King, scrivere \u00e8 disseppellire il fossile e pulirlo dalla polvere, avendo i minuti contati mi sembra di scambiare per fossile una vecchia ciabatta!\u00a0<\/em><br \/>\n<em>Successivamente, come compito a casa, fu chiesto di completarlo in forma di racconto, costruendo un primo atto con una svolta netta, un secondo atto dove il personaggio affronta la nuova situazione e possibilmente un finale adeguato. Non ricordo quanto tempo ci ho messo, non era libera scrittura a minuti. Del primo paragrafo ho corretto solo la frase in corsivo, luoghi e cognomi per l&#8217;atmosfera parigina, non molto altro. E poi sono andata a completare la storia, anche se non ne sono soddisfatta. Perch\u00e9 quando comincio da una libera scrittura, quel che ne viene dopo mi sembra zoppo, non lo sento nemmeno totalmente mio. Dunque chiedo a voi lettori: cosa c&#8217;\u00e8 qui da rimaneggiare? Cosa salvereste di questo racconto?<\/em><\/p>\n<p><!--more--><\/p>\n<p>&nbsp;<\/p>\n<p>Guardava la vita degli altri scorrerle davanti da quel piccolo Caf\u00e8 in Rue de Bac. Sedeva l\u00ec ogni giorno, almeno un paio d\u2019ore al mattino, a volte vi tornava al pomeriggio se il tempo, il buonumore e la salute glielo consentivano. Osservava minuziosamente le giovani madri passeggiare con i propri pargoli, chiacchierare con le altre donne, salutare i gentiluomini, inchinarsi alle nuove presentazioni. Scrutava le giovinette, accompagnate dalle proprie dame a protezione, nelle prime passeggiate romantiche ufficiali, le guance accaldate, lo sguardo curioso, le mani bramose di contatto con l\u2019amato. Rimaneva incantata di fronte all\u2019ingenua felicit\u00e0 dei fanciulli, che saltellavano ogni presunto ostacolo lungo il marciapiede. Magari nella vita vera fosse stato cos\u00ec semplice. Lei che aveva vissuto la sua infanzia in un orfanotrofio era stata catapultata ferocemente nella vita adulta senza alcuna speranza per il suo futuro. Anni bui come la soffitta dove loro bambini dormivano ogni notte, col solo rumore del tetto scricchiolante a cullarli.<br \/>\nAveva desiderato cos\u00ec ardentemente una famiglia che quando le si present\u00f2 l\u2019occasione stava quasi per rovinare tutto. Madame Jauvry desiderava una figlia a cui trasmettere il suo charme, il suo cognome e le sue sostanze e Claudine era l\u2019unica ad assomigliarle nella fisionomia e nel carattere da risultarle immediatamente affine. Ma Claudine desiderava per s\u00e9 un altro tipo di famiglia, un padre innanzitutto, dei fratelli e delle sorelle per non sentire troppo la mancanza della convivialit\u00e0 dell\u2019orfanotrofio, e una madre giovane che potesse darle amore per molti anni a venire. Madame Jauvry era una signora in buona salute, ma avrebbe potuto essere sua nonna. <em>Ed era vedova.<\/em><br \/>\nIl destino beffardo poi ci mise il suo zampino: nemmeno il tempo di affezionarsi a questa gentile signora, che l\u2019aveva salvata da una vita di miseria e Claudine si era di nuovo ritrovata sola, ricca ma sola. Nuovamente senza famiglia. Cos\u00ec ogni giorno osservava la vita degli altri, cercando di immaginarsene una propria.<\/p>\n<p>&nbsp;<\/p>\n<p>Era ottobre quando si present\u00f2 in casa sua un avvocato, troppo giovane e di bell\u2019aspetto per quella terribile professione, dicendo di portare notizie dell\u2019orfanotrofio e dei suoi veri genitori naturali. La signorina Minoux era giunta alla fine dei suoi giorni e per mondare i propri rimorsi aveva lasciata scritta una lunga confessione dei suoi peccati, tra cui anche la provenienza di alcuni dei fanciulli passati per il suo istituto. Claudine non era la figlia illegittima di un ricco barone e della sua sottomessa cameriera, come le era stato lasciato intendere, ma una neonata strappata all\u2019affetto di un padre e di una madre giovanissimi e promessi dalle rispettive famiglie ad altri matrimoni di convenienza nella nobilt\u00e0 parigina.<br \/>\nL\u2019avvocato Quinet stava cercando di fare luce e ordine nella matassa di intrighi che coinvolgeva decine e decine di bambini non propriamente abbandonati e offr\u00ec a Claudine il proprio aiuto per contattare la sua vera famiglia vent\u2019anni dopo quel triste giorno della sua nascita.<br \/>\n\u201c\u00c8 probabile che loro la stiano ancora cercando, col cuore, ma deve capire che hanno stretto nuovi legami e occorre agire con la massima segretezza. Dobbiamo anche prendere in considerazione che la signorina Minoux potrebbe aver scritto il falso, o essere lei stessa stata raggirata.\u201d<br \/>\nMa Claudine stava gi\u00e0 fantasticando sull\u2019incredibile scenario che le si stava aprendo dinnanzi. Una famiglia, una famiglia tutta sua, un padre da onorare ed una madre da abbracciare, sebbene divisi. Avrebbe dovuto mantenere il cognome acquisito con l\u2019adozione, per non destare certamente scandalo, ma era sempre meglio di niente.<\/p>\n<p>&nbsp;<\/p>\n<p>Era novembre quando l\u2019avvocato Quinet torn\u00f2 con notizie fresche: quanto scritto dalla signorina Minoux era la verit\u00e0 e lui aveva incontrato nelle rispettive residenze i genitori naturali di Claudine, entrambe avevano confermato la storia. Suo padre non desiderava per\u00f2 in alcun modo incontrarla, ponendo in cattiva luce il comportamento della madre di Claudine e soprattutto dei nonni materni, effettivamente responsabili della sottrazione della bambina. L\u2019uomo aveva inoltre incarichi importanti nell\u2019amministrazione della citt\u00e0 parigina e non voleva essere travolto dallo scalpore se la vicenda fosse divenuta pubblica. Le offriva un\u2019ingente somma per il suo silenzio. Il cuore di Claudine pianse lacrime amare.<br \/>\n\u201cSua madre invece vuole conoscerla e l\u2019attende con ansia. Mi \u00e8 parso di capire che conduce una vita alquanto indipendente dal marito e che non ci sar\u00e0 alcun impedimento per frequentarvi, anche alla luce del sole.\u201d Era sempre qualcosa.<\/p>\n<p>&nbsp;<\/p>\n<p>Era dicembre oramai quando l\u2019avvocato Quinet l\u2019accompagn\u00f2 all\u2019incontro con la propria madre. Abitava in periferia, in una villetta signorile circondata da un piccolo giardino. Furono ricevuti dal maggiordomo e serviti da ben due cameriere. La casa e l\u2019arredamento erano eccessivamente sfarzosi, fin troppo ostentati e inadeguati per il quartiere dove si trovavano. Un ottimo preludio per\u00f2 all\u2019opulenza che li accolse nel salottino dove furono introdotti. La donna robusta che li attendeva seduta sul sof\u00e0 vestiva eccentricamente di mussola, trine e nastri, lasciando per\u00f2 in vista il seno prosperoso, il suo viso era una tavola variopinta di colori e il suo sguardo si posava famelico sul vassoio di pasticcini pronto per gli ospiti. Difficile credere che avesse qualcosa in comune con l\u2019esile figura di Claudine.<br \/>\nLei sedette accanto alla madre e l\u2019avvocato si accomod\u00f2 nell\u2019altro divanetto di fronte a loro.<br \/>\nDopo i primi convenevoli, la donna bisbigli\u00f2 all\u2019orecchio di Claudine.<br \/>\n\u201cAvrei bisogno di parlarti da sola, mia cara.\u201d<br \/>\n\u201cSi, certamente. Monsieur Quinet, le spiace lasciarci sole per qualche momento?\u201d<br \/>\nL\u2019uomo si alz\u00f2, s\u2019inchino ed usc\u00ec, non senza rivolgere uno sguardo d\u2019apprensione verso Claudine.<br \/>\nLa donna allora l\u2019abbracci\u00f2 forte e Claudine sent\u00ec il suo profumo pesante invaderle la testa fin quasi soffocarla.<br \/>\n\u201cMia cara, sono cos\u00ec contenta di averti ritrovata. Il tuo avvocato mi dice che sei stata adottata da una nobile di antica famiglia, vero? Cos\u00ec fortunata! Guarda me invece\u2026\u201d e allarg\u00f2 il braccio verso le pareti. \u201cGuarda come sono ridotta. Mio marito mi tiene in ristrettezze!\u201d<br \/>\nSospir\u00f2. \u201cTuo padre, il tuo vero padre intendo, ah, se avessi saputo che sarebbe diventato cos\u00ec importante a Parigi, col diavolo che l\u2019avrei lasciato! Ma che potevo saperne allora? Ero giovane, e temevo di perdere ogni cosa. E invece l\u2019ho persa comunque.\u201d<br \/>\nClaudine sorrise amaramente.<br \/>\n\u201cMa ho di nuovo te mia cara, ed ora non ci perderemo pi\u00f9. Sar\u00f2 finalmente la tua maman. E magari chiss\u00e0, tu potresti anche aiutarmi nelle mie piccole incombenze. Sei stata cos\u00ec fortunata con Madame Jauvry, vorrai condividere un po\u2019 della tua fortuna con maman, oui?\u201d<br \/>\nSe suo padre voleva darle soldi per il silenzio, sua madre voleva invece un rapporto per averne soldi in cambio. Nessuno dei due si avvicinava nemmeno lontanamente ai genitori che lei aveva desiderato.<\/p>\n<p>&nbsp;<\/p>\n<p>Era gennaio quando, sempre in quel piccolo Caf\u00e8 in Rue de Bac, si avvicin\u00f2 l\u2019avvocato Quinet per salutarla. Tornava da un appuntamento con un cliente, sembrava piuttosto frastornato, e si sedette al suo tavolino offrendole una cioccolata calda, che Claudine accett\u00f2 volentieri.<br \/>\n\u201cSe non sono indiscreto, come va con sua madre? La madre naturale intendo.\u201d<br \/>\n\u201cCi sono giorni in cui penso che era meglio per me vivere di sogni, piuttosto che apprendere la realt\u00e0.\u201d<br \/>\nL\u2019uomo annu\u00ec. \u201cSe c\u2019\u00e8 una cosa che ho imparato nella mia professione, e talvolta anche discutendo con mio padre, \u00e8 che \u00e8 inutile crucciarci per il futuro che non ci \u00e8 stato donato. Possiamo solo cercare di crearcelo da soli, lavorando su noi stessi.\u201d<br \/>\nArrossendo non poco, Monsieur Quinet le prese la mano, senza guanti. \u201cLei \u00e8 giovane Claudine. Costruisca lei la famiglia che avrebbe voluto avere. Sono convinto che sar\u00e0 un\u2019ottima madre. Oltre che un\u2019ottima moglie.\u201d<\/p>\n<p>&nbsp;<\/p>\n<p>&nbsp;<\/p>\n","protected":false},"excerpt":{"rendered":"<p>Questo \u00e8 un &#8220;racconto in divenire&#8221;, nel senso che non sono del tutto convinta su come l&#8217;ho scritto e su come lo dovrei revisionare. Si tratta di uno degli esercizi di scrittura libera dati durante il corso che ho seguito lo scorso novembre: ci venivano date delle immagini, tra cui sceglierne una per nostra ispirazione, [&hellip;]<\/p>\n","protected":false},"author":1,"featured_media":10896,"comment_status":"open","ping_status":"open","sticky":false,"template":"","format":"standard","meta":{"_monsterinsights_skip_tracking":false,"_monsterinsights_sitenote_active":false,"_monsterinsights_sitenote_note":"","_monsterinsights_sitenote_category":0,"footnotes":""},"categories":[3],"tags":[21],"class_list":["post-10897","post","type-post","status-publish","format-standard","has-post-thumbnail","hentry","category-racconti-poesie","tag-racconti"],"yoast_head":"<!-- This site is optimized with the Yoast SEO Premium plugin v26.8 (Yoast SEO v26.8) - https:\/\/yoast.com\/product\/yoast-seo-premium-wordpress\/ -->\n<title>Una famiglia per Claudine - webnauta<\/title>\n<meta name=\"description\" content=\"Una famiglia per Claudine \u00e8 un racconto in divenire, un esercizio di libera scrittura o un racconto incompleto..webnauta - navigatore in un oceano di parole\" \/>\n<meta name=\"robots\" content=\"index, follow, max-snippet:-1, max-image-preview:large, max-video-preview:-1\" \/>\n<link rel=\"canonical\" href=\"https:\/\/www.webnauta.it\/wordpress\/una-famiglia-per-claudine\/\" \/>\n<meta property=\"og:locale\" content=\"it_IT\" \/>\n<meta property=\"og:type\" content=\"article\" \/>\n<meta property=\"og:title\" content=\"Una famiglia per Claudine\" \/>\n<meta property=\"og:description\" content=\"Una famiglia per Claudine \u00e8 un racconto in divenire, un esercizio di libera scrittura o un racconto incompleto..webnauta - navigatore in un oceano di parole\" \/>\n<meta property=\"og:url\" content=\"https:\/\/www.webnauta.it\/wordpress\/una-famiglia-per-claudine\/\" \/>\n<meta property=\"og:site_name\" content=\"webnauta\" \/>\n<meta property=\"article:publisher\" content=\"http:\/\/www.facebook.com\/barbara.businaro.9\" \/>\n<meta property=\"article:author\" content=\"http:\/\/www.facebook.com\/barbara.businaro.9\" \/>\n<meta property=\"article:published_time\" content=\"2018-03-09T05:00:33+00:00\" \/>\n<meta property=\"article:modified_time\" content=\"2018-12-28T15:31:42+00:00\" \/>\n<meta property=\"og:image\" content=\"https:\/\/www.webnauta.it\/wordpress\/wp-content\/uploads\/2018\/03\/Vermeer-Fanciulla-con-cappello-rosso-particolare.png\" \/>\n\t<meta property=\"og:image:width\" content=\"640\" \/>\n\t<meta property=\"og:image:height\" content=\"457\" \/>\n\t<meta property=\"og:image:type\" content=\"image\/png\" \/>\n<meta name=\"author\" content=\"Barbara Businaro\" \/>\n<meta name=\"twitter:card\" content=\"summary_large_image\" \/>\n<meta name=\"twitter:creator\" content=\"@barbarawebnauta\" \/>\n<meta name=\"twitter:site\" content=\"@barbarawebnauta\" \/>\n<meta name=\"twitter:label1\" content=\"Scritto da\" \/>\n\t<meta name=\"twitter:data1\" content=\"Barbara Businaro\" \/>\n\t<meta name=\"twitter:label2\" content=\"Tempo di lettura stimato\" \/>\n\t<meta name=\"twitter:data2\" content=\"8 minuti\" \/>\n<script type=\"application\/ld+json\" class=\"yoast-schema-graph\">{\"@context\":\"https:\/\/schema.org\",\"@graph\":[{\"@type\":\"Article\",\"@id\":\"https:\/\/www.webnauta.it\/wordpress\/una-famiglia-per-claudine\/#article\",\"isPartOf\":{\"@id\":\"https:\/\/www.webnauta.it\/wordpress\/una-famiglia-per-claudine\/\"},\"author\":{\"name\":\"Barbara Businaro\",\"@id\":\"https:\/\/www.webnauta.it\/wordpress\/#\/schema\/person\/9a1f7a6e3b52bbe5b9d265d2d671d1a1\"},\"headline\":\"Una famiglia per Claudine\",\"datePublished\":\"2018-03-09T05:00:33+00:00\",\"dateModified\":\"2018-12-28T15:31:42+00:00\",\"mainEntityOfPage\":{\"@id\":\"https:\/\/www.webnauta.it\/wordpress\/una-famiglia-per-claudine\/\"},\"wordCount\":1567,\"commentCount\":37,\"publisher\":{\"@id\":\"https:\/\/www.webnauta.it\/wordpress\/#\/schema\/person\/9a1f7a6e3b52bbe5b9d265d2d671d1a1\"},\"image\":{\"@id\":\"https:\/\/www.webnauta.it\/wordpress\/una-famiglia-per-claudine\/#primaryimage\"},\"thumbnailUrl\":\"https:\/\/www.webnauta.it\/wordpress\/wp-content\/uploads\/2018\/03\/Vermeer-Fanciulla-con-cappello-rosso-particolare.png\",\"keywords\":[\"racconti\"],\"articleSection\":[\"Racconti e poesie\"],\"inLanguage\":\"it-IT\",\"potentialAction\":[{\"@type\":\"CommentAction\",\"name\":\"Comment\",\"target\":[\"https:\/\/www.webnauta.it\/wordpress\/una-famiglia-per-claudine\/#respond\"]}]},{\"@type\":\"WebPage\",\"@id\":\"https:\/\/www.webnauta.it\/wordpress\/una-famiglia-per-claudine\/\",\"url\":\"https:\/\/www.webnauta.it\/wordpress\/una-famiglia-per-claudine\/\",\"name\":\"Una famiglia per Claudine - webnauta\",\"isPartOf\":{\"@id\":\"https:\/\/www.webnauta.it\/wordpress\/#website\"},\"primaryImageOfPage\":{\"@id\":\"https:\/\/www.webnauta.it\/wordpress\/una-famiglia-per-claudine\/#primaryimage\"},\"image\":{\"@id\":\"https:\/\/www.webnauta.it\/wordpress\/una-famiglia-per-claudine\/#primaryimage\"},\"thumbnailUrl\":\"https:\/\/www.webnauta.it\/wordpress\/wp-content\/uploads\/2018\/03\/Vermeer-Fanciulla-con-cappello-rosso-particolare.png\",\"datePublished\":\"2018-03-09T05:00:33+00:00\",\"dateModified\":\"2018-12-28T15:31:42+00:00\",\"description\":\"Una famiglia per Claudine \u00e8 un racconto in divenire, un esercizio di libera scrittura o un racconto incompleto..webnauta - navigatore in un oceano di parole\",\"breadcrumb\":{\"@id\":\"https:\/\/www.webnauta.it\/wordpress\/una-famiglia-per-claudine\/#breadcrumb\"},\"inLanguage\":\"it-IT\",\"potentialAction\":[{\"@type\":\"ReadAction\",\"target\":[\"https:\/\/www.webnauta.it\/wordpress\/una-famiglia-per-claudine\/\"]}]},{\"@type\":\"ImageObject\",\"inLanguage\":\"it-IT\",\"@id\":\"https:\/\/www.webnauta.it\/wordpress\/una-famiglia-per-claudine\/#primaryimage\",\"url\":\"https:\/\/www.webnauta.it\/wordpress\/wp-content\/uploads\/2018\/03\/Vermeer-Fanciulla-con-cappello-rosso-particolare.png\",\"contentUrl\":\"https:\/\/www.webnauta.it\/wordpress\/wp-content\/uploads\/2018\/03\/Vermeer-Fanciulla-con-cappello-rosso-particolare.png\",\"width\":640,\"height\":457,\"caption\":\"Vermeer - Fanciulla con cappello rosso - particolare\"},{\"@type\":\"BreadcrumbList\",\"@id\":\"https:\/\/www.webnauta.it\/wordpress\/una-famiglia-per-claudine\/#breadcrumb\",\"itemListElement\":[{\"@type\":\"ListItem\",\"position\":1,\"name\":\"Home\",\"item\":\"https:\/\/www.webnauta.it\/wordpress\/\"},{\"@type\":\"ListItem\",\"position\":2,\"name\":\"Una famiglia per Claudine\"}]},{\"@type\":\"WebSite\",\"@id\":\"https:\/\/www.webnauta.it\/wordpress\/#website\",\"url\":\"https:\/\/www.webnauta.it\/wordpress\/\",\"name\":\"webnauta\",\"description\":\"navigatore in un oceano di parole\",\"publisher\":{\"@id\":\"https:\/\/www.webnauta.it\/wordpress\/#\/schema\/person\/9a1f7a6e3b52bbe5b9d265d2d671d1a1\"},\"potentialAction\":[{\"@type\":\"SearchAction\",\"target\":{\"@type\":\"EntryPoint\",\"urlTemplate\":\"https:\/\/www.webnauta.it\/wordpress\/?s={search_term_string}\"},\"query-input\":{\"@type\":\"PropertyValueSpecification\",\"valueRequired\":true,\"valueName\":\"search_term_string\"}}],\"inLanguage\":\"it-IT\"},{\"@type\":[\"Person\",\"Organization\"],\"@id\":\"https:\/\/www.webnauta.it\/wordpress\/#\/schema\/person\/9a1f7a6e3b52bbe5b9d265d2d671d1a1\",\"name\":\"Barbara Businaro\",\"image\":{\"@type\":\"ImageObject\",\"inLanguage\":\"it-IT\",\"@id\":\"https:\/\/www.webnauta.it\/wordpress\/#\/schema\/person\/image\/\",\"url\":\"https:\/\/www.webnauta.it\/wordpress\/wp-content\/uploads\/2020\/02\/BarbaraBusinaro2020_rounded.png\",\"contentUrl\":\"https:\/\/www.webnauta.it\/wordpress\/wp-content\/uploads\/2020\/02\/BarbaraBusinaro2020_rounded.png\",\"width\":500,\"height\":512,\"caption\":\"Barbara Businaro\"},\"logo\":{\"@id\":\"https:\/\/www.webnauta.it\/wordpress\/#\/schema\/person\/image\/\"},\"description\":\"webnauta.it \u2022 Blog personale di Barbara Businaro \u2022 Scrivo, tra una tempesta e l''altra. Chiunque pu\u00f2 tenere il timone quando il mare \u00e8 calmo.\",\"sameAs\":[\"http:\/\/www.webnauta.it\",\"http:\/\/www.facebook.com\/barbara.businaro.9\",\"https:\/\/www.instagram.com\/barbarawebnauta\/\",\"https:\/\/x.com\/barbarawebnauta\"],\"url\":\"https:\/\/www.webnauta.it\/wordpress\/author\/maxadmin\/\"}]}<\/script>\n<!-- \/ Yoast SEO Premium plugin. -->","yoast_head_json":{"title":"Una famiglia per Claudine - webnauta","description":"Una famiglia per Claudine \u00e8 un racconto in divenire, un esercizio di libera scrittura o un racconto incompleto..webnauta - navigatore in un oceano di parole","robots":{"index":"index","follow":"follow","max-snippet":"max-snippet:-1","max-image-preview":"max-image-preview:large","max-video-preview":"max-video-preview:-1"},"canonical":"https:\/\/www.webnauta.it\/wordpress\/una-famiglia-per-claudine\/","og_locale":"it_IT","og_type":"article","og_title":"Una famiglia per Claudine","og_description":"Una famiglia per Claudine \u00e8 un racconto in divenire, un esercizio di libera scrittura o un racconto incompleto..webnauta - navigatore in un oceano di parole","og_url":"https:\/\/www.webnauta.it\/wordpress\/una-famiglia-per-claudine\/","og_site_name":"webnauta","article_publisher":"http:\/\/www.facebook.com\/barbara.businaro.9","article_author":"http:\/\/www.facebook.com\/barbara.businaro.9","article_published_time":"2018-03-09T05:00:33+00:00","article_modified_time":"2018-12-28T15:31:42+00:00","og_image":[{"width":640,"height":457,"url":"https:\/\/www.webnauta.it\/wordpress\/wp-content\/uploads\/2018\/03\/Vermeer-Fanciulla-con-cappello-rosso-particolare.png","type":"image\/png"}],"author":"Barbara Businaro","twitter_card":"summary_large_image","twitter_creator":"@barbarawebnauta","twitter_site":"@barbarawebnauta","twitter_misc":{"Scritto da":"Barbara Businaro","Tempo di lettura stimato":"8 minuti"},"schema":{"@context":"https:\/\/schema.org","@graph":[{"@type":"Article","@id":"https:\/\/www.webnauta.it\/wordpress\/una-famiglia-per-claudine\/#article","isPartOf":{"@id":"https:\/\/www.webnauta.it\/wordpress\/una-famiglia-per-claudine\/"},"author":{"name":"Barbara Businaro","@id":"https:\/\/www.webnauta.it\/wordpress\/#\/schema\/person\/9a1f7a6e3b52bbe5b9d265d2d671d1a1"},"headline":"Una famiglia per Claudine","datePublished":"2018-03-09T05:00:33+00:00","dateModified":"2018-12-28T15:31:42+00:00","mainEntityOfPage":{"@id":"https:\/\/www.webnauta.it\/wordpress\/una-famiglia-per-claudine\/"},"wordCount":1567,"commentCount":37,"publisher":{"@id":"https:\/\/www.webnauta.it\/wordpress\/#\/schema\/person\/9a1f7a6e3b52bbe5b9d265d2d671d1a1"},"image":{"@id":"https:\/\/www.webnauta.it\/wordpress\/una-famiglia-per-claudine\/#primaryimage"},"thumbnailUrl":"https:\/\/www.webnauta.it\/wordpress\/wp-content\/uploads\/2018\/03\/Vermeer-Fanciulla-con-cappello-rosso-particolare.png","keywords":["racconti"],"articleSection":["Racconti e poesie"],"inLanguage":"it-IT","potentialAction":[{"@type":"CommentAction","name":"Comment","target":["https:\/\/www.webnauta.it\/wordpress\/una-famiglia-per-claudine\/#respond"]}]},{"@type":"WebPage","@id":"https:\/\/www.webnauta.it\/wordpress\/una-famiglia-per-claudine\/","url":"https:\/\/www.webnauta.it\/wordpress\/una-famiglia-per-claudine\/","name":"Una famiglia per Claudine - webnauta","isPartOf":{"@id":"https:\/\/www.webnauta.it\/wordpress\/#website"},"primaryImageOfPage":{"@id":"https:\/\/www.webnauta.it\/wordpress\/una-famiglia-per-claudine\/#primaryimage"},"image":{"@id":"https:\/\/www.webnauta.it\/wordpress\/una-famiglia-per-claudine\/#primaryimage"},"thumbnailUrl":"https:\/\/www.webnauta.it\/wordpress\/wp-content\/uploads\/2018\/03\/Vermeer-Fanciulla-con-cappello-rosso-particolare.png","datePublished":"2018-03-09T05:00:33+00:00","dateModified":"2018-12-28T15:31:42+00:00","description":"Una famiglia per Claudine \u00e8 un racconto in divenire, un esercizio di libera scrittura o un racconto incompleto..webnauta - navigatore in un oceano di parole","breadcrumb":{"@id":"https:\/\/www.webnauta.it\/wordpress\/una-famiglia-per-claudine\/#breadcrumb"},"inLanguage":"it-IT","potentialAction":[{"@type":"ReadAction","target":["https:\/\/www.webnauta.it\/wordpress\/una-famiglia-per-claudine\/"]}]},{"@type":"ImageObject","inLanguage":"it-IT","@id":"https:\/\/www.webnauta.it\/wordpress\/una-famiglia-per-claudine\/#primaryimage","url":"https:\/\/www.webnauta.it\/wordpress\/wp-content\/uploads\/2018\/03\/Vermeer-Fanciulla-con-cappello-rosso-particolare.png","contentUrl":"https:\/\/www.webnauta.it\/wordpress\/wp-content\/uploads\/2018\/03\/Vermeer-Fanciulla-con-cappello-rosso-particolare.png","width":640,"height":457,"caption":"Vermeer - Fanciulla con cappello rosso - particolare"},{"@type":"BreadcrumbList","@id":"https:\/\/www.webnauta.it\/wordpress\/una-famiglia-per-claudine\/#breadcrumb","itemListElement":[{"@type":"ListItem","position":1,"name":"Home","item":"https:\/\/www.webnauta.it\/wordpress\/"},{"@type":"ListItem","position":2,"name":"Una famiglia per Claudine"}]},{"@type":"WebSite","@id":"https:\/\/www.webnauta.it\/wordpress\/#website","url":"https:\/\/www.webnauta.it\/wordpress\/","name":"webnauta","description":"navigatore in un oceano di parole","publisher":{"@id":"https:\/\/www.webnauta.it\/wordpress\/#\/schema\/person\/9a1f7a6e3b52bbe5b9d265d2d671d1a1"},"potentialAction":[{"@type":"SearchAction","target":{"@type":"EntryPoint","urlTemplate":"https:\/\/www.webnauta.it\/wordpress\/?s={search_term_string}"},"query-input":{"@type":"PropertyValueSpecification","valueRequired":true,"valueName":"search_term_string"}}],"inLanguage":"it-IT"},{"@type":["Person","Organization"],"@id":"https:\/\/www.webnauta.it\/wordpress\/#\/schema\/person\/9a1f7a6e3b52bbe5b9d265d2d671d1a1","name":"Barbara Businaro","image":{"@type":"ImageObject","inLanguage":"it-IT","@id":"https:\/\/www.webnauta.it\/wordpress\/#\/schema\/person\/image\/","url":"https:\/\/www.webnauta.it\/wordpress\/wp-content\/uploads\/2020\/02\/BarbaraBusinaro2020_rounded.png","contentUrl":"https:\/\/www.webnauta.it\/wordpress\/wp-content\/uploads\/2020\/02\/BarbaraBusinaro2020_rounded.png","width":500,"height":512,"caption":"Barbara Businaro"},"logo":{"@id":"https:\/\/www.webnauta.it\/wordpress\/#\/schema\/person\/image\/"},"description":"webnauta.it \u2022 Blog personale di Barbara Businaro \u2022 Scrivo, tra una tempesta e l''altra. Chiunque pu\u00f2 tenere il timone quando il mare \u00e8 calmo.","sameAs":["http:\/\/www.webnauta.it","http:\/\/www.facebook.com\/barbara.businaro.9","https:\/\/www.instagram.com\/barbarawebnauta\/","https:\/\/x.com\/barbarawebnauta"],"url":"https:\/\/www.webnauta.it\/wordpress\/author\/maxadmin\/"}]}},"_links":{"self":[{"href":"https:\/\/www.webnauta.it\/wordpress\/wp-json\/wp\/v2\/posts\/10897","targetHints":{"allow":["GET"]}}],"collection":[{"href":"https:\/\/www.webnauta.it\/wordpress\/wp-json\/wp\/v2\/posts"}],"about":[{"href":"https:\/\/www.webnauta.it\/wordpress\/wp-json\/wp\/v2\/types\/post"}],"author":[{"embeddable":true,"href":"https:\/\/www.webnauta.it\/wordpress\/wp-json\/wp\/v2\/users\/1"}],"replies":[{"embeddable":true,"href":"https:\/\/www.webnauta.it\/wordpress\/wp-json\/wp\/v2\/comments?post=10897"}],"version-history":[{"count":1,"href":"https:\/\/www.webnauta.it\/wordpress\/wp-json\/wp\/v2\/posts\/10897\/revisions"}],"predecessor-version":[{"id":10898,"href":"https:\/\/www.webnauta.it\/wordpress\/wp-json\/wp\/v2\/posts\/10897\/revisions\/10898"}],"wp:featuredmedia":[{"embeddable":true,"href":"https:\/\/www.webnauta.it\/wordpress\/wp-json\/wp\/v2\/media\/10896"}],"wp:attachment":[{"href":"https:\/\/www.webnauta.it\/wordpress\/wp-json\/wp\/v2\/media?parent=10897"}],"wp:term":[{"taxonomy":"category","embeddable":true,"href":"https:\/\/www.webnauta.it\/wordpress\/wp-json\/wp\/v2\/categories?post=10897"},{"taxonomy":"post_tag","embeddable":true,"href":"https:\/\/www.webnauta.it\/wordpress\/wp-json\/wp\/v2\/tags?post=10897"}],"curies":[{"name":"wp","href":"https:\/\/api.w.org\/{rel}","templated":true}]}}